{"id":3008,"date":"2024-04-27T17:03:47","date_gmt":"2024-04-27T20:03:47","guid":{"rendered":"https:\/\/guialimeira.com.br\/2024\/04\/27\/defesa-da-mulher-que-levou-tio-morto-ao-banco-pede-prisao-domiciliar\/"},"modified":"2024-04-27T17:03:47","modified_gmt":"2024-04-27T20:03:47","slug":"defesa-da-mulher-que-levou-tio-morto-ao-banco-pede-prisao-domiciliar","status":"publish","type":"post","link":"https:\/\/guialimeira.com.br\/news\/defesa-da-mulher-que-levou-tio-morto-ao-banco-pede-prisao-domiciliar\/","title":{"rendered":"Defesa da mulher que levou tio morto ao banco pede pris\u00e3o domiciliar"},"content":{"rendered":"<p> <br \/>\n<\/p>\n<div>\n<p>A defesa de \u00c9rika de Souza Vieira Nunes ingressou com um pedido de <em>habeas corpus<\/em>, requisitando pris\u00e3o domiciliar para sua cliente, que est\u00e1 com a <a href=\"https:\/\/agenciabrasil.ebc.com.br\/justica\/noticia\/2024-04\/mulher-que-levou-morto-a-banco-tem-prisao-convertida-em-preventiva\" rel=\"noopener\">pris\u00e3o preventiva decretada <\/a>pela Justi\u00e7a h\u00e1 11 dias. Erika levou o tio, Paulo Roberto Braga, 68 anos, j\u00e1 morto, para receber um empr\u00e9stimo, previamente autorizado, em uma ag\u00eancia banc\u00e1ria em Bangu, na zona oeste do Rio.\u00a0<img data-recalc-dims=\"1\" decoding=\"async\" src=\"https:\/\/i0.wp.com\/agenciabrasil.ebc.com.br\/ebc.png?w=696&#038;ssl=1\" style=\"width:1px; height:1px; display:inline;\"\/><img data-recalc-dims=\"1\" decoding=\"async\" src=\"https:\/\/i0.wp.com\/agenciabrasil.ebc.com.br\/ebc.gif?w=696&#038;ssl=1\" style=\"width:1px; height:1px; display:inline;\"\/><\/p>\n<p>De acordo com advogada Ana Carla Corr\u00eaa, que defende \u00c9rika, sua cliente sofre de depress\u00e3o e n\u00e3o teria percebido que seu tio teria morrido no trajeto para o banco. A defesa tamb\u00e9m entrou nesta sexta-feira (26) com um pedido da revoga\u00e7\u00e3o da pris\u00e3o preventiva de sua cliente para que ela responda ao processo em liberdade.<\/p>\n<p>O Minist\u00e9rio P\u00fablico ainda est\u00e1 dentro do prazo legal de 15 dias para se pronunciar sobre o pedido de soltura ou n\u00e3o de \u00c9rika Vieira. Na semana passada, dois advogados, um de S\u00e3o Paulo e outro do Rio de Janeiro, que n\u00e3o est\u00e3o sub-estabelecidos para defender \u00c9rika, entraram com a\u00e7\u00f5es na Justi\u00e7a e acabaram tumultuando o caso. Como eles n\u00e3o t\u00eam procura\u00e7\u00e3o para atuar na a\u00e7\u00e3o, o presidente da 5a. C\u00e2mara Criminal do Tribunal de Justi\u00e7a, desembargador Cairo Italo Fran\u00e7a David pediu para que a acusada responda no processo quem \u00e9 o respons\u00e1vel por sua defesa.<\/p>\n<p>A ju\u00edza natural do caso \u00e9 a titular da 2a Vara Criminal do F\u00f3rum de Bangu, Luciana Mocco Moreira Lima, que vai decidir se \u00c9rika poder\u00e1 responder \u00e0 Justi\u00e7a em pris\u00e3o domiciliar<\/p>\n<p>\u00c9rika tem resid\u00eancia fixa e morava com quatro filhos, sendo dois menores de 17 e 14 anos. A filha ca\u00e7ula tem retardo no desenvolvimento normal, diagnosticado aos 6 anos de idade. O documento foi anexado pela defesa, com pedido para que a m\u00e3e possa estar perto da filha que necessita de sua presen\u00e7a f\u00edsica.<\/p>\n<p>A advogada Ana Carla Corr\u00eaa esteve hoje (27) pela manh\u00e3 no Complexo de Gericin\u00f3 visitando \u00c9rika para saber como ela est\u00e1 passando e se est\u00e1 tomando normalmente os medicamentos de uso cont\u00ednuo prescritos por seu m\u00e9dico. Segundo a defesa, a acusada est\u00e1 tomando os rem\u00e9dios normalmente, mas apreensiva esperando a decis\u00e3o da Justi\u00e7a.<\/p>\n<\/p><\/div>\n<p><br \/>\n<br \/><a href=\"https:\/\/agenciabrasil.ebc.com.br\/geral\/noticia\/2024-04\/defesa-da-mulher-que-levou-tio-morto-ao-banco-pede-prisao-domiciliar\" rel=\"noopener\">Ag\u00eancia Brasil<\/a><\/p>\n","protected":false},"excerpt":{"rendered":"<p>A defesa de \u00c9rika de Souza Vieira Nunes ingressou com um pedido de habeas corpus, requisitando pris\u00e3o domiciliar para sua cliente, que est\u00e1 com a pris\u00e3o preventiva decretada pela Justi\u00e7a h\u00e1 11 dias. Erika levou o tio, Paulo Roberto Braga, 68 anos, j\u00e1 morto, para receber um empr\u00e9stimo, previamente autorizado, em uma ag\u00eancia banc\u00e1ria em [&hellip;]<\/p>\n","protected":false},"author":1,"featured_media":269,"comment_status":"open","ping_status":"open","sticky":false,"template":"","format":"standard","meta":{"_jetpack_newsletter_access":"","_jetpack_dont_email_post_to_subs":false,"_jetpack_newsletter_tier_id":0,"_jetpack_memberships_contains_paywalled_content":false,"_mbp_banners":[],"_jetpack_feature_clip_id":0,"_jetpack_memberships_contains_paid_content":false,"footnotes":"","jetpack_publicize_message":"","jetpack_publicize_feature_enabled":true,"jetpack_social_post_already_shared":true,"jetpack_social_options":{"image_generator_settings":{"template":"highway","default_image_id":0,"font":"","enabled":false},"version":2},"jetpack_post_was_ever_published":false},"categories":[1],"tags":[],"class_list":["post-3008","post","type-post","status-publish","format-standard","has-post-thumbnail","category-geral"],"jetpack_publicize_connections":[],"jetpack-related-posts":[],"jetpack_shortlink":"https:\/\/wp.me\/p7Eq1F-Mw","jetpack_sharing_enabled":true,"jetpack_featured_media_url":"https:\/\/i0.wp.com\/guialimeira.com.br\/news\/wp-content\/uploads\/2024\/03\/thumb_1200x600_agbrasil.png?fit=1200%2C600&ssl=1","_links":{"self":[{"href":"https:\/\/guialimeira.com.br\/news\/wp-json\/wp\/v2\/posts\/3008","targetHints":{"allow":["GET"]}}],"collection":[{"href":"https:\/\/guialimeira.com.br\/news\/wp-json\/wp\/v2\/posts"}],"about":[{"href":"https:\/\/guialimeira.com.br\/news\/wp-json\/wp\/v2\/types\/post"}],"author":[{"embeddable":true,"href":"https:\/\/guialimeira.com.br\/news\/wp-json\/wp\/v2\/users\/1"}],"replies":[{"embeddable":true,"href":"https:\/\/guialimeira.com.br\/news\/wp-json\/wp\/v2\/comments?post=3008"}],"version-history":[{"count":0,"href":"https:\/\/guialimeira.com.br\/news\/wp-json\/wp\/v2\/posts\/3008\/revisions"}],"wp:featuredmedia":[{"embeddable":true,"href":"https:\/\/guialimeira.com.br\/news\/wp-json\/wp\/v2\/media\/269"}],"wp:attachment":[{"href":"https:\/\/guialimeira.com.br\/news\/wp-json\/wp\/v2\/media?parent=3008"}],"wp:term":[{"taxonomy":"category","embeddable":true,"href":"https:\/\/guialimeira.com.br\/news\/wp-json\/wp\/v2\/categories?post=3008"},{"taxonomy":"post_tag","embeddable":true,"href":"https:\/\/guialimeira.com.br\/news\/wp-json\/wp\/v2\/tags?post=3008"}],"curies":[{"name":"wp","href":"https:\/\/api.w.org\/{rel}","templated":true}]}}