{"id":30070,"date":"2025-04-10T20:14:37","date_gmt":"2025-04-10T23:14:37","guid":{"rendered":"https:\/\/guialimeira.com.br\/?p=30070"},"modified":"2025-04-10T20:14:37","modified_gmt":"2025-04-10T23:14:37","slug":"comissao-de-meio-ambiente-averigua-problemas-de-descarte-de-lixo-em-condominio-de-chacaras","status":"publish","type":"post","link":"https:\/\/guialimeira.com.br\/news\/comissao-de-meio-ambiente-averigua-problemas-de-descarte-de-lixo-em-condominio-de-chacaras\/","title":{"rendered":"Comiss\u00e3o de Meio Ambiente averigua problemas de descarte de lixo em condom\u00ednio de ch\u00e1caras"},"content":{"rendered":"\n<figure class=\"wp-block-gallery has-nested-images columns-default is-cropped wp-block-gallery-1 is-layout-flex wp-block-gallery-is-layout-flex\"><\/figure>\n \r\n<br><img data-recalc-dims=\"1\" decoding=\"async\" src=\"https:\/\/i0.wp.com\/guialimeira.com.br\/wp-content\/uploads\/2025\/04\/2025-04-10_comissao-de-meio-ambiente-problemas-de-descarte-de-lixo-em-condominio-de-chacaras_1.jpg?w=696&#038;ssl=1\" \/><br><div>\n\t\t\t\t\t<p>Na reuni\u00e3o desta quinta-feira, 10 de abril, a Comiss\u00e3o de Meio Ambiente discutiu a dificuldade enfrentada pelos moradores do Recanto dos Laranjais para o descarte adequado do lixo produzido no local. Cerca de 120 fam\u00edlias s\u00e3o propriet\u00e1rias de ch\u00e1caras no condom\u00ednio. \u00a0Para a pr\u00f3xima reuni\u00e3o do colegiado, marcada para o dia 17 de abril de 2024, \u00e0s 15h, ser\u00e3o convidados representantes das secretarias de Obras e Servi\u00e7os P\u00fablicos e de Meio Ambiente e Agricultura. O tema ser\u00e1 a coleta de lixo nos n\u00facleos rurais em Limeira.\u00a0<\/p><p>Em rela\u00e7\u00e3o ao Recanto dos Laranjais, os vereadores solicitaram informa\u00e7\u00f5es \u00e0 Prefeitura sobre a possibilidade de definir um local pr\u00f3ximo para descarte tanto de forma provis\u00f3ria como definitiva. O vereador Helder do T\u00e1xi (MDB) disse que conversou com lideran\u00e7a da Associa\u00e7\u00e3o de Propriet\u00e1rios da Ch\u00e1cara Recanto dos Laranjais que informou que havia uma ca\u00e7amba em uma via de servid\u00e3o a 50 metros do condom\u00ednio para recolhimento dos res\u00edduos produzidos, mas foi retirada h\u00e1 dez dias.\u00a0\u00a0\u00a0\u00a0\u00a0\u00a0<\/p><p>A Comiss\u00e3o recomendou ao Poder Executivo que estude a possibilidade de um local definitivo para esta a\u00e7\u00e3o nos v\u00e1rios n\u00facleos regularizados da regi\u00e3o.\u00a0<\/p><p><strong>Sobre a Comiss\u00e3o<\/strong><\/p><p>S\u00e3o atribui\u00e7\u00f5es dos membros fiscalizar a implementa\u00e7\u00e3o de pol\u00edticas p\u00fablicas com tem\u00e1tica relacionada \u00e0 legisla\u00e7\u00e3o de defesa do meio ambiente, agricultura, recursos h\u00eddricos, saneamento, polui\u00e7\u00e3o ambiental, flora, fauna, controle e prote\u00e7\u00e3o animal, solo e desenvolvimento sustent\u00e1vel. Compete ainda ao colegiado receber den\u00fancias de viola\u00e7\u00e3o dos direitos dos animais, al\u00e9m de estudar e propor altera\u00e7\u00f5es na legisla\u00e7\u00e3o ambiental.\u00a0<\/p><p>Fazem parte do colegiado os vereadores Felipe Penedo (PL), presidente; Tatiane Lopes (Avante), vice-presidente e Helder do Taxi (PSD) secret\u00e1rio. As reuni\u00f5es acontecem regimentalmente \u00e0s quintas-feiras, \u00e0s 15h. Todas as delibera\u00e7\u00f5es foram registradas em <a href=\"https:\/\/consulta.limeira.sp.leg.br\/Sessoes\/Documento\/374480\" rel=\"noopener\">ata<\/a>.\u00a0\u00a0<\/p>\t\t\t\t<\/div>\r\n<br>\r\n<br><a href=\"https:\/\/www.limeira.sp.leg.br\/noticias\/view\/2025-04-10_comissao-de-meio-ambiente-averigua-problemas-de-descarte-de-lixo-em-condominio-de-chacaras\" rel=\"noopener\">Informa\u00e7\u00f5es CML <\/a>","protected":false},"excerpt":{"rendered":"<p>Na reuni\u00e3o desta quinta-feira, 10 de abril, a Comiss\u00e3o de Meio Ambiente discutiu a dificuldade enfrentada pelos moradores do Recanto dos Laranjais para o descarte adequado do lixo produzido no local. Cerca de 120 fam\u00edlias s\u00e3o propriet\u00e1rias de ch\u00e1caras no condom\u00ednio. \u00a0Para a pr\u00f3xima reuni\u00e3o do colegiado, marcada para o dia 17 de abril de [&hellip;]<\/p>\n","protected":false},"author":1,"featured_media":30071,"comment_status":"open","ping_status":"open","sticky":false,"template":"","format":"standard","meta":{"_jetpack_newsletter_access":"","_jetpack_dont_email_post_to_subs":false,"_jetpack_newsletter_tier_id":0,"_jetpack_memberships_contains_paywalled_content":false,"_mbp_banners":[],"_jetpack_feature_clip_id":0,"_jetpack_memberships_contains_paid_content":false,"footnotes":"","jetpack_publicize_message":"","jetpack_publicize_feature_enabled":true,"jetpack_social_post_already_shared":true,"jetpack_social_options":{"image_generator_settings":{"template":"highway","default_image_id":0,"font":"","enabled":false},"version":2},"jetpack_post_was_ever_published":false},"categories":[19],"tags":[],"class_list":["post-30070","post","type-post","status-publish","format-standard","has-post-thumbnail","category-politica"],"jetpack_publicize_connections":[],"jetpack-related-posts":[],"jetpack_shortlink":"https:\/\/wp.me\/p7Eq1F-7P0","jetpack_sharing_enabled":true,"jetpack_featured_media_url":"https:\/\/i0.wp.com\/guialimeira.com.br\/news\/wp-content\/uploads\/2025\/04\/Comissao-de-Meio-Ambiente-averigua-problemas-de-descarte-de-lixo.jpg?fit=1280%2C640&ssl=1","_links":{"self":[{"href":"https:\/\/guialimeira.com.br\/news\/wp-json\/wp\/v2\/posts\/30070","targetHints":{"allow":["GET"]}}],"collection":[{"href":"https:\/\/guialimeira.com.br\/news\/wp-json\/wp\/v2\/posts"}],"about":[{"href":"https:\/\/guialimeira.com.br\/news\/wp-json\/wp\/v2\/types\/post"}],"author":[{"embeddable":true,"href":"https:\/\/guialimeira.com.br\/news\/wp-json\/wp\/v2\/users\/1"}],"replies":[{"embeddable":true,"href":"https:\/\/guialimeira.com.br\/news\/wp-json\/wp\/v2\/comments?post=30070"}],"version-history":[{"count":1,"href":"https:\/\/guialimeira.com.br\/news\/wp-json\/wp\/v2\/posts\/30070\/revisions"}],"predecessor-version":[{"id":30072,"href":"https:\/\/guialimeira.com.br\/news\/wp-json\/wp\/v2\/posts\/30070\/revisions\/30072"}],"wp:featuredmedia":[{"embeddable":true,"href":"https:\/\/guialimeira.com.br\/news\/wp-json\/wp\/v2\/media\/30071"}],"wp:attachment":[{"href":"https:\/\/guialimeira.com.br\/news\/wp-json\/wp\/v2\/media?parent=30070"}],"wp:term":[{"taxonomy":"category","embeddable":true,"href":"https:\/\/guialimeira.com.br\/news\/wp-json\/wp\/v2\/categories?post=30070"},{"taxonomy":"post_tag","embeddable":true,"href":"https:\/\/guialimeira.com.br\/news\/wp-json\/wp\/v2\/tags?post=30070"}],"curies":[{"name":"wp","href":"https:\/\/api.w.org\/{rel}","templated":true}]}}