{"id":30060,"date":"2025-04-10T19:13:27","date_gmt":"2025-04-10T22:13:27","guid":{"rendered":"https:\/\/guialimeira.com.br\/?p=30060"},"modified":"2025-04-10T19:13:27","modified_gmt":"2025-04-10T22:13:27","slug":"comissao-de-seguranca-publica-agenda-reuniao-para-debater-violencia-contra-a-mulher","status":"publish","type":"post","link":"https:\/\/guialimeira.com.br\/news\/comissao-de-seguranca-publica-agenda-reuniao-para-debater-violencia-contra-a-mulher\/","title":{"rendered":"Comiss\u00e3o de Seguran\u00e7a P\u00fablica agenda reuni\u00e3o para debater viol\u00eancia contra a mulher"},"content":{"rendered":"\n<figure class=\"wp-block-gallery has-nested-images columns-default is-cropped wp-block-gallery-1 is-layout-flex wp-block-gallery-is-layout-flex\"><\/figure>\n \r\n<br><img data-recalc-dims=\"1\" decoding=\"async\" src=\"https:\/\/i0.wp.com\/guialimeira.com.br\/wp-content\/uploads\/2025\/04\/2025-04-10_comissao-de-seguranca-publica-agenda-reuniao-para-debater-violencia-contra-a-mulher_1.jpg?w=696&#038;ssl=1\" \/><br><div>\n\t\t\t\t\t<p>A Comiss\u00e3o de Seguran\u00e7a P\u00fablica agendou para 24 de abril (quinta-feira), \u00e0s 15h, no Plen\u00e1rio da C\u00e2mara uma reuni\u00e3o para discutir quest\u00f5es relacionadas \u00e0 seguran\u00e7a da mulher v\u00edtima de viol\u00eancia. Ser\u00e3o convidados com transmiss\u00e3o e grava\u00e7\u00e3o oficiais. Ser\u00e3o convidados representantes da Prefeitura, da Defensoria P\u00fablica do Estado de S\u00e3o Paulo, da Pol\u00edcia Militar, Pol\u00edcia Civil e Guarda Civil Municipal (GCM), al\u00e9m de entidades que atuam como rede de apoio \u00e0s mulheres.\u00a0\u00a0<\/p><p>A reuni\u00e3o, segundo o colegiado, tem como objetivo debater pol\u00edticas p\u00fablicas, a\u00e7\u00f5es integradas e iniciativas de combate \u00e0 viol\u00eancia contra a mulher.<\/p><p>Entre os convidados est\u00e3o as vereadoras do Legislativo limeirense, integrantes do Conselho Municipal da Condi\u00e7\u00e3o Feminina, da Rede Elza Tank de Atendimento Integrado \u00e0 Mulher em Situa\u00e7\u00e3o de Viol\u00eancia, membros da Comiss\u00e3o Permanente de Direitos Humanos da C\u00e2mara, o presidente da Ordem dos Advogados do Brasil (OAB), Subse\u00e7\u00e3o de Limeira, M\u00e1rcio Fernandes Silva, e o secret\u00e1rio de Educa\u00e7\u00e3o, Ant\u00f4nio Montesano Neto.\u00a0\u00a0\u00a0\u00a0<\/p><p>Tamb\u00e9m ser\u00e3o expedidos convites ao presidente do Centro de Promo\u00e7\u00e3o Social Municipal (Ceprosom), Dimas Peruzza, para representantes da Delegacia de Defesa da Mulher (DDM), da CGM, respons\u00e1veis pela Patrulha Maria da Penha; da Pol\u00edcia Militar, a presidente do Fundo Social de Limeira, Luciana F\u00e9lix, a defensora P\u00fablica Mariana Borgheresi Duarte, a ex-vereadora e ex-prefeita Erika Tank, e a procuradora Especial da Mulher, Lu Bogo (PL).\u00a0\u00a0<\/p><p>O debate ser\u00e1 transmitido ao vivo pelos canais de Comunica\u00e7\u00e3o da Casa no <a href=\"https:\/\/www.youtube.com\/user\/camaradelimeira\" rel=\"noopener\">Youtube<\/a>,<a href=\"https:\/\/www.facebook.com\/camaradelimeira\/\" rel=\"noopener\"> Facebook<\/a> e<a href=\"http:\/\/www.limeira.sp.leg.br\/sessoes\/aovivo\" rel=\"noopener\"> site<\/a>.<\/p>\t\t\t\t<\/div>\r\n<br>\r\n<br><a href=\"https:\/\/www.limeira.sp.leg.br\/noticias\/view\/2025-04-10_comissao-de-seguranca-publica-agenda-reuniao-para-debater-violencia-contra-a-mulher\" rel=\"noopener\">Informa\u00e7\u00f5es CML <\/a>","protected":false},"excerpt":{"rendered":"<p>A Comiss\u00e3o de Seguran\u00e7a P\u00fablica agendou para 24 de abril (quinta-feira), \u00e0s 15h, no Plen\u00e1rio da C\u00e2mara uma reuni\u00e3o para discutir quest\u00f5es relacionadas \u00e0 seguran\u00e7a da mulher v\u00edtima de viol\u00eancia. Ser\u00e3o convidados com transmiss\u00e3o e grava\u00e7\u00e3o oficiais. Ser\u00e3o convidados representantes da Prefeitura, da Defensoria P\u00fablica do Estado de S\u00e3o Paulo, da Pol\u00edcia Militar, Pol\u00edcia Civil [&hellip;]<\/p>\n","protected":false},"author":1,"featured_media":30061,"comment_status":"open","ping_status":"open","sticky":false,"template":"","format":"standard","meta":{"_jetpack_newsletter_access":"","_jetpack_dont_email_post_to_subs":false,"_jetpack_newsletter_tier_id":0,"_jetpack_memberships_contains_paywalled_content":false,"_mbp_banners":[],"_jetpack_feature_clip_id":0,"_jetpack_memberships_contains_paid_content":false,"footnotes":"","jetpack_publicize_message":"","jetpack_publicize_feature_enabled":true,"jetpack_social_post_already_shared":true,"jetpack_social_options":{"image_generator_settings":{"template":"highway","default_image_id":0,"font":"","enabled":false},"version":2},"jetpack_post_was_ever_published":false},"categories":[19],"tags":[],"class_list":["post-30060","post","type-post","status-publish","format-standard","has-post-thumbnail","category-politica"],"jetpack_publicize_connections":[],"jetpack-related-posts":[],"jetpack_shortlink":"https:\/\/wp.me\/p7Eq1F-7OQ","jetpack_sharing_enabled":true,"jetpack_featured_media_url":"https:\/\/i0.wp.com\/guialimeira.com.br\/news\/wp-content\/uploads\/2025\/04\/Comissao-de-Seguranca-Publica-agenda-reuniao-para-debater-violencia-contra.jpg?fit=1280%2C640&ssl=1","_links":{"self":[{"href":"https:\/\/guialimeira.com.br\/news\/wp-json\/wp\/v2\/posts\/30060","targetHints":{"allow":["GET"]}}],"collection":[{"href":"https:\/\/guialimeira.com.br\/news\/wp-json\/wp\/v2\/posts"}],"about":[{"href":"https:\/\/guialimeira.com.br\/news\/wp-json\/wp\/v2\/types\/post"}],"author":[{"embeddable":true,"href":"https:\/\/guialimeira.com.br\/news\/wp-json\/wp\/v2\/users\/1"}],"replies":[{"embeddable":true,"href":"https:\/\/guialimeira.com.br\/news\/wp-json\/wp\/v2\/comments?post=30060"}],"version-history":[{"count":1,"href":"https:\/\/guialimeira.com.br\/news\/wp-json\/wp\/v2\/posts\/30060\/revisions"}],"predecessor-version":[{"id":30062,"href":"https:\/\/guialimeira.com.br\/news\/wp-json\/wp\/v2\/posts\/30060\/revisions\/30062"}],"wp:featuredmedia":[{"embeddable":true,"href":"https:\/\/guialimeira.com.br\/news\/wp-json\/wp\/v2\/media\/30061"}],"wp:attachment":[{"href":"https:\/\/guialimeira.com.br\/news\/wp-json\/wp\/v2\/media?parent=30060"}],"wp:term":[{"taxonomy":"category","embeddable":true,"href":"https:\/\/guialimeira.com.br\/news\/wp-json\/wp\/v2\/categories?post=30060"},{"taxonomy":"post_tag","embeddable":true,"href":"https:\/\/guialimeira.com.br\/news\/wp-json\/wp\/v2\/tags?post=30060"}],"curies":[{"name":"wp","href":"https:\/\/api.w.org\/{rel}","templated":true}]}}