{"id":3006,"date":"2024-04-27T16:02:45","date_gmt":"2024-04-27T19:02:45","guid":{"rendered":"https:\/\/guialimeira.com.br\/2024\/04\/27\/papa-francisco-recebe-dilma-rousseff-no-vaticano\/"},"modified":"2024-04-27T16:02:45","modified_gmt":"2024-04-27T19:02:45","slug":"papa-francisco-recebe-dilma-rousseff-no-vaticano","status":"publish","type":"post","link":"https:\/\/guialimeira.com.br\/news\/papa-francisco-recebe-dilma-rousseff-no-vaticano\/","title":{"rendered":"Papa Francisco recebe Dilma Rousseff no Vaticano"},"content":{"rendered":"<p> <br \/>\n<\/p>\n<div>\n<p>O papa Francisco recebeu neste s\u00e1bado, no Vaticano, a ex-presidenta\u00a0Dilma Rousseff, atual presidenta do Novo Banco de Desenvolvimento, tamb\u00e9m conhecido como Banco do Brics.\u00a0<img data-recalc-dims=\"1\" decoding=\"async\" src=\"https:\/\/i0.wp.com\/agenciabrasil.ebc.com.br\/ebc.png?w=696&#038;ssl=1\" style=\"width:1px; height:1px; display:inline;\"\/><img data-recalc-dims=\"1\" decoding=\"async\" src=\"https:\/\/i0.wp.com\/agenciabrasil.ebc.com.br\/ebc.gif?w=696&#038;ssl=1\" style=\"width:1px; height:1px; display:inline;\"\/><\/p>\n<p>Nas redes sociais, Dilma ressaltou que o papa \u00e9 um homem profundamente comprometido com os destinos da humanidade. \u201cFalamos sobre os grandes desafios da humanidade: o combate \u00e0 desigualdade e \u00e0 fome, a transi\u00e7\u00e3o energ\u00e9tica e as a\u00e7\u00f5es necess\u00e1rias para enfrentar as mudan\u00e7as clim\u00e1ticas\u201d, escreveu.<\/p>\n<p>Segundo o Vaticano, Dilma presenteou o Papa com o livro <em>Theodoro Sampaio. Nos sert\u00f5es e na cidade<\/em>, obra de Ademir Pereira dos Santos. O papa deu a Dilma alguns de seus documentos, como a enc\u00edclica <em>Laudato si<\/em>\u00a0e a exorta\u00e7\u00e3o apost\u00f3lica <em>Laudate Deum<\/em>, al\u00e9m de uma escultura em bronze com as escritas &#8220;amar&#8221; e &#8220;ajudar&#8221;.\u00a0<\/p>\n<p>Ao final do encontro, o Pont\u00edfice disse: &#8220;Reze por mim, que eu rezo pela senhora&#8221;.<\/p>\n<\/p><\/div>\n<p><br \/>\n<br \/><a href=\"https:\/\/agenciabrasil.ebc.com.br\/geral\/noticia\/2024-04\/papa-francisco-recebe-dilma-rousseff-no-vaticano\" rel=\"noopener\">Ag\u00eancia Brasil<\/a><\/p>\n","protected":false},"excerpt":{"rendered":"<p>O papa Francisco recebeu neste s\u00e1bado, no Vaticano, a ex-presidenta\u00a0Dilma Rousseff, atual presidenta do Novo Banco de Desenvolvimento, tamb\u00e9m conhecido como Banco do Brics.\u00a0 Nas redes sociais, Dilma ressaltou que o papa \u00e9 um homem profundamente comprometido com os destinos da humanidade. \u201cFalamos sobre os grandes desafios da humanidade: o combate \u00e0 desigualdade e \u00e0 [&hellip;]<\/p>\n","protected":false},"author":1,"featured_media":3007,"comment_status":"open","ping_status":"open","sticky":false,"template":"","format":"standard","meta":{"_jetpack_newsletter_access":"","_jetpack_dont_email_post_to_subs":false,"_jetpack_newsletter_tier_id":0,"_jetpack_memberships_contains_paywalled_content":false,"_mbp_banners":[],"_jetpack_feature_clip_id":0,"_jetpack_memberships_contains_paid_content":false,"footnotes":"","jetpack_publicize_message":"","jetpack_publicize_feature_enabled":true,"jetpack_social_post_already_shared":true,"jetpack_social_options":{"image_generator_settings":{"template":"highway","default_image_id":0,"font":"","enabled":false},"version":2},"jetpack_post_was_ever_published":false},"categories":[1],"tags":[],"class_list":["post-3006","post","type-post","status-publish","format-standard","has-post-thumbnail","category-geral"],"jetpack_publicize_connections":[],"jetpack-related-posts":[],"jetpack_shortlink":"https:\/\/wp.me\/p7Eq1F-Mu","jetpack_sharing_enabled":true,"jetpack_featured_media_url":"https:\/\/i0.wp.com\/guialimeira.com.br\/news\/wp-content\/uploads\/2024\/04\/gmlodpswoaa76zs.jpeg?fit=1600%2C800&ssl=1","_links":{"self":[{"href":"https:\/\/guialimeira.com.br\/news\/wp-json\/wp\/v2\/posts\/3006","targetHints":{"allow":["GET"]}}],"collection":[{"href":"https:\/\/guialimeira.com.br\/news\/wp-json\/wp\/v2\/posts"}],"about":[{"href":"https:\/\/guialimeira.com.br\/news\/wp-json\/wp\/v2\/types\/post"}],"author":[{"embeddable":true,"href":"https:\/\/guialimeira.com.br\/news\/wp-json\/wp\/v2\/users\/1"}],"replies":[{"embeddable":true,"href":"https:\/\/guialimeira.com.br\/news\/wp-json\/wp\/v2\/comments?post=3006"}],"version-history":[{"count":0,"href":"https:\/\/guialimeira.com.br\/news\/wp-json\/wp\/v2\/posts\/3006\/revisions"}],"wp:featuredmedia":[{"embeddable":true,"href":"https:\/\/guialimeira.com.br\/news\/wp-json\/wp\/v2\/media\/3007"}],"wp:attachment":[{"href":"https:\/\/guialimeira.com.br\/news\/wp-json\/wp\/v2\/media?parent=3006"}],"wp:term":[{"taxonomy":"category","embeddable":true,"href":"https:\/\/guialimeira.com.br\/news\/wp-json\/wp\/v2\/categories?post=3006"},{"taxonomy":"post_tag","embeddable":true,"href":"https:\/\/guialimeira.com.br\/news\/wp-json\/wp\/v2\/tags?post=3006"}],"curies":[{"name":"wp","href":"https:\/\/api.w.org\/{rel}","templated":true}]}}