{"id":30056,"date":"2025-04-10T19:03:24","date_gmt":"2025-04-10T22:03:24","guid":{"rendered":"https:\/\/guialimeira.com.br\/2025\/04\/10\/hospitalizacoes-de-criancas-por-sintomas-respiratorios-aumenta\/"},"modified":"2025-04-10T19:03:24","modified_gmt":"2025-04-10T22:03:24","slug":"hospitalizacoes-de-criancas-por-sintomas-respiratorios-aumenta","status":"publish","type":"post","link":"https:\/\/guialimeira.com.br\/news\/hospitalizacoes-de-criancas-por-sintomas-respiratorios-aumenta\/","title":{"rendered":"Hospitaliza\u00e7\u00f5es de crian\u00e7as por sintomas respirat\u00f3rios aumenta"},"content":{"rendered":"<p> <br \/>\n<\/p>\n<div>\n<p>Os casos de s\u00edndrome respirat\u00f3ria aguda grave (SRAG)\u00a0tiveram um crescimento entre crian\u00e7as pequenas, segundo o novo boletim InfoGripe,\u00a0divulgado nesta quinta-feira\u00a0(10) pela Funda\u00e7\u00e3o Oswaldo Cruz (Fiocruz).\u00a0<strong>A alta nas hospitaliza\u00e7\u00f5es \u00e9\u00a0associada\u00a0ao v\u00edrus sincicial respirat\u00f3rio (VSR), causador da bronquiolite<\/strong>,\u00a0cuja\u00a0incid\u00eancia ocorre em praticamente todo o pa\u00eds e tende a crescer no outono e no inverno.<img data-recalc-dims=\"1\" decoding=\"async\" src=\"https:\/\/i0.wp.com\/agenciabrasil.ebc.com.br\/ebc.png?w=696&#038;ssl=1\" style=\"width:1px; height:1px; display:inline;\"\/><img data-recalc-dims=\"1\" decoding=\"async\" src=\"https:\/\/i0.wp.com\/agenciabrasil.ebc.com.br\/ebc.gif?w=696&#038;ssl=1\" style=\"width:1px; height:1px; display:inline;\"\/><\/p>\n<p>O estudo \u00e9 referente \u00e0 Semana Epidemiol\u00f3gica de 30 de mar\u00e7o a 5 de abril, e <strong>tamb\u00e9m alerta para os primeiros ind\u00edcios de crescimento dos casos de SRAG por influenza, o v\u00edrus da gripe<\/strong>. Esse aumento ocorre\u00a0especialmente no Mato Grosso do Sul, onde as hospitaliza\u00e7\u00f5es pelo v\u00edrus t\u00eam atingido jovens, adultos e idosos.<\/p>\n<p>De acordo com a pesquisadora do Programa de Computa\u00e7\u00e3o Cient\u00edfica da Fiocruz, Tatiana Portela, com o in\u00edcio de aumento dos casos de influenza no Mato Grosso do Sul, <strong>\u00e9 fundamental que todas as pessoas dos grupos priorit\u00e1rios, crian\u00e7as de seis meses a seis anos, assim como gestantes e idosos, se imunizem contra o v\u00edrus.<\/strong><\/p>\n<p>\u201cEspecialmente as pessoas dos grupos priorit\u00e1rios que moram nas regi\u00f5es Centro-Oeste, Nordeste, Sul e Sudeste, onde a campanha de vacina\u00e7\u00e3o contra o v\u00edrus j\u00e1 come\u00e7ou\u201d, explicou.<\/p>\n<p>Em nota, Tatiana refor\u00e7a ainda a import\u00e2ncia de, \u201cem caso de aparecimento de sintomas de gripe ou resfriado, sair de casa usando m\u00e1scara, assim como dentro de locais fechados e com maior aglomera\u00e7\u00e3o de pessoas e nos postos de sa\u00fade\u201d.<\/p>\n<h2>Estados e capitais<\/h2>\n<p>No total, 13 dos 27 estados\u00a0apresentam\u00a0incid\u00eancia de SRAG com sinal de crescimento na an\u00e1lise das \u00faltimas semanas: Acre, Amap\u00e1, Distrito Federal, Esp\u00edrito Santo, Goi\u00e1s, Maranh\u00e3o, Mato Grosso, Mato Grosso do Sul, Minas Gerais, Par\u00e1, Rio Grande do Norte, Roraima e Sergipe.<\/p>\n<h2>Situa\u00e7\u00e3o nacional<\/h2>\n<p>Em 2025, j\u00e1 foram notificados 31.796 casos de SRAG, sendo 12.527 (39,4%) com resultado laboratorial positivo para algum v\u00edrus respirat\u00f3rio, 14.113 (44,4%) negativos, e ao menos 3.060 (9,6%) aguardando resultado laboratorial.<\/p>\n<p>Nas quatro \u00faltimas semanas epidemiol\u00f3gicas, a preval\u00eancia entre os casos positivos foi de 10,3% de influenza A, 1,6% de influenza B, 50,4% de v\u00edrus sincicial respirat\u00f3rio, 31,4% de rinov\u00edrus, e 9,2% de Sars-CoV-2 (Covid-19).<\/p>\n<p>      <!-- Relacionada --><\/p>\n<p>            <!-- Relacionada -->\n    <\/div>\n<p><br \/>\n<br \/><a href=\"https:\/\/agenciabrasil.ebc.com.br\/saude\/noticia\/2025-04\/hospitalizacoes-de-criancas-por-sintomas-respiratorios-aumenta\" rel=\"noopener\">Ag\u00eancia Brasil <\/a><\/p>\n","protected":false},"excerpt":{"rendered":"<p>Os casos de s\u00edndrome respirat\u00f3ria aguda grave (SRAG)\u00a0tiveram um crescimento entre crian\u00e7as pequenas, segundo o novo boletim InfoGripe,\u00a0divulgado nesta quinta-feira\u00a0(10) pela Funda\u00e7\u00e3o Oswaldo Cruz (Fiocruz).\u00a0A alta nas hospitaliza\u00e7\u00f5es \u00e9\u00a0associada\u00a0ao v\u00edrus sincicial respirat\u00f3rio (VSR), causador da bronquiolite,\u00a0cuja\u00a0incid\u00eancia ocorre em praticamente todo o pa\u00eds e tende a crescer no outono e no inverno. O estudo \u00e9 referente [&hellip;]<\/p>\n","protected":false},"author":1,"featured_media":2098,"comment_status":"open","ping_status":"open","sticky":false,"template":"","format":"standard","meta":{"_jetpack_newsletter_access":"","_jetpack_dont_email_post_to_subs":false,"_jetpack_newsletter_tier_id":0,"_jetpack_memberships_contains_paywalled_content":false,"_mbp_banners":[],"_jetpack_feature_clip_id":0,"_jetpack_memberships_contains_paid_content":false,"footnotes":"","jetpack_publicize_message":"","jetpack_publicize_feature_enabled":true,"jetpack_social_post_already_shared":true,"jetpack_social_options":{"image_generator_settings":{"template":"highway","default_image_id":0,"font":"","enabled":false},"version":2},"jetpack_post_was_ever_published":false},"categories":[15],"tags":[],"class_list":["post-30056","post","type-post","status-publish","format-standard","has-post-thumbnail","category-saude"],"jetpack_publicize_connections":[],"jetpack-related-posts":[],"jetpack_shortlink":"https:\/\/wp.me\/p7Eq1F-7OM","jetpack_sharing_enabled":true,"jetpack_featured_media_url":"https:\/\/i0.wp.com\/guialimeira.com.br\/news\/wp-content\/uploads\/2024\/04\/dsc8071.jpg?fit=1600%2C800&ssl=1","_links":{"self":[{"href":"https:\/\/guialimeira.com.br\/news\/wp-json\/wp\/v2\/posts\/30056","targetHints":{"allow":["GET"]}}],"collection":[{"href":"https:\/\/guialimeira.com.br\/news\/wp-json\/wp\/v2\/posts"}],"about":[{"href":"https:\/\/guialimeira.com.br\/news\/wp-json\/wp\/v2\/types\/post"}],"author":[{"embeddable":true,"href":"https:\/\/guialimeira.com.br\/news\/wp-json\/wp\/v2\/users\/1"}],"replies":[{"embeddable":true,"href":"https:\/\/guialimeira.com.br\/news\/wp-json\/wp\/v2\/comments?post=30056"}],"version-history":[{"count":0,"href":"https:\/\/guialimeira.com.br\/news\/wp-json\/wp\/v2\/posts\/30056\/revisions"}],"wp:featuredmedia":[{"embeddable":true,"href":"https:\/\/guialimeira.com.br\/news\/wp-json\/wp\/v2\/media\/2098"}],"wp:attachment":[{"href":"https:\/\/guialimeira.com.br\/news\/wp-json\/wp\/v2\/media?parent=30056"}],"wp:term":[{"taxonomy":"category","embeddable":true,"href":"https:\/\/guialimeira.com.br\/news\/wp-json\/wp\/v2\/categories?post=30056"},{"taxonomy":"post_tag","embeddable":true,"href":"https:\/\/guialimeira.com.br\/news\/wp-json\/wp\/v2\/tags?post=30056"}],"curies":[{"name":"wp","href":"https:\/\/api.w.org\/{rel}","templated":true}]}}