{"id":30045,"date":"2025-04-10T18:25:27","date_gmt":"2025-04-10T21:25:27","guid":{"rendered":"https:\/\/guialimeira.com.br\/?p=30045"},"modified":"2025-04-10T18:25:27","modified_gmt":"2025-04-10T21:25:27","slug":"greve-de-fome-braga-acampa-na-camara-apos-conselho-votar-cassacao","status":"publish","type":"post","link":"https:\/\/guialimeira.com.br\/news\/greve-de-fome-braga-acampa-na-camara-apos-conselho-votar-cassacao\/","title":{"rendered":"Greve de fome: Braga acampa na C\u00e2mara ap\u00f3s Conselho votar cassa\u00e7\u00e3o"},"content":{"rendered":"\n<figure class=\"wp-block-gallery has-nested-images columns-default is-cropped wp-block-gallery-1 is-layout-flex wp-block-gallery-is-layout-flex\">\n<figure class=\"wp-block-image size-large\"><\/figure>\n\t\t\t\t\t\n<figure class=\"wp-block-image size-large\"><img loading=\"lazy\" decoding=\"async\" width=\"1\" height=\"1\" data-attachment-id=\"30043\" data-permalink=\"https:\/\/guialimeira.com.br\/news\/greve-de-fome-braga-acampa-na-camara-apos-conselho-votar-2\/\" data-orig-file=\"https:\/\/i0.wp.com\/guialimeira.com.br\/news\/wp-content\/uploads\/2025\/04\/1744320324_211_ebc.gif?fit=1%2C1&amp;ssl=1\" data-orig-size=\"1,1\" data-comments-opened=\"1\" data-image-meta=\"{&quot;aperture&quot;:&quot;0&quot;,&quot;credit&quot;:&quot;&quot;,&quot;camera&quot;:&quot;&quot;,&quot;caption&quot;:&quot;&quot;,&quot;created_timestamp&quot;:&quot;0&quot;,&quot;copyright&quot;:&quot;&quot;,&quot;focal_length&quot;:&quot;0&quot;,&quot;iso&quot;:&quot;0&quot;,&quot;shutter_speed&quot;:&quot;0&quot;,&quot;title&quot;:&quot;&quot;,&quot;orientation&quot;:&quot;0&quot;}\" data-image-title=\"Greve de fome: Braga acampa na C\u00e2mara ap\u00f3s Conselho votar\" data-image-description=\"\" data-image-caption=\"\" data-large-file=\"https:\/\/i0.wp.com\/guialimeira.com.br\/news\/wp-content\/uploads\/2025\/04\/1744320324_211_ebc.gif?fit=1%2C1&amp;ssl=1\" data-id=\"30043\" src=\"https:\/\/i0.wp.com\/guialimeira.com.br\/wp-content\/uploads\/2025\/04\/1744320324_211_ebc.gif?resize=1%2C1&amp;ssl=1\" alt=\"\" class=\"wp-image-30043\" \/><\/figure>\n\t\t\t\t\t\n<figure class=\"wp-block-image size-large\"><img loading=\"lazy\" decoding=\"async\" width=\"754\" height=\"466\" data-attachment-id=\"30044\" data-permalink=\"https:\/\/guialimeira.com.br\/news\/greve-de-fome-braga-acampa-na-camara-apos-conselho-votar-3\/\" data-orig-file=\"https:\/\/i0.wp.com\/guialimeira.com.br\/news\/wp-content\/uploads\/2025\/04\/img_1737.jpg?fit=754%2C466&amp;ssl=1\" data-orig-size=\"754,466\" data-comments-opened=\"1\" data-image-meta=\"{&quot;aperture&quot;:&quot;0&quot;,&quot;credit&quot;:&quot;&quot;,&quot;camera&quot;:&quot;&quot;,&quot;caption&quot;:&quot;&quot;,&quot;created_timestamp&quot;:&quot;0&quot;,&quot;copyright&quot;:&quot;&quot;,&quot;focal_length&quot;:&quot;0&quot;,&quot;iso&quot;:&quot;0&quot;,&quot;shutter_speed&quot;:&quot;0&quot;,&quot;title&quot;:&quot;&quot;,&quot;orientation&quot;:&quot;0&quot;}\" data-image-title=\"Greve de fome: Braga acampa na C\u00e2mara ap\u00f3s Conselho votar\" data-image-description=\"\" data-image-caption=\"\" data-large-file=\"https:\/\/i0.wp.com\/guialimeira.com.br\/news\/wp-content\/uploads\/2025\/04\/img_1737.jpg?fit=696%2C430&amp;ssl=1\" data-id=\"30044\" src=\"https:\/\/i0.wp.com\/guialimeira.com.br\/wp-content\/uploads\/2025\/04\/img_1737.jpg?resize=150%2C150&amp;ssl=1\" alt=\"\" class=\"wp-image-30044\" \/><\/figure>\n\t\t\t\t\t<\/figure>\n \r\n<br><div>\n                    <p><strong>Em greve de fome<\/strong>, <a href=\"https:\/\/agenciabrasil.ebc.com.br\/politica\/noticia\/2025-04\/conselho-de-etica-aprova-cassacao-do-mandato-de-glauber-braga\" target=\"_blank\" rel=\"noopener\">o deputado federal Glauber Braga (PSOL-RJ) acampou<\/a>, na madrugada desta quinta-feira (10), no plen\u00e1rio 5 do Anexo 2 da C\u00e2mara dos Deputados, ap\u00f3s o Conselho de \u00c9tica aprovar o\u00a0 parecer que pede a cassa\u00e7\u00e3o do seu mandato por quebra de decoro parlamentar, com 13 votos contra 5.<img data-recalc-dims=\"1\" decoding=\"async\" src=\"https:\/\/i0.wp.com\/guialimeira.com.br\/wp-content\/uploads\/2025\/04\/1744320324_442_ebc.png?w=696&#038;ssl=1\" style=\"width:1px;height:1px\" \/><img data-recalc-dims=\"1\" decoding=\"async\" src=\"https:\/\/i0.wp.com\/guialimeira.com.br\/wp-content\/uploads\/2025\/04\/1744320324_211_ebc.gif?w=696&#038;ssl=1\" style=\"width:1px;height:1px\" \/><\/p>\n\n<p>Acusado de agredir um militante de extrema-direita, Braga se diz v\u00edtima de persegui\u00e7\u00e3o pol\u00edtica por denunciar o Or\u00e7amento secreto.<\/p>\n\n<p><strong>Sem falar com a imprensa para poupar energia, o parlamentar segue no ch\u00e3o do plen\u00e1rio, acompanhado por assessores. <\/strong>Ele apenas acenou para reportagem da<strong> Ag\u00eancia Brasil <\/strong>e disse que \u201cest\u00e1 tudo bem\u201d.<\/p>\n\n<p>Ele est\u00e1 sem comer desde a noite da ter\u00e7a-feira (8) por n\u00e3o ter conseguido tomar caf\u00e9 da manh\u00e3 antes da sess\u00e3o do Conselho de \u00c9tica em raz\u00e3o da ansiedade causada pela vota\u00e7\u00e3o.<\/p>\n\n<p>\u201cEstou h\u00e1 30 horas e 30 minutos fazendo somente a ingest\u00e3o de l\u00edquidos. Estou no mesmo plen\u00e1rio que votou a minha cassa\u00e7\u00e3o no dia de ontem. Essa t\u00e1tica radical \u00e9 fruto de uma decis\u00e3o pol\u00edtica: n\u00e3o serei derrotado por Arthur Lira e pelo Or\u00e7amento secreto. Vou \u00e0s \u00faltimas consequ\u00eancias\u201d, disse Glauber, em uma rede social, no in\u00edcio da manh\u00e3 de hoje (10).<\/p>\n\n<p><strong>Em nota, a assessoria de imprensa do parlamentar disse que ele est\u00e1 recebendo acompanhamento m\u00e9dico, est\u00e1 com a press\u00e3o arterial normal e mant\u00e9m 91,7 quilos<\/strong>. \u201cNa manh\u00e3 desta quinta-feira, o parlamentar ingeriu dois copos de isot\u00f4nico, al\u00e9m de \u00e1gua\u201d, informou a assessoria.<\/p>\n\n<p>Inicialmente, a deputada federal Luiza Erundina (PSOL-SP), de 90 anos, afirmou que se juntaria ao parlamentar na greve de fome, mas acabou convencida por colegas a desistir da greve e fazer a luta por outros meios.<\/p>\n\n<h2>Persegui\u00e7\u00e3o pol\u00edtica<\/h2>\n\n<p><strong>A assessoria de Glauber Braga explicou que o objetivo da greve de fome \u00e9 denunciar a persegui\u00e7\u00e3o pol\u00edtica contra o deputado<\/strong>, al\u00e9m de pressionar por um desfecho do caso. O deputado teme que a C\u00e2mara adie definitivamente o processo, que tem mais de um ano.<\/p>\n\n<p>Braga responde a uma representa\u00e7\u00e3o apresentada pelo partido Novo, por ter agredido e expulsado da C\u00e2mara um militante do Movimento Brasil Livre (MBL), que insultou a m\u00e3e do parlamentar.<\/p>\n\n<p>Ele argumenta que a puni\u00e7\u00e3o \u00e9 desproporcional, se forem considerados outros casos de quebra de decoro na C\u00e2mara. O parlamentar alega que, na verdade, \u00e9 v\u00edtima de persegui\u00e7\u00e3o pol\u00edtica movida pelo ex-presidente da C\u00e2mara\u00a0Arthur Lira (PP-AL)\u00a0em parceria com o relator do processo, deputado Paulo Magalh\u00e3es (PSD-BA).\u00a0<\/p>\n\n<p>Segundo Braga, Lira teria \u201ccomprado\u201d o parecer contra ele em troca de recursos do Or\u00e7amento secreto para o relator.<\/p>\n\n<p>O deputado do PSOL promete recorrer \u00e0 Comiss\u00e3o de Constitui\u00e7\u00e3o e Justi\u00e7a (CCJ). Se a CCJ confirmar a vota\u00e7\u00e3o do Conselho de \u00c9tica, o plen\u00e1rio da Casa ainda precisa se manifestar sobre o tema. \u00a0Os partidos PT e PSOL anunciaram, nessa quarta-feira (9), obstru\u00e7\u00e3o dos trabalhos da Casa contra decis\u00e3o do Conselho de \u00c9tica.<\/p>\n\n<p><strong>O l\u00edder do PT na C\u00e2mara, deputado Lindbergh Farias (PT-RJ), defendeu que o col\u00e9gio de l\u00edderes partid\u00e1rios discuta o tema e sustentou que a vota\u00e7\u00e3o do Conselho foi um equ\u00edvoco.<\/strong><\/p>\n\n<p>\u201cN\u00f3s estamos trazendo para o colo desta Casa uma crise de enormes propor\u00e7\u00f5es. Temos um deputado numa sala de comiss\u00e3o em greve de fome. Temos que falar com o presidente [da C\u00e2mara] Hugo Motta\u201d, argumentou.<\/p>\n\n<h2>Or\u00e7amento secreto<\/h2>\n\n<p>Como deputado, Glauber Braga \u00e9 um dos principais cr\u00edticos do Or\u00e7amento secreto, nome dado \u00e0 execu\u00e7\u00e3o de recursos p\u00fablicos por meio de <a href=\"https:\/\/agenciabrasil.ebc.com.br\/politica\/noticia\/2025-03\/congresso-aprova-novas-regras-para-pagamento-de-emendas-parlamentares\" target=\"_blank\" rel=\"noopener\">emendas parlamentares sem identifica\u00e7\u00e3o do autor da emenda e do destino do dinheiro<\/a>.<\/p>\n\n<p>Esse mecanismo de gasto do dinheiro p\u00fablico foi questionado pelo PSOL no Supremo Tribunal Federal (STF), que exigiu mais transpar\u00eancia no gasto p\u00fablico, for\u00e7ando o Congresso a alterar as regras para pagamento de emendas.\u00a0<\/p>\n\n<p><strong>Por meio de nota, o deputado Arthur Lira negou as acusa\u00e7\u00f5es e lembrou que a acusa\u00e7\u00e3o contra Glauber foi realizada pelo partido Novo, e n\u00e3o por ele ou pela sua legenda.<\/strong><br \/>\u00a0<\/p>\n\n<div class=\"dnd-widget-wrapper context-cheio_8colunas type-image\"><div class=\"dnd-atom-rendered\"><!-- scald=420619:cheio_8colunas -->\n            <img data-recalc-dims=\"1\" decoding=\"async\" src=\"https:\/\/i0.wp.com\/guialimeira.com.br\/wp-content\/uploads\/2025\/04\/img_1737.jpg?w=696&#038;ssl=1\" alt=\"Bras\u00edlia (DF), 10\/04\/\/2025  - Deputado Glauber Braga continua na comiss\u00e3o do conselho de \u00e9tica em greve de fome . Foto: Lula Marques\/Ag\u00eancia Brasil\" title=\"Lula Marques\/Ag\u00eancia Brasil\" \/>\n        <img data-recalc-dims=\"1\" decoding=\"async\" src=\"https:\/\/i0.wp.com\/guialimeira.com.br\/wp-content\/uploads\/2025\/04\/img_1737.jpg?w=696&#038;ssl=1\" alt=\"Bras\u00edlia (DF), 10\/04\/\/2025  - Deputado Glauber Braga continua na comiss\u00e3o do conselho de \u00e9tica em greve de fome . Foto: Lula Marques\/Ag\u00eancia Brasil\" title=\"Lula Marques\/Ag\u00eancia Brasil\" \/>\n    <!-- END scald=420619 --><\/div><p>\n<h6 class=\"meta\"><!--copyright=420619-->Deputado Glauber Braga ajeita colch\u00e3o onde dorme na C\u00e2mara.\u00a0\u00a0<strong>Foto:<\/strong>\u00a0 <strong>Lula Marques\/Ag\u00eancia Brasil<\/strong><!--END copyright=420619--><\/h6>\n<\/p><\/div>\n\n<p><strong>\u201cDe minha parte, refuto veementemente mais essa acusa\u00e7\u00e3o ileg\u00edtima por parte do deputado Glauber Braga e ressalto que qualquer insinua\u00e7\u00e3o da pr\u00e1tica de irregularidades, descasada de elemento concreto de prova que a sustente, dar\u00e1 ensejo \u00e0 ado\u00e7\u00e3o das medidas judiciais cab\u00edveis\u201d, disse Lira.<\/strong><\/p>\n\n<p>A<strong> Ag\u00eancia Brasil <\/strong>procurou a assessoria do deputado Paulo Magalh\u00e3es para comentar as acusa\u00e7\u00f5es, mas n\u00e3o obteve retorno at\u00e9 a publica\u00e7\u00e3o desta reportagem. O espa\u00e7o segue aberto.<\/p>\n\n<p>Durante as sess\u00f5es do Conselho de \u00c9tica, o deputado Magalh\u00e3es n\u00e3o respondeu \u00e0s acusa\u00e7\u00f5es de Glauber. Segundo a assessoria de Magalh\u00e3es, o relator se recusou a discutir com o acusado \u201cporque essa foi a estrat\u00e9gia de defesa dele\u201d.<\/p>\n\n      <!-- Relacionada -->\n              \n            <!-- Relacionada -->\n    <\/div>\r\n<br>\r\n<br><a href=\"https:\/\/agenciabrasil.ebc.com.br\/politica\/noticia\/2025-04\/Greve%20de%20fome%3A%20Glauber-acampa-na-C%C3%A2mara-ap%C3%B3s-Conselho-votar-cassa%C3%A7%C3%A3o-\" rel=\"noopener\">Ag\u00eancia Brasil<\/a>","protected":false},"excerpt":{"rendered":"<p>Em greve de fome, o deputado federal Glauber Braga (PSOL-RJ) acampou, na madrugada desta quinta-feira (10), no plen\u00e1rio 5 do Anexo 2 da C\u00e2mara dos Deputados, ap\u00f3s o Conselho de \u00c9tica aprovar o\u00a0 parecer que pede a cassa\u00e7\u00e3o do seu mandato por quebra de decoro parlamentar, com 13 votos contra 5. Acusado de agredir um [&hellip;]<\/p>\n","protected":false},"author":1,"featured_media":30046,"comment_status":"open","ping_status":"open","sticky":false,"template":"","format":"standard","meta":{"_jetpack_newsletter_access":"","_jetpack_dont_email_post_to_subs":false,"_jetpack_newsletter_tier_id":0,"_jetpack_memberships_contains_paywalled_content":false,"_mbp_banners":[],"_jetpack_feature_clip_id":0,"_jetpack_memberships_contains_paid_content":false,"footnotes":"","jetpack_publicize_message":"","jetpack_publicize_feature_enabled":true,"jetpack_social_post_already_shared":true,"jetpack_social_options":{"image_generator_settings":{"template":"highway","default_image_id":0,"font":"","enabled":false},"version":2},"jetpack_post_was_ever_published":false},"categories":[19],"tags":[],"class_list":["post-30045","post","type-post","status-publish","format-standard","has-post-thumbnail","category-politica"],"jetpack_publicize_connections":[],"jetpack-related-posts":[],"jetpack_shortlink":"https:\/\/wp.me\/p7Eq1F-7OB","jetpack_sharing_enabled":true,"jetpack_featured_media_url":"https:\/\/i0.wp.com\/guialimeira.com.br\/news\/wp-content\/uploads\/2025\/04\/Greve-de-fome-Braga-acampa-na-Camara-apos-Conselho-votar.jpg?fit=1600%2C800&ssl=1","_links":{"self":[{"href":"https:\/\/guialimeira.com.br\/news\/wp-json\/wp\/v2\/posts\/30045","targetHints":{"allow":["GET"]}}],"collection":[{"href":"https:\/\/guialimeira.com.br\/news\/wp-json\/wp\/v2\/posts"}],"about":[{"href":"https:\/\/guialimeira.com.br\/news\/wp-json\/wp\/v2\/types\/post"}],"author":[{"embeddable":true,"href":"https:\/\/guialimeira.com.br\/news\/wp-json\/wp\/v2\/users\/1"}],"replies":[{"embeddable":true,"href":"https:\/\/guialimeira.com.br\/news\/wp-json\/wp\/v2\/comments?post=30045"}],"version-history":[{"count":1,"href":"https:\/\/guialimeira.com.br\/news\/wp-json\/wp\/v2\/posts\/30045\/revisions"}],"predecessor-version":[{"id":30047,"href":"https:\/\/guialimeira.com.br\/news\/wp-json\/wp\/v2\/posts\/30045\/revisions\/30047"}],"wp:featuredmedia":[{"embeddable":true,"href":"https:\/\/guialimeira.com.br\/news\/wp-json\/wp\/v2\/media\/30046"}],"wp:attachment":[{"href":"https:\/\/guialimeira.com.br\/news\/wp-json\/wp\/v2\/media?parent=30045"}],"wp:term":[{"taxonomy":"category","embeddable":true,"href":"https:\/\/guialimeira.com.br\/news\/wp-json\/wp\/v2\/categories?post=30045"},{"taxonomy":"post_tag","embeddable":true,"href":"https:\/\/guialimeira.com.br\/news\/wp-json\/wp\/v2\/tags?post=30045"}],"curies":[{"name":"wp","href":"https:\/\/api.w.org\/{rel}","templated":true}]}}