{"id":30022,"date":"2025-04-10T17:11:36","date_gmt":"2025-04-10T20:11:36","guid":{"rendered":"https:\/\/guialimeira.com.br\/?p=30022"},"modified":"2025-04-10T17:11:36","modified_gmt":"2025-04-10T20:11:36","slug":"dr-marcelo-rossi-cita-articulacao-para-reforma-do-centro-de-referencia-do-idoso-e-avalia-100-dias-de-mandato","status":"publish","type":"post","link":"https:\/\/guialimeira.com.br\/news\/dr-marcelo-rossi-cita-articulacao-para-reforma-do-centro-de-referencia-do-idoso-e-avalia-100-dias-de-mandato\/","title":{"rendered":"Dr. Marcelo Rossi cita articula\u00e7\u00e3o para reforma do Centro de Refer\u00eancia do Idoso e avalia 100 dias de mandato"},"content":{"rendered":"\n<figure class=\"wp-block-gallery has-nested-images columns-default is-cropped wp-block-gallery-1 is-layout-flex wp-block-gallery-is-layout-flex\"><\/figure>\n \r\n<br><div><img data-recalc-dims=\"1\" decoding=\"async\" src=\"https:\/\/i0.wp.com\/guialimeira.com.br\/wp-content\/uploads\/2025\/04\/2025-04-10_dr-marcelo-rossi-cita-articulacao-para-reforma-do-centro-de-referencia-do-idoso-e-avalia-.jpeg?w=696&#038;ssl=1\" style=\"width: 100%\" \/><div><h1>Dr. Marcelo Rossi cita articula\u00e7\u00e3o para reforma do Centro de Refer\u00eancia do Idoso e avalia 100 dias de mandato<\/h1><p>Vereador apresentou indica\u00e7\u00e3o \u00e0 Prefeitura sugerindo reestrutura\u00e7\u00e3o do espa\u00e7o<\/p><img decoding=\"async\" src=\"assets\/uploads\/noticia\/2025-04-10_dr-marcelo-rossi-cita-articulacao-para-reforma-do-centro-de-referencia-do-idoso-e-avalia-100-dias-de-mandato_1.jpg\" alt=\"Dr. Marcelo Rossi cita articula\u00e7\u00e3o para reforma do Centro de Refer\u00eancia do Idoso e avalia 100 dias de mandato\" \/><\/div><\/div>\r\n<br>\r\n<br><a href=\"https:\/\/www.limeira.sp.leg.br\/noticias\/view\/2025-04-10_dr-marcelo-rossi-cita-articulacao-para-reforma-do-centro-de-referencia-do-idoso-e-avalia-100-dias-de-mandato\" rel=\"noopener\">Informa\u00e7\u00f5es CML <\/a>","protected":false},"excerpt":{"rendered":"<p>Dr. Marcelo Rossi cita articula\u00e7\u00e3o para reforma do Centro de Refer\u00eancia do Idoso e avalia 100 dias de mandato Vereador apresentou indica\u00e7\u00e3o \u00e0 Prefeitura sugerindo reestrutura\u00e7\u00e3o do espa\u00e7o Informa\u00e7\u00f5es CML<\/p>\n","protected":false},"author":1,"featured_media":30023,"comment_status":"open","ping_status":"open","sticky":false,"template":"","format":"standard","meta":{"_jetpack_newsletter_access":"","_jetpack_dont_email_post_to_subs":false,"_jetpack_newsletter_tier_id":0,"_jetpack_memberships_contains_paywalled_content":false,"_mbp_banners":[],"_jetpack_feature_clip_id":0,"_jetpack_memberships_contains_paid_content":false,"footnotes":"","jetpack_publicize_message":"","jetpack_publicize_feature_enabled":true,"jetpack_social_post_already_shared":true,"jetpack_social_options":{"image_generator_settings":{"template":"highway","default_image_id":0,"font":"","enabled":false},"version":2},"jetpack_post_was_ever_published":false},"categories":[19],"tags":[],"class_list":["post-30022","post","type-post","status-publish","format-standard","has-post-thumbnail","category-politica"],"jetpack_publicize_connections":[],"jetpack-related-posts":[],"jetpack_shortlink":"https:\/\/wp.me\/p7Eq1F-7Oe","jetpack_sharing_enabled":true,"jetpack_featured_media_url":"https:\/\/i0.wp.com\/guialimeira.com.br\/news\/wp-content\/uploads\/2025\/04\/Dr-Marcelo-Rossi-cita-articulacao-para-reforma-do-Centro-de.jpeg?fit=1280%2C640&ssl=1","_links":{"self":[{"href":"https:\/\/guialimeira.com.br\/news\/wp-json\/wp\/v2\/posts\/30022","targetHints":{"allow":["GET"]}}],"collection":[{"href":"https:\/\/guialimeira.com.br\/news\/wp-json\/wp\/v2\/posts"}],"about":[{"href":"https:\/\/guialimeira.com.br\/news\/wp-json\/wp\/v2\/types\/post"}],"author":[{"embeddable":true,"href":"https:\/\/guialimeira.com.br\/news\/wp-json\/wp\/v2\/users\/1"}],"replies":[{"embeddable":true,"href":"https:\/\/guialimeira.com.br\/news\/wp-json\/wp\/v2\/comments?post=30022"}],"version-history":[{"count":1,"href":"https:\/\/guialimeira.com.br\/news\/wp-json\/wp\/v2\/posts\/30022\/revisions"}],"predecessor-version":[{"id":30024,"href":"https:\/\/guialimeira.com.br\/news\/wp-json\/wp\/v2\/posts\/30022\/revisions\/30024"}],"wp:featuredmedia":[{"embeddable":true,"href":"https:\/\/guialimeira.com.br\/news\/wp-json\/wp\/v2\/media\/30023"}],"wp:attachment":[{"href":"https:\/\/guialimeira.com.br\/news\/wp-json\/wp\/v2\/media?parent=30022"}],"wp:term":[{"taxonomy":"category","embeddable":true,"href":"https:\/\/guialimeira.com.br\/news\/wp-json\/wp\/v2\/categories?post=30022"},{"taxonomy":"post_tag","embeddable":true,"href":"https:\/\/guialimeira.com.br\/news\/wp-json\/wp\/v2\/tags?post=30022"}],"curies":[{"name":"wp","href":"https:\/\/api.w.org\/{rel}","templated":true}]}}