{"id":30007,"date":"2025-04-10T16:05:25","date_gmt":"2025-04-10T19:05:25","guid":{"rendered":"https:\/\/guialimeira.com.br\/2025\/04\/10\/argentina-faz-terceira-greve-geral-contra-ajuste-fiscal-de-milei\/"},"modified":"2025-04-10T16:05:25","modified_gmt":"2025-04-10T19:05:25","slug":"argentina-faz-terceira-greve-geral-contra-ajuste-fiscal-de-milei","status":"publish","type":"post","link":"https:\/\/guialimeira.com.br\/news\/argentina-faz-terceira-greve-geral-contra-ajuste-fiscal-de-milei\/","title":{"rendered":"Argentina faz terceira greve geral contra ajuste fiscal de Milei"},"content":{"rendered":"<p> <br \/>\n<\/p>\n<div>\n<p>Convocada pela principal central sindical do pa\u00eds, a Confedera\u00e7\u00e3o Geral do Trabalho (CGT), <strong>a Argentina realiza nesta quinta-feira (10) a terceira greve geral contra o ajuste fiscal promovido pelo governo de Javier Milei.<\/strong><img data-recalc-dims=\"1\" decoding=\"async\" src=\"https:\/\/i0.wp.com\/agenciabrasil.ebc.com.br\/ebc.png?w=696&#038;ssl=1\" style=\"width:1px; height:1px; display:inline;\"\/><img data-recalc-dims=\"1\" decoding=\"async\" src=\"https:\/\/i0.wp.com\/agenciabrasil.ebc.com.br\/ebc.gif?w=696&#038;ssl=1\" style=\"width:1px; height:1px; display:inline;\"\/><\/p>\n<p>A greve geral recebeu a ades\u00e3o de sindicatos de ferrovi\u00e1rios, metrovi\u00e1rios, taxistas, portu\u00e1rios e aeronautas, al\u00e9m de trabalhadores dos setores de educa\u00e7\u00e3o, sa\u00fade, banc\u00e1rios e da administra\u00e7\u00e3o p\u00fablica, tendo ainda apoio de aposentados.<\/p>\n<p><strong>A paralisa\u00e7\u00e3o de 24 horas levou ao cancelamento de voos e dos metr\u00f4s e trens de Buenos Aires<\/strong>, impactando o transporte p\u00fablico. Ao mesmo tempo, os \u00f4nibus est\u00e3o circulando. Antes da greve, um <a href=\"https:\/\/agenciabrasil.ebc.com.br\/internacional\/noticia\/2025-04\/centrais-sindicais-argentinas-preparam-greve-geral-de-24-horas\" target=\"_blank\" rel=\"noopener\">protesto de trabalhadores e aposentados foi realizado na capital argentina nessa quarta-feira (9)<\/a>.<\/p>\n<blockquote>\n<p>\u201cO custo do ajuste recaiu sobre os trabalhadores ativos e aposentados, enquanto o setor financeiro multiplicou obscenamente seus lucros. O ansiado equil\u00edbrio fiscal \u2013 obtido por meio do desmantelamento do Estado, de seus organismos de controle, de suas empresas e do abandono das obras p\u00fablicas &#8211; multiplicou o desequil\u00edbrio social\u201d, <a href=\"https:\/\/www.instagram.com\/p\/DIMitKmxsgK\/?img_index=1\" target=\"_blank\" rel=\"noopener\">denunciou a CGT em comunicado oficial<\/a>.<\/p>\n<\/blockquote>\n<p><strong>A central sindical denuncia a \u201cinsensibilidade\u201d do governo frente \u00e0s reivindica\u00e7\u00f5es dos trabalhadores e aposentados e critica as privatiza\u00e7\u00f5es e a redu\u00e7\u00e3o dos or\u00e7amentos da sa\u00fade e educa\u00e7\u00e3o<\/strong>, al\u00e9m de pedir negocia\u00e7\u00f5es livres para acordos de reajustes salariais, aumento de aposentadorias e reativa\u00e7\u00e3o das obras p\u00fablicas.<\/p>\n<p>\u201cFomos exemplo na Am\u00e9rica de integra\u00e7\u00e3o e mobilidade social. Hoje, somos exemplo grosseiro de um fanatismo individualista e de uma ideia de liberdade vazia, onde impera o salve-se quem puder\u201d, completou a CGT.<\/p>\n<p><strong>Em sua rede social, o presidente Javier Milei repostou cr\u00edticas de aliados e simpatizantes contra a greve geral, como a postagem do deputado federal Dami\u00e1n Arabia. \u201cFeliz quinta-feira a todos, exceto aos caras que organizaram a terceira greve geral em um ano\u201d, disse o parlamentar governista.<\/strong><\/p>\n<h2>Ajuste fiscal\u00a0<\/h2>\n<p><a href=\"https:\/\/agenciabrasil.ebc.com.br\/internacional\/noticia\/2025-02\/queda-da-inflacao-na-argentina-e-resultado-de-recessao-diz-economista\" target=\"_blank\" rel=\"noopener\">O governo federal da Argentina sustenta que o corte de gastos \u00e9 necess\u00e1rio para recupera\u00e7\u00e3o econ\u00f4mica e redu\u00e7\u00e3o da infla\u00e7\u00e3o<\/a>, que vem caindo nos \u00faltimos meses, resultado tamb\u00e9m da recess\u00e3o econ\u00f4mica de 2024, segundo economista consultado pela <strong>Ag\u00eancia Brasil<\/strong>, Paulo Gala.\u00a0<\/p>\n<p>A infla\u00e7\u00e3o anual caiu de 289% em mar\u00e7o de 2024 para 66% em fevereiro de 2025, segundo dados oficiais. <a href=\"https:\/\/agenciabrasil.ebc.com.br\/economia\/noticia\/2023-12\/entenda-possiveis-consequencias-do-pacote-economico-de-milei\" target=\"_blank\" rel=\"noopener\">No entanto, cr\u00edticos sustentam que o custo social \u00e9 alto com os trabalhadores e os mais pobres pagando pela estabiliza\u00e7\u00e3o dos pre\u00e7os<\/a>.<\/p>\n<p>Ap\u00f3s ultrapassar uma taxa de pobreza de 54% da popula\u00e7\u00e3o, no primeiro semestre de 2024, o \u00edndice de pobreza caiu para 38% no segundo semestre do ano, \u00edndice semelhante ao de antes de Milei assumir a Casa Rosada. Os dados s\u00e3o do Instituto Nacional de Estat\u00edstica e Censos (Indec).\u00a0<\/p>\n<p><a href=\"https:\/\/agenciabrasil.ebc.com.br\/economia\/noticia\/2025-03\/argentina-sob-milei-quer-novo-emprestimo-do-fmi-de-us-20-bilhoes\" target=\"_blank\" rel=\"noopener\">Enquanto isso, Buenos Aires negocia novo acordo com o Fundo Monet\u00e1rio Internacional (FMI) para sacar US$ 20 bilh\u00f5es<\/a> para refor\u00e7ar as reservas do Banco Central do pa\u00eds. Esse ser\u00e1 o terceiro empr\u00e9stimo desde 2018, durante o governo de Maur\u00edcio Macri, e o 23\u00ba da hist\u00f3ria argentina.\u00a0<\/p>\n<p>      <!-- Relacionada --><\/p>\n<p>            <!-- Relacionada -->\n    <\/div>\n<p><script async src=\"\/\/www.instagram.com\/embed.js\"><\/script><br \/>\n<br \/><br \/>\n<br \/><a href=\"https:\/\/agenciabrasil.ebc.com.br\/internacional\/noticia\/2025-04\/argentina-faz-terceira-greve-geral-contra-ajuste-fiscal-de-milei\" rel=\"noopener\">Ag\u00eancia Brasil <\/a><\/p>\n","protected":false},"excerpt":{"rendered":"<p>Convocada pela principal central sindical do pa\u00eds, a Confedera\u00e7\u00e3o Geral do Trabalho (CGT), a Argentina realiza nesta quinta-feira (10) a terceira greve geral contra o ajuste fiscal promovido pelo governo de Javier Milei. A greve geral recebeu a ades\u00e3o de sindicatos de ferrovi\u00e1rios, metrovi\u00e1rios, taxistas, portu\u00e1rios e aeronautas, al\u00e9m de trabalhadores dos setores de educa\u00e7\u00e3o, [&hellip;]<\/p>\n","protected":false},"author":1,"featured_media":30008,"comment_status":"open","ping_status":"open","sticky":false,"template":"","format":"standard","meta":{"_jetpack_newsletter_access":"","_jetpack_dont_email_post_to_subs":false,"_jetpack_newsletter_tier_id":0,"_jetpack_memberships_contains_paywalled_content":false,"_mbp_banners":[],"_jetpack_feature_clip_id":0,"_jetpack_memberships_contains_paid_content":false,"footnotes":"","jetpack_publicize_message":"","jetpack_publicize_feature_enabled":true,"jetpack_social_post_already_shared":true,"jetpack_social_options":{"image_generator_settings":{"template":"highway","default_image_id":0,"font":"","enabled":false},"version":2},"jetpack_post_was_ever_published":false},"categories":[25],"tags":[],"class_list":["post-30007","post","type-post","status-publish","format-standard","has-post-thumbnail","category-internacional"],"jetpack_publicize_connections":[],"jetpack-related-posts":[],"jetpack_shortlink":"https:\/\/wp.me\/p7Eq1F-7NZ","jetpack_sharing_enabled":true,"jetpack_featured_media_url":"https:\/\/i0.wp.com\/guialimeira.com.br\/news\/wp-content\/uploads\/2025\/04\/2025-04-10t121852z_945033085_rc2zuda88u7d_rtrmadp_3_argentina-strike.jpg?fit=1600%2C800&ssl=1","_links":{"self":[{"href":"https:\/\/guialimeira.com.br\/news\/wp-json\/wp\/v2\/posts\/30007","targetHints":{"allow":["GET"]}}],"collection":[{"href":"https:\/\/guialimeira.com.br\/news\/wp-json\/wp\/v2\/posts"}],"about":[{"href":"https:\/\/guialimeira.com.br\/news\/wp-json\/wp\/v2\/types\/post"}],"author":[{"embeddable":true,"href":"https:\/\/guialimeira.com.br\/news\/wp-json\/wp\/v2\/users\/1"}],"replies":[{"embeddable":true,"href":"https:\/\/guialimeira.com.br\/news\/wp-json\/wp\/v2\/comments?post=30007"}],"version-history":[{"count":0,"href":"https:\/\/guialimeira.com.br\/news\/wp-json\/wp\/v2\/posts\/30007\/revisions"}],"wp:featuredmedia":[{"embeddable":true,"href":"https:\/\/guialimeira.com.br\/news\/wp-json\/wp\/v2\/media\/30008"}],"wp:attachment":[{"href":"https:\/\/guialimeira.com.br\/news\/wp-json\/wp\/v2\/media?parent=30007"}],"wp:term":[{"taxonomy":"category","embeddable":true,"href":"https:\/\/guialimeira.com.br\/news\/wp-json\/wp\/v2\/categories?post=30007"},{"taxonomy":"post_tag","embeddable":true,"href":"https:\/\/guialimeira.com.br\/news\/wp-json\/wp\/v2\/tags?post=30007"}],"curies":[{"name":"wp","href":"https:\/\/api.w.org\/{rel}","templated":true}]}}