{"id":2999,"date":"2024-04-27T15:02:07","date_gmt":"2024-04-27T18:02:07","guid":{"rendered":"https:\/\/guialimeira.com.br\/2024\/04\/27\/policia-federal-destroi-ponte-em-terra-indigena-no-para\/"},"modified":"2024-04-27T15:02:07","modified_gmt":"2024-04-27T18:02:07","slug":"policia-federal-destroi-ponte-em-terra-indigena-no-para","status":"publish","type":"post","link":"https:\/\/guialimeira.com.br\/news\/policia-federal-destroi-ponte-em-terra-indigena-no-para\/","title":{"rendered":"Pol\u00edcia Federal destr\u00f3i ponte em terra ind\u00edgena no Par\u00e1"},"content":{"rendered":"<p> <br \/>\n<\/p>\n<div>\n<p>A Pol\u00edcia Federal (PF) destruiu uma ponte clandestina usada por invasores da Terra Ind\u00edgena (TI) de Apyterewa, no munic\u00edpio de S\u00e3o F\u00e9lix do Xingu, no Par\u00e1. A a\u00e7\u00e3o, realizada em conjunto com a For\u00e7a Nacional e a Funda\u00e7\u00e3o Nacional dos Povos Ind\u00edgenas (Funai), faz parte da opera\u00e7\u00e3o de Desintrus\u00e3o das Terras Ind\u00edgenas Apyterewa e Trincheira Bacaj\u00e1 foi para evitar a volta de exploradores ilegais, que atuavam no garimpo, desmatamento e cria\u00e7\u00e3o de gado no local.<img data-recalc-dims=\"1\" decoding=\"async\" src=\"https:\/\/i0.wp.com\/agenciabrasil.ebc.com.br\/ebc.png?w=696&#038;ssl=1\" style=\"width:1px; height:1px; display:inline;\"\/><img data-recalc-dims=\"1\" decoding=\"async\" src=\"https:\/\/i0.wp.com\/agenciabrasil.ebc.com.br\/ebc.gif?w=696&#038;ssl=1\" style=\"width:1px; height:1px; display:inline;\"\/><\/p>\n<p>Segundo ao PF, explosivistas da pol\u00edcia detonaram a ponte em duas etapas: uma explos\u00e3o na quinta-feira (25) e outra nesta sexta-feira (26).\u00a0<\/p>\n<p>\u201cA estrutura tinha 61 metros de comprimento e 4,6 metros de largura, sustentada por oito pilares de concreto. A ponte, na regi\u00e3o do Pared\u00e3o, \u00e9 conhecida como Bucha do Natanael e servia como principal acesso \u00e0 Terra Ind\u00edgena\u201d, informou a PF.<\/p>\n<p>De acordo com o Centro de Monitoramento Remoto da Funai, a regi\u00e3o da TI Apyterewa foi a \u00e1rea de floresta amaz\u00f4nica mais desmatada entre os anos de 2019 e 2022. As disputas territoriais remontam \u00e0 d\u00e9cada de 1980, quando os primeiros invasores da terra ind\u00edgena se instalaram na regi\u00e3o.<\/p>\n<p>Em 2023, o ministro do Supremo Tribunal Federal (STF), Lu\u00eds Roberto Barroso, determinou a retirada dos invasores e das cria\u00e7\u00f5es de gados, inutiliza\u00e7\u00e3o das estruturas de fazenda e destrui\u00e7\u00e3o das pistas de pouso.<\/p>\n<p>\u201cO povo Parakan\u00e3, que ocupa 22 aldeias pela Terra Ind\u00edgena, convivia com o barulho das serras, com rejeitos de minera\u00e7\u00e3o no Rio Xingu e com circula\u00e7\u00e3o de caminh\u00f5es transportando toras de madeira, al\u00e9m da explora\u00e7\u00e3o de gado, tudo feito de maneira ilegal\u201d, disse a PF.<\/p>\n<p>Em mar\u00e7o, Barroso <a href=\"https:\/\/agenciabrasil.ebc.com.br\/geral\/noticia\/2024-03\/barroso-determina-poder-de-policia-servidores-da-funai\" target=\"_blank\" rel=\"noopener\">determinou<\/a> que o governo federal regulamente\u00a0o poder de pol\u00edcia a servidores da Funda\u00e7\u00e3o dos Povos Ind\u00edgenas (Funai). A decis\u00e3o foi assinada, com data do dia 5, e dever\u00e1 ser cumprida em at\u00e9 180 dias.<\/p>\n<p>A ordem foi tomada no \u00e2mbito de uma a\u00e7\u00e3o que tramita no Supremo desde 2021 e que trata do plano de desintrus\u00e3o de terras ind\u00edgenas. Barroso acompanha as opera\u00e7\u00f5es de retirada de garimpeiros e de prote\u00e7\u00e3o aos ind\u00edgenas.<\/p>\n<p>A regulamenta\u00e7\u00e3o dever\u00e1 definir quais servidores poder\u00e3o usar armas e quais ir\u00e3o atuar como fiscais de infra\u00e7\u00f5es.<\/p>\n<\/p><\/div>\n<p><br \/>\n<br \/><a href=\"https:\/\/agenciabrasil.ebc.com.br\/geral\/noticia\/2024-04\/policia-federal-destroi-ponte-em-terra-indigena-no-para\" rel=\"noopener\">Ag\u00eancia Brasil<\/a><\/p>\n","protected":false},"excerpt":{"rendered":"<p>A Pol\u00edcia Federal (PF) destruiu uma ponte clandestina usada por invasores da Terra Ind\u00edgena (TI) de Apyterewa, no munic\u00edpio de S\u00e3o F\u00e9lix do Xingu, no Par\u00e1. A a\u00e7\u00e3o, realizada em conjunto com a For\u00e7a Nacional e a Funda\u00e7\u00e3o Nacional dos Povos Ind\u00edgenas (Funai), faz parte da opera\u00e7\u00e3o de Desintrus\u00e3o das Terras Ind\u00edgenas Apyterewa e Trincheira [&hellip;]<\/p>\n","protected":false},"author":1,"featured_media":3000,"comment_status":"open","ping_status":"open","sticky":false,"template":"","format":"standard","meta":{"_jetpack_newsletter_access":"","_jetpack_dont_email_post_to_subs":false,"_jetpack_newsletter_tier_id":0,"_jetpack_memberships_contains_paywalled_content":false,"_mbp_banners":[],"_jetpack_feature_clip_id":0,"_jetpack_memberships_contains_paid_content":false,"footnotes":"","jetpack_publicize_message":"","jetpack_publicize_feature_enabled":true,"jetpack_social_post_already_shared":true,"jetpack_social_options":{"image_generator_settings":{"template":"highway","default_image_id":0,"font":"","enabled":false},"version":2},"jetpack_post_was_ever_published":false},"categories":[1],"tags":[],"class_list":["post-2999","post","type-post","status-publish","format-standard","has-post-thumbnail","category-geral"],"jetpack_publicize_connections":[],"jetpack-related-posts":[],"jetpack_shortlink":"https:\/\/wp.me\/p7Eq1F-Mn","jetpack_sharing_enabled":true,"jetpack_featured_media_url":"https:\/\/i0.wp.com\/guialimeira.com.br\/news\/wp-content\/uploads\/2024\/04\/pf_2.jpeg?fit=1600%2C800&ssl=1","_links":{"self":[{"href":"https:\/\/guialimeira.com.br\/news\/wp-json\/wp\/v2\/posts\/2999","targetHints":{"allow":["GET"]}}],"collection":[{"href":"https:\/\/guialimeira.com.br\/news\/wp-json\/wp\/v2\/posts"}],"about":[{"href":"https:\/\/guialimeira.com.br\/news\/wp-json\/wp\/v2\/types\/post"}],"author":[{"embeddable":true,"href":"https:\/\/guialimeira.com.br\/news\/wp-json\/wp\/v2\/users\/1"}],"replies":[{"embeddable":true,"href":"https:\/\/guialimeira.com.br\/news\/wp-json\/wp\/v2\/comments?post=2999"}],"version-history":[{"count":0,"href":"https:\/\/guialimeira.com.br\/news\/wp-json\/wp\/v2\/posts\/2999\/revisions"}],"wp:featuredmedia":[{"embeddable":true,"href":"https:\/\/guialimeira.com.br\/news\/wp-json\/wp\/v2\/media\/3000"}],"wp:attachment":[{"href":"https:\/\/guialimeira.com.br\/news\/wp-json\/wp\/v2\/media?parent=2999"}],"wp:term":[{"taxonomy":"category","embeddable":true,"href":"https:\/\/guialimeira.com.br\/news\/wp-json\/wp\/v2\/categories?post=2999"},{"taxonomy":"post_tag","embeddable":true,"href":"https:\/\/guialimeira.com.br\/news\/wp-json\/wp\/v2\/tags?post=2999"}],"curies":[{"name":"wp","href":"https:\/\/api.w.org\/{rel}","templated":true}]}}