{"id":29964,"date":"2025-04-10T00:51:37","date_gmt":"2025-04-10T03:51:37","guid":{"rendered":"https:\/\/guialimeira.com.br\/2025\/04\/10\/palmeiras-derrota-cerro-para-permanecer-100-na-libertadores\/"},"modified":"2025-04-10T00:51:37","modified_gmt":"2025-04-10T03:51:37","slug":"palmeiras-derrota-cerro-para-permanecer-100-na-libertadores","status":"publish","type":"post","link":"https:\/\/guialimeira.com.br\/news\/palmeiras-derrota-cerro-para-permanecer-100-na-libertadores\/","title":{"rendered":"Palmeiras derrota Cerro para permanecer 100% na Libertadores"},"content":{"rendered":"<p> <br \/>\n<\/p>\n<div>\n<p>Gra\u00e7as a um gol do volante colombiano Richard R\u00edos, o Palmeiras derrotou o Cerro Porte\u00f1o (Paraguai) por 1 a 0, na noite desta quarta-feira (9) no Allianz Parque, para assumir a lideran\u00e7a isolada do Grupo G da Copa Libertadores com seis pontos.<img data-recalc-dims=\"1\" decoding=\"async\" src=\"https:\/\/i0.wp.com\/agenciabrasil.ebc.com.br\/ebc.png?w=696&#038;ssl=1\" style=\"width:1px; height:1px; display:inline;\"\/><img data-recalc-dims=\"1\" decoding=\"async\" src=\"https:\/\/i0.wp.com\/agenciabrasil.ebc.com.br\/ebc.gif?w=696&#038;ssl=1\" style=\"width:1px; height:1px; display:inline;\"\/><\/p>\n<blockquote class=\"twitter-tweet\">\n<p dir=\"ltr\" lang=\"pt\" xml:lang=\"pt\">\ud83d\udc9a\ud83e\udd0d +3\ufe0f\u20e3 para o Verd\u00e3o! O <a href=\"https:\/\/twitter.com\/Palmeiras?ref_src=twsrc%5Etfw\" rel=\"noopener\">@Palmeiras<\/a> bateu o <a href=\"https:\/\/twitter.com\/CCP1912oficial?ref_src=twsrc%5Etfw\" rel=\"noopener\">@CCP1912oficial<\/a> e assumiu a lideran\u00e7a do Grupo G da CONMEBOL <a href=\"https:\/\/twitter.com\/hashtag\/Libertadores?src=hash&amp;ref_src=twsrc%5Etfw\" rel=\"noopener\">#Libertadores<\/a> \ud83c\udfc6 <a href=\"https:\/\/t.co\/tJgWTdGkMd\">pic.twitter.com\/tJgWTdGkMd<\/a><\/p>\n<p>\u2014 CONMEBOL Libertadores (@LibertadoresBR) <a href=\"https:\/\/twitter.com\/LibertadoresBR\/status\/1910159179043533194?ref_src=twsrc%5Etfw\" rel=\"noopener\">April 10, 2025<\/a><\/p><\/blockquote>\n<p>Jogando diante de sua torcida, a equipe comandada pelo t\u00e9cnico portugu\u00eas Abel Ferreira adotou uma postura ofensiva diante da equipe paraguaia. Mas o gol saiu apenas nos \u00faltimos minutos da primeira etapa. Aos 40 minutos o uruguaio Facundo Torres cruzou para Felipe Anderson, que escorou para Richard R\u00edos tocar para o fundo do gol do Cerro Porte\u00f1o.<\/p>\n<h2>Queda do Flamengo<\/h2>\n<p>Quem teve uma noite para esquecer foi o Flamengo, que, mesmo atuando diante de sua torcida no est\u00e1dio do Maracan\u00e3, foi derrotado por 2 a 1 pelo Central C\u00f3rdoba (Argentina), em partida que foi transmitida pela <strong>R\u00e1dio Nacional<\/strong>.<\/p>\n<blockquote class=\"twitter-tweet\">\n<p dir=\"ltr\" lang=\"pt\" xml:lang=\"pt\">\ud83c\udde6\ud83c\uddf7\u26bd\ufe0f Vit\u00f3ria do <a href=\"https:\/\/twitter.com\/cacc_sde?ref_src=twsrc%5Etfw\" rel=\"noopener\">@cacc_sde<\/a> sobre o <a href=\"https:\/\/twitter.com\/Flamengo?ref_src=twsrc%5Etfw\" rel=\"noopener\">@Flamengo<\/a> no Maracan\u00e3. <a href=\"https:\/\/twitter.com\/hashtag\/Libertadores?src=hash&amp;ref_src=twsrc%5Etfw\" rel=\"noopener\">#Libertadores<\/a> <a href=\"https:\/\/twitter.com\/hashtag\/GloriaEterna?src=hash&amp;ref_src=twsrc%5Etfw\" rel=\"noopener\">#GloriaEterna<\/a> <a href=\"https:\/\/t.co\/6ww6wFzFMG\">pic.twitter.com\/6ww6wFzFMG<\/a><\/p>\n<p>\u2014 CONMEBOL Libertadores (@LibertadoresBR) <a href=\"https:\/\/twitter.com\/LibertadoresBR\/status\/1910157928100773993?ref_src=twsrc%5Etfw\" rel=\"noopener\">April 10, 2025<\/a><\/p><\/blockquote>\n<p>O Rubro-Negro mandou nas a\u00e7\u00f5es nos primeiros minutos da partida, mas viu a equipe argentina mostrar mais efici\u00eancia para abrir o placar aos 23 minutos do primeiro tempo, em cobran\u00e7a de p\u00eanalti de Heredia. Aos 43 minutos o Central chegou ao segundo, quando Florent\u00edn marcou de cabe\u00e7a ap\u00f3s cobran\u00e7a de escanteio de Cufr\u00e9.<\/p>\n<p>Aos 15 minutos da etapa final o time da G\u00e1vea ainda conseguiu descontar com o uruguaio De la Cruz em bela cobran\u00e7a de falta. Por\u00e9m, o Flamengo n\u00e3o conseguiu buscar o empate.<\/p>\n<h2>Vit\u00f3ria do Bahia<\/h2>\n<p>No Grupo F o Bahia foi at\u00e9 o est\u00e1dio Parque Central, em Montevid\u00e9u, para derrotar o Nacional (Uruguai) por 1 a 0. Esta foi a primeira vit\u00f3ria do Tricolor pela competi\u00e7\u00e3o continental na hist\u00f3ria atuando fora de casa.<\/p>\n<blockquote class=\"twitter-tweet\">\n<p dir=\"ltr\" lang=\"pt\" xml:lang=\"pt\">\ud83c\uddf1\ud83c\uddfa\ud83d\udd25 ESQUADR\u00c3O! Vit\u00f3ria do <a href=\"https:\/\/twitter.com\/ecbahia?ref_src=twsrc%5Etfw\" rel=\"noopener\">@ecbahia<\/a> contra o <a href=\"https:\/\/twitter.com\/Nacional?ref_src=twsrc%5Etfw\" rel=\"noopener\">@Nacional<\/a> em Montevid\u00e9u. <a href=\"https:\/\/twitter.com\/hashtag\/BBMP?src=hash&amp;ref_src=twsrc%5Etfw\" rel=\"noopener\">#BBMP<\/a> <a href=\"https:\/\/twitter.com\/hashtag\/Libertadores?src=hash&amp;ref_src=twsrc%5Etfw\" rel=\"noopener\">#Libertadores<\/a> <a href=\"https:\/\/twitter.com\/hashtag\/GloriaEterna?src=hash&amp;ref_src=twsrc%5Etfw\" rel=\"noopener\">#GloriaEterna<\/a> <a href=\"https:\/\/t.co\/CEJMgGghhs\">pic.twitter.com\/CEJMgGghhs<\/a><\/p>\n<p>\u2014 CONMEBOL Libertadores (@LibertadoresBR) <a href=\"https:\/\/twitter.com\/LibertadoresBR\/status\/1910119347462303877?ref_src=twsrc%5Etfw\" rel=\"noopener\">April 9, 2025<\/a><\/p><\/blockquote>\n<p>Em um confronto dif\u00edcil, a equipe comandada pelo t\u00e9cnico Rog\u00e9rio Ceni assegurou os tr\u00eas pontos aos 19 minutos da etapa final, quando o atacante Erick Pulga recebeu na ponta esquerda e bateu cruzado para superar o goleiro Mej\u00eda.<\/p>\n<p>      <!-- Relacionada --><\/p>\n<p>            <!-- Relacionada -->\n    <\/div>\n<p><script async src=\"\/\/platform.twitter.com\/widgets.js\" charset=\"utf-8\"><\/script><br \/>\n<br \/><br \/>\n<br \/><a href=\"https:\/\/agenciabrasil.ebc.com.br\/esportes\/noticia\/2025-04\/palmeiras-derrota-cerro-para-permanecer-100-na-libertadores\" rel=\"noopener\">Ag\u00eancia Brasil<\/a><\/p>\n","protected":false},"excerpt":{"rendered":"<p>Gra\u00e7as a um gol do volante colombiano Richard R\u00edos, o Palmeiras derrotou o Cerro Porte\u00f1o (Paraguai) por 1 a 0, na noite desta quarta-feira (9) no Allianz Parque, para assumir a lideran\u00e7a isolada do Grupo G da Copa Libertadores com seis pontos. \ud83d\udc9a\ud83e\udd0d +3\ufe0f\u20e3 para o Verd\u00e3o! O @Palmeiras bateu o @CCP1912oficial e assumiu a [&hellip;]<\/p>\n","protected":false},"author":1,"featured_media":29965,"comment_status":"open","ping_status":"open","sticky":false,"template":"","format":"standard","meta":{"_jetpack_newsletter_access":"","_jetpack_dont_email_post_to_subs":false,"_jetpack_newsletter_tier_id":0,"_jetpack_memberships_contains_paywalled_content":false,"_mbp_banners":[],"_jetpack_feature_clip_id":0,"_jetpack_memberships_contains_paid_content":false,"footnotes":"","jetpack_publicize_message":"","jetpack_publicize_feature_enabled":true,"jetpack_social_post_already_shared":true,"jetpack_social_options":{"image_generator_settings":{"template":"highway","default_image_id":0,"font":"","enabled":false},"version":2},"jetpack_post_was_ever_published":false},"categories":[23],"tags":[],"class_list":["post-29964","post","type-post","status-publish","format-standard","has-post-thumbnail","category-esportes"],"jetpack_publicize_connections":[],"jetpack-related-posts":[],"jetpack_shortlink":"https:\/\/wp.me\/p7Eq1F-7Ni","jetpack_sharing_enabled":true,"jetpack_featured_media_url":"https:\/\/i0.wp.com\/guialimeira.com.br\/news\/wp-content\/uploads\/2025\/04\/54442301969_bc19f8364f_o.jpg?fit=1600%2C800&ssl=1","_links":{"self":[{"href":"https:\/\/guialimeira.com.br\/news\/wp-json\/wp\/v2\/posts\/29964","targetHints":{"allow":["GET"]}}],"collection":[{"href":"https:\/\/guialimeira.com.br\/news\/wp-json\/wp\/v2\/posts"}],"about":[{"href":"https:\/\/guialimeira.com.br\/news\/wp-json\/wp\/v2\/types\/post"}],"author":[{"embeddable":true,"href":"https:\/\/guialimeira.com.br\/news\/wp-json\/wp\/v2\/users\/1"}],"replies":[{"embeddable":true,"href":"https:\/\/guialimeira.com.br\/news\/wp-json\/wp\/v2\/comments?post=29964"}],"version-history":[{"count":0,"href":"https:\/\/guialimeira.com.br\/news\/wp-json\/wp\/v2\/posts\/29964\/revisions"}],"wp:featuredmedia":[{"embeddable":true,"href":"https:\/\/guialimeira.com.br\/news\/wp-json\/wp\/v2\/media\/29965"}],"wp:attachment":[{"href":"https:\/\/guialimeira.com.br\/news\/wp-json\/wp\/v2\/media?parent=29964"}],"wp:term":[{"taxonomy":"category","embeddable":true,"href":"https:\/\/guialimeira.com.br\/news\/wp-json\/wp\/v2\/categories?post=29964"},{"taxonomy":"post_tag","embeddable":true,"href":"https:\/\/guialimeira.com.br\/news\/wp-json\/wp\/v2\/tags?post=29964"}],"curies":[{"name":"wp","href":"https:\/\/api.w.org\/{rel}","templated":true}]}}