{"id":29957,"date":"2025-04-09T22:23:38","date_gmt":"2025-04-10T01:23:38","guid":{"rendered":"https:\/\/guialimeira.com.br\/?p=29957"},"modified":"2025-04-09T22:23:38","modified_gmt":"2025-04-10T01:23:38","slug":"governo-federal-libera-verba-para-reconstrucao-de-petropolis","status":"publish","type":"post","link":"https:\/\/guialimeira.com.br\/news\/governo-federal-libera-verba-para-reconstrucao-de-petropolis\/","title":{"rendered":"Governo federal libera verba para reconstru\u00e7\u00e3o de Petr\u00f3polis"},"content":{"rendered":"\n<figure class=\"wp-block-gallery has-nested-images columns-default is-cropped wp-block-gallery-1 is-layout-flex wp-block-gallery-is-layout-flex\">\n<figure class=\"wp-block-image size-large\"><\/figure>\n\t\t\t\t\t\n<figure class=\"wp-block-image size-large\"><img loading=\"lazy\" decoding=\"async\" width=\"1\" height=\"1\" data-attachment-id=\"29956\" data-permalink=\"https:\/\/guialimeira.com.br\/news\/governo-federal-libera-verba-para-reconstrucao-de-petropolis-2\/\" data-orig-file=\"https:\/\/i0.wp.com\/guialimeira.com.br\/news\/wp-content\/uploads\/2025\/04\/1744248215_354_ebc.gif?fit=1%2C1&amp;ssl=1\" data-orig-size=\"1,1\" data-comments-opened=\"1\" data-image-meta=\"{&quot;aperture&quot;:&quot;0&quot;,&quot;credit&quot;:&quot;&quot;,&quot;camera&quot;:&quot;&quot;,&quot;caption&quot;:&quot;&quot;,&quot;created_timestamp&quot;:&quot;0&quot;,&quot;copyright&quot;:&quot;&quot;,&quot;focal_length&quot;:&quot;0&quot;,&quot;iso&quot;:&quot;0&quot;,&quot;shutter_speed&quot;:&quot;0&quot;,&quot;title&quot;:&quot;&quot;,&quot;orientation&quot;:&quot;0&quot;}\" data-image-title=\"Governo federal libera verba para reconstru\u00e7\u00e3o de Petr\u00f3polis\" data-image-description=\"\" data-image-caption=\"\" data-large-file=\"https:\/\/i0.wp.com\/guialimeira.com.br\/news\/wp-content\/uploads\/2025\/04\/1744248215_354_ebc.gif?fit=1%2C1&amp;ssl=1\" data-id=\"29956\" src=\"https:\/\/i0.wp.com\/guialimeira.com.br\/wp-content\/uploads\/2025\/04\/1744248215_354_ebc.gif?resize=1%2C1&amp;ssl=1\" alt=\"\" class=\"wp-image-29956\" \/><\/figure>\n\t\t\t\t\t<\/figure>\n \r\n<br><div>\n                    <p><strong>O Minist\u00e9rio da Integra\u00e7\u00e3o e do Desenvolvimento Regional autorizou nesta quarta-feira (9), o repasse de R$ 951 mil de ajuda humanit\u00e1ria para as <a href=\"http:\/\/agenciabrasil.ebc.com.br\/geral\/noticia\/2025-04\/defesas-civis-vistoriam-locais-atingidos-por-temporal-em-petropolis\" rel=\"noopener\">fam\u00edlias atingidas pelo temporal<\/a> do fim de semana passado na cidade de Petr\u00f3polis, regi\u00e3o serrana do Rio. Outros R$ 756 mil est\u00e3o autorizados para a recupera\u00e7\u00e3o da cidade.<\/strong><img data-recalc-dims=\"1\" decoding=\"async\" src=\"https:\/\/i0.wp.com\/guialimeira.com.br\/wp-content\/uploads\/2025\/04\/1744248214_513_ebc.png?w=696&#038;ssl=1\" style=\"width:1px;height:1px\" \/><img data-recalc-dims=\"1\" decoding=\"async\" src=\"https:\/\/i0.wp.com\/guialimeira.com.br\/wp-content\/uploads\/2025\/04\/1744248215_354_ebc.gif?w=696&#038;ssl=1\" style=\"width:1px;height:1px\" \/><\/p>\n\n<p>O ministro da pasta, Waldez G\u00f3es disse que <strong>os repasses \u00e0s cidades atingidas podem chegar a R$ 10 milh\u00f5es<\/strong>. Ele lembrou a aprova\u00e7\u00e3o do plano para Angra dos Reis de <a href=\"http:\/\/agenciabrasil.ebc.com.br\/geral\/noticia\/2025-04\/governo-federal-anuncia-r-41-milhoes-para-ajuda-angra-dos-reis\" rel=\"noopener\">ajuda humanit\u00e1ria no valor de R$ 4 milh\u00f5es<\/a> na \u00faltima ter\u00e7a-feira (8).\u00a0<\/p>\n\n<blockquote>\n<p>\u201cAinda tem um terceiro plano para a reconstru\u00e7\u00e3o do cemit\u00e9rio, e tamb\u00e9m outros planos de reconstru\u00e7\u00e3o que somados, devem chegar em torno de R$ 10 milh\u00f5es para Petr\u00f3polis, junto com os planos que ainda vamos aprovar para Angra dos Reis\u201d, disse.<\/p>\n<\/blockquote>\n\n<p>O prefeito de Petr\u00f3polis, Hingo Hammes agradeceu o esfor\u00e7o do governo federal em dar assist\u00eancia r\u00e1pida \u00e0 popula\u00e7\u00e3o.\u00a0<\/p>\n\n<blockquote>\n<p>\u201cEssa \u00e9 a recomenda\u00e7\u00e3o do presidente Lula: atuar dando assist\u00eancia \u00e0 popula\u00e7\u00e3o, em parceria com os prefeitos. A gente trabalhou antes do evento, durante o evento e no p\u00f3s-evento para diminuir o sofrimento da popula\u00e7\u00e3o\u201d, avaliou G\u00f3es.<\/p>\n<\/blockquote>\n\n      <!-- Relacionada -->\n              \n            <!-- Relacionada -->\n    <\/div>\r\n<br>\r\n<br><a href=\"https:\/\/agenciabrasil.ebc.com.br\/politica\/noticia\/2025-04\/governo-federal-libera-verba-para-reconstrucao-de-petropolis\" rel=\"noopener\">Ag\u00eancia Brasil<\/a>","protected":false},"excerpt":{"rendered":"<p>O Minist\u00e9rio da Integra\u00e7\u00e3o e do Desenvolvimento Regional autorizou nesta quarta-feira (9), o repasse de R$ 951 mil de ajuda humanit\u00e1ria para as fam\u00edlias atingidas pelo temporal do fim de semana passado na cidade de Petr\u00f3polis, regi\u00e3o serrana do Rio. Outros R$ 756 mil est\u00e3o autorizados para a recupera\u00e7\u00e3o da cidade. O ministro da pasta, [&hellip;]<\/p>\n","protected":false},"author":1,"featured_media":29958,"comment_status":"open","ping_status":"open","sticky":false,"template":"","format":"standard","meta":{"_jetpack_newsletter_access":"","_jetpack_dont_email_post_to_subs":false,"_jetpack_newsletter_tier_id":0,"_jetpack_memberships_contains_paywalled_content":false,"_mbp_banners":[],"_jetpack_feature_clip_id":0,"_jetpack_memberships_contains_paid_content":false,"footnotes":"","jetpack_publicize_message":"","jetpack_publicize_feature_enabled":true,"jetpack_social_post_already_shared":true,"jetpack_social_options":{"image_generator_settings":{"template":"highway","default_image_id":0,"font":"","enabled":false},"version":2},"jetpack_post_was_ever_published":false},"categories":[19],"tags":[],"class_list":["post-29957","post","type-post","status-publish","format-standard","has-post-thumbnail","category-politica"],"jetpack_publicize_connections":[],"jetpack-related-posts":[],"jetpack_shortlink":"https:\/\/wp.me\/p7Eq1F-7Nb","jetpack_sharing_enabled":true,"jetpack_featured_media_url":"https:\/\/i0.wp.com\/guialimeira.com.br\/news\/wp-content\/uploads\/2025\/04\/Governo-federal-libera-verba-para-reconstrucao-de-Petropolis.jpeg?fit=1600%2C800&ssl=1","_links":{"self":[{"href":"https:\/\/guialimeira.com.br\/news\/wp-json\/wp\/v2\/posts\/29957","targetHints":{"allow":["GET"]}}],"collection":[{"href":"https:\/\/guialimeira.com.br\/news\/wp-json\/wp\/v2\/posts"}],"about":[{"href":"https:\/\/guialimeira.com.br\/news\/wp-json\/wp\/v2\/types\/post"}],"author":[{"embeddable":true,"href":"https:\/\/guialimeira.com.br\/news\/wp-json\/wp\/v2\/users\/1"}],"replies":[{"embeddable":true,"href":"https:\/\/guialimeira.com.br\/news\/wp-json\/wp\/v2\/comments?post=29957"}],"version-history":[{"count":1,"href":"https:\/\/guialimeira.com.br\/news\/wp-json\/wp\/v2\/posts\/29957\/revisions"}],"predecessor-version":[{"id":29959,"href":"https:\/\/guialimeira.com.br\/news\/wp-json\/wp\/v2\/posts\/29957\/revisions\/29959"}],"wp:featuredmedia":[{"embeddable":true,"href":"https:\/\/guialimeira.com.br\/news\/wp-json\/wp\/v2\/media\/29958"}],"wp:attachment":[{"href":"https:\/\/guialimeira.com.br\/news\/wp-json\/wp\/v2\/media?parent=29957"}],"wp:term":[{"taxonomy":"category","embeddable":true,"href":"https:\/\/guialimeira.com.br\/news\/wp-json\/wp\/v2\/categories?post=29957"},{"taxonomy":"post_tag","embeddable":true,"href":"https:\/\/guialimeira.com.br\/news\/wp-json\/wp\/v2\/tags?post=29957"}],"curies":[{"name":"wp","href":"https:\/\/api.w.org\/{rel}","templated":true}]}}