{"id":29939,"date":"2025-04-09T18:47:43","date_gmt":"2025-04-09T21:47:43","guid":{"rendered":"https:\/\/guialimeira.com.br\/?p=29939"},"modified":"2025-04-09T18:47:43","modified_gmt":"2025-04-09T21:47:43","slug":"legislativo-limeirense-e-referencia-para-outras-camaras","status":"publish","type":"post","link":"https:\/\/guialimeira.com.br\/news\/legislativo-limeirense-e-referencia-para-outras-camaras\/","title":{"rendered":"Legislativo limeirense \u00e9 refer\u00eancia para outras c\u00e2maras"},"content":{"rendered":"\n<figure class=\"wp-block-gallery has-nested-images columns-default is-cropped wp-block-gallery-1 is-layout-flex wp-block-gallery-is-layout-flex\"><\/figure>\n \r\n<br><img data-recalc-dims=\"1\" decoding=\"async\" src=\"https:\/\/i0.wp.com\/guialimeira.com.br\/wp-content\/uploads\/2025\/04\/2025-04-09_legislativo-limeirense-e-referencia-para-outras-camaras_1.jpg?w=696&#038;ssl=1\" \/><br><div>\n\t\t\t\t\t<p>Na manh\u00e3 desta quarta-feira, 9 de abril, o presidente da C\u00e2mara Municipal de Limeira, Everton Ferreira (PSD), recebeu a visita do vereador J\u00falio C\u00e9sar, o Kif\u00fa (PL), presidente da C\u00e2mara de Santa B\u00e1rbara d\u2019Oeste. O objetivo do encontro foi conhecer o funcionamento da Casa de Leis limeirense. Tamb\u00e9m participou da visita o ex-vereador Betinho Neves, atualmente assessor de gabinete na Prefeitura da cidade vizinha.\u00a0<\/p><p>&#8220;Fico muito feliz pela C\u00e2mara Municipal de Limeira ser refer\u00eancia para as outras C\u00e2maras&#8221;, considerou Everton Ferreira, que explicou sobre o Regimento Interno da C\u00e2mara de Limeira, a tramita\u00e7\u00e3o de projetos, al\u00e9m de gui\u00e1-lo pelos departamentos da Casa. Eles tamb\u00e9m visitaram o pr\u00e9dio do Legislativo limeirense que passa por amplia\u00e7\u00e3o e reforma para tornar o espa\u00e7o p\u00fablico mais inclusivo e sustent\u00e1vel.<\/p>\t\t\t\t<\/div>\r\n<br>\r\n<br><a href=\"https:\/\/www.limeira.sp.leg.br\/noticias\/view\/2025-04-09_legislativo-limeirense-e-referencia-para-outras-camaras\" rel=\"noopener\">Informa\u00e7\u00f5es CML <\/a>","protected":false},"excerpt":{"rendered":"<p>Na manh\u00e3 desta quarta-feira, 9 de abril, o presidente da C\u00e2mara Municipal de Limeira, Everton Ferreira (PSD), recebeu a visita do vereador J\u00falio C\u00e9sar, o Kif\u00fa (PL), presidente da C\u00e2mara de Santa B\u00e1rbara d\u2019Oeste. O objetivo do encontro foi conhecer o funcionamento da Casa de Leis limeirense. Tamb\u00e9m participou da visita o ex-vereador Betinho Neves, [&hellip;]<\/p>\n","protected":false},"author":1,"featured_media":29940,"comment_status":"open","ping_status":"open","sticky":false,"template":"","format":"standard","meta":{"_jetpack_newsletter_access":"","_jetpack_dont_email_post_to_subs":false,"_jetpack_newsletter_tier_id":0,"_jetpack_memberships_contains_paywalled_content":false,"_mbp_banners":[],"_jetpack_feature_clip_id":0,"_jetpack_memberships_contains_paid_content":false,"footnotes":"","jetpack_publicize_message":"","jetpack_publicize_feature_enabled":true,"jetpack_social_post_already_shared":true,"jetpack_social_options":{"image_generator_settings":{"template":"highway","default_image_id":0,"font":"","enabled":false},"version":2},"jetpack_post_was_ever_published":false},"categories":[19],"tags":[],"class_list":["post-29939","post","type-post","status-publish","format-standard","has-post-thumbnail","category-politica"],"jetpack_publicize_connections":[],"jetpack-related-posts":[],"jetpack_shortlink":"https:\/\/wp.me\/p7Eq1F-7MT","jetpack_sharing_enabled":true,"jetpack_featured_media_url":"https:\/\/i0.wp.com\/guialimeira.com.br\/news\/wp-content\/uploads\/2025\/04\/Legislativo-limeirense-e-referencia-para-outras-camaras.jpg?fit=1280%2C640&ssl=1","_links":{"self":[{"href":"https:\/\/guialimeira.com.br\/news\/wp-json\/wp\/v2\/posts\/29939","targetHints":{"allow":["GET"]}}],"collection":[{"href":"https:\/\/guialimeira.com.br\/news\/wp-json\/wp\/v2\/posts"}],"about":[{"href":"https:\/\/guialimeira.com.br\/news\/wp-json\/wp\/v2\/types\/post"}],"author":[{"embeddable":true,"href":"https:\/\/guialimeira.com.br\/news\/wp-json\/wp\/v2\/users\/1"}],"replies":[{"embeddable":true,"href":"https:\/\/guialimeira.com.br\/news\/wp-json\/wp\/v2\/comments?post=29939"}],"version-history":[{"count":1,"href":"https:\/\/guialimeira.com.br\/news\/wp-json\/wp\/v2\/posts\/29939\/revisions"}],"predecessor-version":[{"id":29941,"href":"https:\/\/guialimeira.com.br\/news\/wp-json\/wp\/v2\/posts\/29939\/revisions\/29941"}],"wp:featuredmedia":[{"embeddable":true,"href":"https:\/\/guialimeira.com.br\/news\/wp-json\/wp\/v2\/media\/29940"}],"wp:attachment":[{"href":"https:\/\/guialimeira.com.br\/news\/wp-json\/wp\/v2\/media?parent=29939"}],"wp:term":[{"taxonomy":"category","embeddable":true,"href":"https:\/\/guialimeira.com.br\/news\/wp-json\/wp\/v2\/categories?post=29939"},{"taxonomy":"post_tag","embeddable":true,"href":"https:\/\/guialimeira.com.br\/news\/wp-json\/wp\/v2\/tags?post=29939"}],"curies":[{"name":"wp","href":"https:\/\/api.w.org\/{rel}","templated":true}]}}