{"id":29927,"date":"2025-04-09T17:46:31","date_gmt":"2025-04-09T20:46:31","guid":{"rendered":"https:\/\/guialimeira.com.br\/?p=29927"},"modified":"2025-04-09T17:46:31","modified_gmt":"2025-04-09T20:46:31","slug":"comissao-de-educacao-questiona-medidas-adotadas-pela-prefeitura-em-relacao-a-greve","status":"publish","type":"post","link":"https:\/\/guialimeira.com.br\/news\/comissao-de-educacao-questiona-medidas-adotadas-pela-prefeitura-em-relacao-a-greve\/","title":{"rendered":"Comiss\u00e3o de Educa\u00e7\u00e3o questiona medidas adotadas pela Prefeitura em rela\u00e7\u00e3o \u00e0 greve"},"content":{"rendered":"\n<figure class=\"wp-block-gallery has-nested-images columns-default is-cropped wp-block-gallery-1 is-layout-flex wp-block-gallery-is-layout-flex\"><\/figure>\n \r\n<br><img data-recalc-dims=\"1\" decoding=\"async\" src=\"https:\/\/i0.wp.com\/guialimeira.com.br\/wp-content\/uploads\/2025\/04\/2025-04-09_comissao-de-educacao-questiona-medidas-adotadas-pela-prefeitura-em-relacao-a-greve_1.jpg?w=696&#038;ssl=1\" \/><br><div>\n\t\t\t\t\t<p>As medidas adotadas pela Prefeitura em rela\u00e7\u00e3o \u00e0 greve dos servidores municipais foram objeto de questionamento da Comiss\u00e3o de Educa\u00e7\u00e3o da C\u00e2mara. Os vereadores buscam informa\u00e7\u00f5es sobre qual procedimento ser\u00e1 adotado pela Secretaria Municipal de Educa\u00e7\u00e3o para reposi\u00e7\u00e3o das horas relativas aos dias de paralisa\u00e7\u00e3o. O colegiado debateu ainda sobre a falta de cobertura das quadras das escolas e sindic\u00e2ncias.<\/p><p>Para elaborar o pedido de esclarecimentos, a Comiss\u00e3o considerou a<a href=\"https:\/\/ecrie.com.br\/Sistema\/Conteudos\/DiarioOficial\/upload\/u_137_31032025165404.pdf\" rel=\"noopener\"> Portaria N\u00ba 798\/2025<\/a>, publicada pelo Poder Executivo no dia 31 de mar\u00e7o. No ato normativo, o prefeito Murilo Felix (Podemos) estabeleceu que \u201ctodos os servidores p\u00fablicos que aderirem \u00e0 greve ter\u00e3o seu contrato de trabalho suspenso, tendo descontados os dias de paralisa\u00e7\u00e3o\u201d. Diante disso, os vereadores questionam como ser\u00e1 feita a reposi\u00e7\u00e3o dessas horas, uma vez que a<a href=\"https:\/\/www.planalto.gov.br\/ccivil_03\/leis\/l9394.htm\" rel=\"noopener\"> Lei de Diretrizes e Bases da Educa\u00e7\u00e3o Nacional<\/a> define a carga hor\u00e1ria m\u00ednima anual de efetivo trabalho escolar.<\/p><p>Ainda em rela\u00e7\u00e3o \u00e0 greve, o colegiado deliberou pela expedi\u00e7\u00e3o de of\u00edcio para que a Prefeitura esclare\u00e7a o motivo da visita de um servidor, lotado na Secretaria de Mobilidade Urbana, nas escolas do munic\u00edpio, visando a fiscaliza\u00e7\u00e3o do ponto dos servidores da educa\u00e7\u00e3o. Conforme relatado pelos membros, isso ocorreu no dia 3 de abril, por volta das 9h30. Os vereadores perguntam se a visita aconteceu durante o hor\u00e1rio de trabalho do servidor, se ele tem compet\u00eancia para tal fiscaliza\u00e7\u00e3o e se ser\u00e1 apurado em processo de sindic\u00e2ncia eventual desvio de fun\u00e7\u00e3o desse servidor.\u00a0\u00a0\u00a0<\/p><p><strong>Quadras nas escolas<\/strong><\/p><p>A Prefeitura tamb\u00e9m dever\u00e1 responder \u00e0 Comiss\u00e3o acerca do andamento dos processos junto ao Fundo Nacional de Desenvolvimento da Educa\u00e7\u00e3o (FNDE) para o custeio da cobertura das quadras esportivas das seguintes escolas: EMEIEF Padre Maur\u00edcio Sebasti\u00e3o Ferreira, CEIEF Deovaldo Teixeira de Carvalho, EMEIEF Benedicta de Toledo, EMEIEF Cassiana Maria Soares Lenci.<\/p><p>Em rela\u00e7\u00e3o ao Termo de Compromisso de cada obra, o prazo final era 25 de mar\u00e7o deste ano. Os parlamentares perguntam se haver\u00e1 prorroga\u00e7\u00e3o do prazo do FNDE.<\/p><p><strong>Sindic\u00e2ncias\u00a0\u00a0<\/strong><\/p><p>Por fim, os membros debateram sobre os processos de sindic\u00e2ncias abertos pelo Poder Executivo. Diante do d\u00e9ficit dos profissionais de educa\u00e7\u00e3o, eles questionam qual o fundamento t\u00e9cnico e legal para convoca\u00e7\u00e3o de profissionais para compor as comiss\u00f5es de sindic\u00e2ncia.<\/p><p><strong>A Comiss\u00e3o<\/strong><\/p><p>Fazem parte da Comiss\u00e3o de Educa\u00e7\u00e3o a vereadora Mariana Calsa (MDB), presidente; Nilton Santos (Republicanos), vice-presidente, e Waguinho da Santa Luzia (PP), secret\u00e1rio. Todas as delibera\u00e7\u00f5es s\u00e3o registradas em <a href=\"http:\/\/consulta.limeira.sp.leg.br\/Sessoes\/Sessao\/3508\" rel=\"noopener\">ata<\/a>.<\/p><p>O colegiado tem como compet\u00eancia a fiscaliza\u00e7\u00e3o de assuntos relacionados \u00e0 educa\u00e7\u00e3o e ao ensino. Os membros tamb\u00e9m s\u00e3o respons\u00e1veis por abordar a pol\u00edtica e sistema educacional nos aspectos institucionais, estruturais, funcionais e legais, al\u00e9m de opinarem acerca de projetos da rede municipal de ensino, programas e pol\u00edticas p\u00fablicas que tratem do ambiente escolar, dos professores e estudantes, bem como servidores da rede de ensino, servi\u00e7os, equipamentos e programas educacionais.<\/p>\t\t\t\t<\/div>\r\n<br>\r\n<br><a href=\"https:\/\/www.limeira.sp.leg.br\/noticias\/view\/2025-04-09_comissao-de-educacao-questiona-medidas-adotadas-pela-prefeitura-em-relacao-a-greve\" rel=\"noopener\">Informa\u00e7\u00f5es CML <\/a>","protected":false},"excerpt":{"rendered":"<p>As medidas adotadas pela Prefeitura em rela\u00e7\u00e3o \u00e0 greve dos servidores municipais foram objeto de questionamento da Comiss\u00e3o de Educa\u00e7\u00e3o da C\u00e2mara. Os vereadores buscam informa\u00e7\u00f5es sobre qual procedimento ser\u00e1 adotado pela Secretaria Municipal de Educa\u00e7\u00e3o para reposi\u00e7\u00e3o das horas relativas aos dias de paralisa\u00e7\u00e3o. O colegiado debateu ainda sobre a falta de cobertura das [&hellip;]<\/p>\n","protected":false},"author":1,"featured_media":29928,"comment_status":"open","ping_status":"open","sticky":false,"template":"","format":"standard","meta":{"_jetpack_newsletter_access":"","_jetpack_dont_email_post_to_subs":false,"_jetpack_newsletter_tier_id":0,"_jetpack_memberships_contains_paywalled_content":false,"_mbp_banners":[],"_jetpack_feature_clip_id":0,"_jetpack_memberships_contains_paid_content":false,"footnotes":"","jetpack_publicize_message":"","jetpack_publicize_feature_enabled":true,"jetpack_social_post_already_shared":true,"jetpack_social_options":{"image_generator_settings":{"template":"highway","default_image_id":0,"font":"","enabled":false},"version":2},"jetpack_post_was_ever_published":false},"categories":[19],"tags":[],"class_list":["post-29927","post","type-post","status-publish","format-standard","has-post-thumbnail","category-politica"],"jetpack_publicize_connections":[],"jetpack-related-posts":[],"jetpack_shortlink":"https:\/\/wp.me\/p7Eq1F-7MH","jetpack_sharing_enabled":true,"jetpack_featured_media_url":"https:\/\/i0.wp.com\/guialimeira.com.br\/news\/wp-content\/uploads\/2025\/04\/Comissao-de-Educacao-questiona-medidas-adotadas-pela-Prefeitura-em-relacao.jpg?fit=1280%2C640&ssl=1","_links":{"self":[{"href":"https:\/\/guialimeira.com.br\/news\/wp-json\/wp\/v2\/posts\/29927","targetHints":{"allow":["GET"]}}],"collection":[{"href":"https:\/\/guialimeira.com.br\/news\/wp-json\/wp\/v2\/posts"}],"about":[{"href":"https:\/\/guialimeira.com.br\/news\/wp-json\/wp\/v2\/types\/post"}],"author":[{"embeddable":true,"href":"https:\/\/guialimeira.com.br\/news\/wp-json\/wp\/v2\/users\/1"}],"replies":[{"embeddable":true,"href":"https:\/\/guialimeira.com.br\/news\/wp-json\/wp\/v2\/comments?post=29927"}],"version-history":[{"count":1,"href":"https:\/\/guialimeira.com.br\/news\/wp-json\/wp\/v2\/posts\/29927\/revisions"}],"predecessor-version":[{"id":29929,"href":"https:\/\/guialimeira.com.br\/news\/wp-json\/wp\/v2\/posts\/29927\/revisions\/29929"}],"wp:featuredmedia":[{"embeddable":true,"href":"https:\/\/guialimeira.com.br\/news\/wp-json\/wp\/v2\/media\/29928"}],"wp:attachment":[{"href":"https:\/\/guialimeira.com.br\/news\/wp-json\/wp\/v2\/media?parent=29927"}],"wp:term":[{"taxonomy":"category","embeddable":true,"href":"https:\/\/guialimeira.com.br\/news\/wp-json\/wp\/v2\/categories?post=29927"},{"taxonomy":"post_tag","embeddable":true,"href":"https:\/\/guialimeira.com.br\/news\/wp-json\/wp\/v2\/tags?post=29927"}],"curies":[{"name":"wp","href":"https:\/\/api.w.org\/{rel}","templated":true}]}}