{"id":29913,"date":"2025-04-09T16:45:43","date_gmt":"2025-04-09T19:45:43","guid":{"rendered":"https:\/\/guialimeira.com.br\/?p=29913"},"modified":"2025-04-09T16:45:43","modified_gmt":"2025-04-09T19:45:43","slug":"mariana-calsa-articula-parcerias-na-alesp-em-defesa-de-mulheres-jovens-e-pessoas-com-altas-habilidades","status":"publish","type":"post","link":"https:\/\/guialimeira.com.br\/news\/mariana-calsa-articula-parcerias-na-alesp-em-defesa-de-mulheres-jovens-e-pessoas-com-altas-habilidades\/","title":{"rendered":"Mariana Calsa articula parcerias na Alesp em defesa de mulheres, jovens e pessoas com altas habilidades"},"content":{"rendered":"\n<figure class=\"wp-block-gallery has-nested-images columns-default is-cropped wp-block-gallery-1 is-layout-flex wp-block-gallery-is-layout-flex\"><\/figure>\n \r\n<br><img data-recalc-dims=\"1\" decoding=\"async\" src=\"https:\/\/i0.wp.com\/guialimeira.com.br\/wp-content\/uploads\/2025\/04\/2025-04-09_mariana-calsa-articula-parcerias-na-alesp-em-defesa-de-mulheres-jovens-e-pessoas-com-alta.png?w=696&#038;ssl=1\" \/><br><div>\n\t\t\t\t\t<p>Nesta ter\u00e7a-feira, 8 de abril, a vereadora Mariana Calsa (MDB) esteve na Assembleia Legislativa do Estado de S\u00e3o Paulo (Alesp) em busca de apoio e recursos para projetos voltados \u00e0s mulheres, aos jovens e \u00e0s pessoas com altas habilidades e superdota\u00e7\u00e3o.<\/p><p>Durante a visita, Mariana se reuniu com as deputadas estaduais Andr\u00e9a Werner (PSB) e Marina Helou (REDE), al\u00e9m de protocolar of\u00edcios junto \u00e0s equipes dos deputados Caio Fran\u00e7a (PSB) e Analice Fernandes (PSDB).<\/p><p><strong>Altas habilidades e superdota\u00e7\u00e3o<\/strong><\/p><p>Em encontro com a deputada Andr\u00e9a Werner \u2014 mulher autista, ativista pelos direitos das pessoas com defici\u00eancia e refer\u00eancia na pauta da neurodiverg\u00eancia \u2014, Mariana tratou da cria\u00e7\u00e3o de um N\u00facleo Municipal de Altas Habilidades e Superdota\u00e7\u00e3o em Limeira. A vereadora solicitou uma emenda parlamentar para viabilizar o projeto e refor\u00e7ou a necessidade de a\u00e7\u00f5es de conscientiza\u00e7\u00e3o sobre o tema.<\/p><p>\u201cTemos recebido muitos pedidos de apoio no gabinete. A falta de conhecimento sobre altas habilidades, especialmente no ambiente escolar, tem dificultado a inclus\u00e3o e o suporte adequado \u00e0s fam\u00edlias\u201d, destacou Mariana.<\/p><p><strong>Sa\u00fade da mulher e pr\u00e9-natal<\/strong><\/p><p>A vereadora relatou que tamb\u00e9m esteve com a deputada Marina Helou, cuja atua\u00e7\u00e3o \u00e9 voltada para a inf\u00e2ncia, meio ambiente, desenvolvimento sustent\u00e1vel e os direitos das mulheres e meninas. Mariana apresentou a demanda por exames de pr\u00e9-natal em Limeira, com o objetivo de melhorar o acompanhamento das gestantes e contribuir para a redu\u00e7\u00e3o das ces\u00e1reas.<\/p><p>Dados da Prefeitura apontam que, no \u00faltimo ano, foram registrados 1.043 partos normais e 2.061 ces\u00e1reas no munic\u00edpio. Segundo Mariana, o n\u00famero pode indicar falta de informa\u00e7\u00e3o ou acompanhamento adequado durante a gesta\u00e7\u00e3o.<\/p><p><strong>Feira de profiss\u00f5es e prote\u00e7\u00e3o \u00e0s mulheres<\/strong><\/p><p>Ainda durante a agenda na Alesp, a parlamentar protocolou of\u00edcios nos gabinetes dos deputados Caio Fran\u00e7a e Analice Fernandes. Entre os pedidos, est\u00e3o o apoio \u00e0 realiza\u00e7\u00e3o de uma Feira de Profiss\u00f5es voltada aos jovens estudantes e o envio de recursos para a amplia\u00e7\u00e3o da \u201cCasa da Mulher V\u00edtima de Viol\u00eancia\u201d.<\/p><p>\u201cEsse di\u00e1logo com os deputados estaduais \u00e9 essencial para levar mais pol\u00edticas p\u00fablicas a Limeira. Nosso mandato est\u00e1 comprometido com a articula\u00e7\u00e3o de parcerias que tragam avan\u00e7os concretos para diferentes \u00e1reas da cidade\u201d, relatou Mariana.<\/p><p><i>Do Gabinete Parlamentar \u2013 Vereadora Mariana Calsa (MDB)<\/i><\/p><p><i>*Fotos do Gabinete parlamentar<\/i><\/p><p><strong>As mat\u00e9rias de origem dos Gabinetes Parlamentares s\u00e3o de inteira\u00a0 responsabilidade dos parlamentares e de suas assessorias. S\u00e3o devidamente assinadas e n\u00e3o refletem, necessariamente, a opini\u00e3o institucional da C\u00e2mara Municipal de Limeira.<\/strong><\/p>\t\t\t\t<\/div>\r\n<br>\r\n<br><a href=\"https:\/\/www.limeira.sp.leg.br\/noticias\/view\/2025-04-09_mariana-calsa-articula-parcerias-na-alesp-em-defesa-de-mulheres-jovens-e-pessoas-com-altas-habilidades\" rel=\"noopener\">Informa\u00e7\u00f5es CML <\/a>","protected":false},"excerpt":{"rendered":"<p>Nesta ter\u00e7a-feira, 8 de abril, a vereadora Mariana Calsa (MDB) esteve na Assembleia Legislativa do Estado de S\u00e3o Paulo (Alesp) em busca de apoio e recursos para projetos voltados \u00e0s mulheres, aos jovens e \u00e0s pessoas com altas habilidades e superdota\u00e7\u00e3o. Durante a visita, Mariana se reuniu com as deputadas estaduais Andr\u00e9a Werner (PSB) e [&hellip;]<\/p>\n","protected":false},"author":1,"featured_media":29914,"comment_status":"open","ping_status":"open","sticky":false,"template":"","format":"standard","meta":{"_jetpack_newsletter_access":"","_jetpack_dont_email_post_to_subs":false,"_jetpack_newsletter_tier_id":0,"_jetpack_memberships_contains_paywalled_content":false,"_mbp_banners":[],"_jetpack_feature_clip_id":0,"_jetpack_memberships_contains_paid_content":false,"footnotes":"","jetpack_publicize_message":"","jetpack_publicize_feature_enabled":true,"jetpack_social_post_already_shared":true,"jetpack_social_options":{"image_generator_settings":{"template":"highway","default_image_id":0,"font":"","enabled":false},"version":2},"jetpack_post_was_ever_published":false},"categories":[19],"tags":[],"class_list":["post-29913","post","type-post","status-publish","format-standard","has-post-thumbnail","category-politica"],"jetpack_publicize_connections":[],"jetpack-related-posts":[],"jetpack_shortlink":"https:\/\/wp.me\/p7Eq1F-7Mt","jetpack_sharing_enabled":true,"jetpack_featured_media_url":"https:\/\/i0.wp.com\/guialimeira.com.br\/news\/wp-content\/uploads\/2025\/04\/Mariana-Calsa-articula-parcerias-na-Alesp-em-defesa-de-mulheres.png?fit=1280%2C640&ssl=1","_links":{"self":[{"href":"https:\/\/guialimeira.com.br\/news\/wp-json\/wp\/v2\/posts\/29913","targetHints":{"allow":["GET"]}}],"collection":[{"href":"https:\/\/guialimeira.com.br\/news\/wp-json\/wp\/v2\/posts"}],"about":[{"href":"https:\/\/guialimeira.com.br\/news\/wp-json\/wp\/v2\/types\/post"}],"author":[{"embeddable":true,"href":"https:\/\/guialimeira.com.br\/news\/wp-json\/wp\/v2\/users\/1"}],"replies":[{"embeddable":true,"href":"https:\/\/guialimeira.com.br\/news\/wp-json\/wp\/v2\/comments?post=29913"}],"version-history":[{"count":1,"href":"https:\/\/guialimeira.com.br\/news\/wp-json\/wp\/v2\/posts\/29913\/revisions"}],"predecessor-version":[{"id":29915,"href":"https:\/\/guialimeira.com.br\/news\/wp-json\/wp\/v2\/posts\/29913\/revisions\/29915"}],"wp:featuredmedia":[{"embeddable":true,"href":"https:\/\/guialimeira.com.br\/news\/wp-json\/wp\/v2\/media\/29914"}],"wp:attachment":[{"href":"https:\/\/guialimeira.com.br\/news\/wp-json\/wp\/v2\/media?parent=29913"}],"wp:term":[{"taxonomy":"category","embeddable":true,"href":"https:\/\/guialimeira.com.br\/news\/wp-json\/wp\/v2\/categories?post=29913"},{"taxonomy":"post_tag","embeddable":true,"href":"https:\/\/guialimeira.com.br\/news\/wp-json\/wp\/v2\/tags?post=29913"}],"curies":[{"name":"wp","href":"https:\/\/api.w.org\/{rel}","templated":true}]}}