{"id":29911,"date":"2025-04-09T16:43:30","date_gmt":"2025-04-09T19:43:30","guid":{"rendered":"https:\/\/guialimeira.com.br\/2025\/04\/09\/tv-brasil-chamada-publica-seleciona-producoes-sobre-futebol-feminino\/"},"modified":"2025-04-09T16:43:30","modified_gmt":"2025-04-09T19:43:30","slug":"tv-brasil-chamada-publica-seleciona-producoes-sobre-futebol-feminino","status":"publish","type":"post","link":"https:\/\/guialimeira.com.br\/news\/tv-brasil-chamada-publica-seleciona-producoes-sobre-futebol-feminino\/","title":{"rendered":"TV Brasil: chamada p\u00fablica seleciona produ\u00e7\u00f5es sobre futebol feminino"},"content":{"rendered":"<p> <br \/>\n<\/p>\n<div>\n<p>At\u00e9 5 de maio, a<strong> Empresa Brasil de Comunica\u00e7\u00e3o<\/strong> (<strong>EBC<\/strong>) recebe inscri\u00e7\u00f5es de produtoras interessadas em participar da chamada p\u00fablica, em parceria com a Ag\u00eancia Nacional do Cinema (Ancine), cujo objetivo \u00e9 fomentar a produ\u00e7\u00e3o audiovisual para exibi\u00e7\u00e3o na <strong>TV Brasil<\/strong> e demais emissoras do campo p\u00fablico. Uma das linhas do Edital Sele\u00e7\u00e3o TV Brasil \u00e9 a produ\u00e7\u00e3o de conte\u00fados originais sobre futebol feminino.<img data-recalc-dims=\"1\" decoding=\"async\" src=\"https:\/\/i0.wp.com\/agenciabrasil.ebc.com.br\/ebc.png?w=696&#038;ssl=1\" style=\"width:1px; height:1px; display:inline;\"\/><img data-recalc-dims=\"1\" decoding=\"async\" src=\"https:\/\/i0.wp.com\/agenciabrasil.ebc.com.br\/ebc.gif?w=696&#038;ssl=1\" style=\"width:1px; height:1px; display:inline;\"\/><\/p>\n<p><strong>A iniciativa prev\u00ea o apoio \u00e0 realiza\u00e7\u00e3o de obras documentais e de fic\u00e7\u00e3o com investimento de R$ 15 milh\u00f5es para esse eixo esportivo.<\/strong>\u00a0A nova linha de financiamento direcionada \u00e0 TV p\u00fablica tem investimento recorde de R$ 110 milh\u00f5es, a partir de recursos do Fundo Setorial do Audiovisual. Por meio da chamada p\u00fablica, a TV Brasil procura obras, seriadas ou n\u00e3o, que abordem o impacto econ\u00f4mico, social e cultural do futebol feminino no pa\u00eds. A linha contempla n\u00e3o apenas produ\u00e7\u00f5es documentais, mas tamb\u00e9m obras de dramaturgia que ajudem a popularizar essa modalidade do esporte no pa\u00eds.<\/p>\n<p><strong>A chamada est\u00e1 alinhada \u00e0 estrat\u00e9gia da emissora que oferece diversos conte\u00fados associados ao esporte feminino.<\/strong> \u201cA <strong>TV Brasil <\/strong>\u00e9 a tela do futebol feminino, j\u00e1 exibimos o Brasileir\u00e3o A1, A2, A3, sub-20 e sub-17. Agora, queremos fortalecer ainda mais o futebol feminino, por meio desta iniciativa &#8220;, explica o diretor-presidente\u00a0da EBC, Jean Lima.<\/p>\n<h2>Edital Sele\u00e7\u00e3o TV Brasil<\/h2>\n<p><strong>A chamada p\u00fablica representa o maior investimento da hist\u00f3ria destinado ao campo p\u00fablico, com valor recorde de R$ 110 milh\u00f5es,<\/strong> para contrata\u00e7\u00e3o de, no m\u00ednimo, 35 produ\u00e7\u00f5es independentes de conte\u00fado audiovisual brasileiro para a grade de programa\u00e7\u00e3o da <strong>TV Brasil <\/strong>e da Rede Nacional de Comunica\u00e7\u00e3o P\u00fablica (RNCP).<\/p>\n<p><strong>Al\u00e9m da linha sobre futebol feminino, ser\u00e3o selecionadas ainda produ\u00e7\u00f5es nas seguintes tem\u00e1ticas: infantil, infantojuvenil, natureza e meio ambiente, sociedade e cultura, produ\u00e7\u00e3o e finaliza\u00e7\u00e3o de longas-metragens e produ\u00e7\u00e3o de novela.<\/strong> Cada uma dessas linhas oferece possibilidades espec\u00edficas de formatos, podendo ser produ\u00e7\u00f5es unit\u00e1rias ou seriadas, com quantidades de epis\u00f3dios e dura\u00e7\u00f5es variadas.<\/p>\n<p>\u201cEste edital \u00e9 amplo e contempla diversos segmentos e categorias, alinhando-se \u00e0 proposta de uma programa\u00e7\u00e3o rica e diversificada para a <strong>TV Brasil <\/strong>e para o sistema p\u00fablico de comunica\u00e7\u00e3o\u201d, afirma o diretor-presidente Jean Lima. \u201cEm parceria com a Ancine, esse \u00e9 um investimento hist\u00f3rico em comunica\u00e7\u00e3o p\u00fablica e na representa\u00e7\u00e3o da diversidade brasileira por meio da produ\u00e7\u00e3o independente brasileira\u201d, complementa.<\/p>\n<h2>Processo seletivo<\/h2>\n<p>O edital completo est\u00e1 dispon\u00edvel<a href=\"http:\/\/selecao.tvbrasil.ebc.com.br\" target=\"_blank\" rel=\"noopener\"> aqui<\/a>. As produtoras interessadas ter\u00e3o at\u00e9 5 de maio para se inscrever pelo <em>site<\/em>. O processo seletivo se dar\u00e1 em tr\u00eas etapas subsequentes e eliminat\u00f3rias: habilita\u00e7\u00e3o (checagem da documenta\u00e7\u00e3o e do material enviados); avalia\u00e7\u00e3o preliminar (soma das notas atribu\u00eddas aos projetos); e avalia\u00e7\u00e3o final de investimento (sess\u00e3o de <em>pitching<\/em> com os projetos finalistas de cada linha, avaliados pela comiss\u00e3o de sele\u00e7\u00e3o).<\/p>\n<p>      <!-- Relacionada --><\/p>\n<p>            <!-- Relacionada -->\n    <\/div>\n<p><br \/>\n<br \/><a href=\"https:\/\/agenciabrasil.ebc.com.br\/esportes\/noticia\/2025-04\/tv-brasil-chamada-publica-seleciona-producoes-sobre-futebol-feminino\" rel=\"noopener\">Ag\u00eancia Brasil<\/a><\/p>\n","protected":false},"excerpt":{"rendered":"<p>At\u00e9 5 de maio, a Empresa Brasil de Comunica\u00e7\u00e3o (EBC) recebe inscri\u00e7\u00f5es de produtoras interessadas em participar da chamada p\u00fablica, em parceria com a Ag\u00eancia Nacional do Cinema (Ancine), cujo objetivo \u00e9 fomentar a produ\u00e7\u00e3o audiovisual para exibi\u00e7\u00e3o na TV Brasil e demais emissoras do campo p\u00fablico. Uma das linhas do Edital Sele\u00e7\u00e3o TV Brasil [&hellip;]<\/p>\n","protected":false},"author":1,"featured_media":19912,"comment_status":"open","ping_status":"open","sticky":false,"template":"","format":"standard","meta":{"_jetpack_newsletter_access":"","_jetpack_dont_email_post_to_subs":false,"_jetpack_newsletter_tier_id":0,"_jetpack_memberships_contains_paywalled_content":false,"_mbp_banners":[],"_jetpack_feature_clip_id":0,"_jetpack_memberships_contains_paid_content":false,"footnotes":"","jetpack_publicize_message":"","jetpack_publicize_feature_enabled":true,"jetpack_social_post_already_shared":true,"jetpack_social_options":{"image_generator_settings":{"template":"highway","default_image_id":0,"font":"","enabled":false},"version":2},"jetpack_post_was_ever_published":false},"categories":[23],"tags":[],"class_list":["post-29911","post","type-post","status-publish","format-standard","has-post-thumbnail","category-esportes"],"jetpack_publicize_connections":[],"jetpack-related-posts":[],"jetpack_shortlink":"https:\/\/wp.me\/p7Eq1F-7Mr","jetpack_sharing_enabled":true,"jetpack_featured_media_url":"https:\/\/i0.wp.com\/guialimeira.com.br\/news\/wp-content\/uploads\/2025\/01\/53996771585-22eb5da27a-k.jpg?fit=1600%2C800&ssl=1","_links":{"self":[{"href":"https:\/\/guialimeira.com.br\/news\/wp-json\/wp\/v2\/posts\/29911","targetHints":{"allow":["GET"]}}],"collection":[{"href":"https:\/\/guialimeira.com.br\/news\/wp-json\/wp\/v2\/posts"}],"about":[{"href":"https:\/\/guialimeira.com.br\/news\/wp-json\/wp\/v2\/types\/post"}],"author":[{"embeddable":true,"href":"https:\/\/guialimeira.com.br\/news\/wp-json\/wp\/v2\/users\/1"}],"replies":[{"embeddable":true,"href":"https:\/\/guialimeira.com.br\/news\/wp-json\/wp\/v2\/comments?post=29911"}],"version-history":[{"count":0,"href":"https:\/\/guialimeira.com.br\/news\/wp-json\/wp\/v2\/posts\/29911\/revisions"}],"wp:featuredmedia":[{"embeddable":true,"href":"https:\/\/guialimeira.com.br\/news\/wp-json\/wp\/v2\/media\/19912"}],"wp:attachment":[{"href":"https:\/\/guialimeira.com.br\/news\/wp-json\/wp\/v2\/media?parent=29911"}],"wp:term":[{"taxonomy":"category","embeddable":true,"href":"https:\/\/guialimeira.com.br\/news\/wp-json\/wp\/v2\/categories?post=29911"},{"taxonomy":"post_tag","embeddable":true,"href":"https:\/\/guialimeira.com.br\/news\/wp-json\/wp\/v2\/tags?post=29911"}],"curies":[{"name":"wp","href":"https:\/\/api.w.org\/{rel}","templated":true}]}}