{"id":29909,"date":"2025-04-09T16:40:03","date_gmt":"2025-04-09T19:40:03","guid":{"rendered":"https:\/\/guialimeira.com.br\/2025\/04\/09\/trump-eleva-taxacao-da-china-para-125-e-reduz-de-75-paises-para-10\/"},"modified":"2025-04-09T16:40:03","modified_gmt":"2025-04-09T19:40:03","slug":"trump-eleva-taxacao-da-china-para-125-e-reduz-de-75-paises-para-10","status":"publish","type":"post","link":"https:\/\/guialimeira.com.br\/news\/trump-eleva-taxacao-da-china-para-125-e-reduz-de-75-paises-para-10\/","title":{"rendered":"Trump eleva taxa\u00e7\u00e3o da China para 125% e reduz de 75 pa\u00edses para 10%"},"content":{"rendered":"<p> <br \/>\n<\/p>\n<div>\n<p><strong>O presidente dos Estados Unidos (EUA), Donald Trump, anunciou nesta quarta-feira (9) que vai elevar a taxa\u00e7\u00e3o das importa\u00e7\u00f5es da China para 125%, com efeito imediato. At\u00e9 ent\u00e3o, a taxa\u00e7\u00e3o adicional da China estava em 104%.<\/strong><img data-recalc-dims=\"1\" decoding=\"async\" src=\"https:\/\/i0.wp.com\/agenciabrasil.ebc.com.br\/ebc.png?w=696&#038;ssl=1\" style=\"width:1px; height:1px; display:inline;\"\/><img data-recalc-dims=\"1\" decoding=\"async\" src=\"https:\/\/i0.wp.com\/agenciabrasil.ebc.com.br\/ebc.gif?w=696&#038;ssl=1\" style=\"width:1px; height:1px; display:inline;\"\/><\/p>\n<p>\u201cCom base na falta de respeito que a China demonstrou aos mercados mundiais, estou aumentando a tarifa cobrada da China pelos EUA para 125%. Em algum momento, esperan\u00e7osamente em um futuro pr\u00f3ximo, a China perceber\u00e1 que os dias de explora\u00e7\u00e3o dos EUA e de outros pa\u00edses n\u00e3o s\u00e3o mais sustent\u00e1veis \u200b\u200bou aceit\u00e1veis\u201d, informou Trump em uma <a href=\"https:\/\/truthsocial.com\/@realDonaldTrump\/posts\/114309144289505174\" target=\"_blank\" rel=\"noopener\">rede social<\/a>.<\/p>\n<p>Por outro lado, Trump disse que vai reduzir a taxa\u00e7\u00e3o de 75 pa\u00edses para 10% por 90 dias, enquanto negocia com os chefes de Estado e governo desses pa\u00edses.<\/p>\n<blockquote>\n<p>\u201cCom base no fato de que mais de 75 pa\u00edses convocaram representantes dos EUA para negociar uma solu\u00e7\u00e3o para os assuntos em discuss\u00e3o, e que esses pa\u00edses n\u00e3o retaliaram de forma alguma os EUA, por minha forte sugest\u00e3o, autorizei uma PAUSA de 90 dias e uma Tarifa Rec\u00edproca substancialmente reduzida durante esse per\u00edodo, de 10%, tamb\u00e9m com efeito imediato\u201d, completou o presidente estadunidense.<\/p>\n<\/blockquote>\n<h2>Guerra comercial<\/h2>\n<p>O atual governo dos Estados Unidos iniciou neste ano uma <a href=\"https:\/\/agenciabrasil.ebc.com.br\/economia\/noticia\/2025-04\/entenda-guerra-de-tarifas-de-trump-e-consequencias-para-brasil\" target=\"_blank\" rel=\"noopener\">guerra de tarifas<\/a> que se intensificou no \u00faltimo dia 2 de abril, quando Washington promoveu um tarifa\u00e7o contra quase todos os parceiros comerciais.\u00a0<\/p>\n<p>A China retaliou e <a href=\"https:\/\/agenciabrasil.ebc.com.br\/internacional\/noticia\/2025-04\/china-eleva-tarifas-contra-eua-84-e-intensifica-guerra-comercial\" target=\"_blank\" rel=\"noopener\">elevou as tarifas para produtos dos EUA para 84%<\/a>. Ao mesmo tempo, argumenta que tem capacidade para transformar o <a href=\"https:\/\/agenciabrasil.ebc.com.br\/internacional\/noticia\/2025-04\/china-diz-que-vai-transformar-tarifaco-dos-eua-em-oportunidade\" target=\"_blank\" rel=\"noopener\">tarifa\u00e7o em oportunidade<\/a>.\u00a0\u00a0<\/p>\n<blockquote>\n<p>\u201cA decis\u00e3o dos EUA de aumentar as tarifas sobre a China \u00e9 um erro atr\u00e1s do outro. Ela infringe seriamente os direitos e interesses leg\u00edtimos da China, prejudica seriamente o sistema de com\u00e9rcio multilateral baseado em regras e tem um impacto severo na estabilidade da ordem econ\u00f4mica global. \u00c9 um exemplo t\u00edpico de unilateralismo, protecionismo e intimida\u00e7\u00e3o econ\u00f4mica\u201d, afirmou, em nota, o Minist\u00e9rio de Finan\u00e7as chin\u00eas.\u00a0\u00a0\u00a0<\/p>\n<\/blockquote>\n<p><strong>Para analistas consultados pela Ag\u00eancia Brasil, a guerra comercial busca reverter a perda de competitividade da economia estadunidenses nas \u00faltimas d\u00e9cadas, em especial, para pa\u00edses asi\u00e1ticos.<\/strong><\/p>\n<p>      <!-- Relacionada --><\/p>\n<p>            <!-- Relacionada -->\n    <\/div>\n<p><br \/>\n<br \/><a href=\"https:\/\/agenciabrasil.ebc.com.br\/internacional\/noticia\/2025-04\/trump-eleva-taxacao-da-china-para-125-e-reduz-de-75-paises-para-10\" rel=\"noopener\">Ag\u00eancia Brasil <\/a><\/p>\n","protected":false},"excerpt":{"rendered":"<p>O presidente dos Estados Unidos (EUA), Donald Trump, anunciou nesta quarta-feira (9) que vai elevar a taxa\u00e7\u00e3o das importa\u00e7\u00f5es da China para 125%, com efeito imediato. At\u00e9 ent\u00e3o, a taxa\u00e7\u00e3o adicional da China estava em 104%. \u201cCom base na falta de respeito que a China demonstrou aos mercados mundiais, estou aumentando a tarifa cobrada da [&hellip;]<\/p>\n","protected":false},"author":1,"featured_media":29910,"comment_status":"open","ping_status":"open","sticky":false,"template":"","format":"standard","meta":{"_jetpack_newsletter_access":"","_jetpack_dont_email_post_to_subs":false,"_jetpack_newsletter_tier_id":0,"_jetpack_memberships_contains_paywalled_content":false,"_mbp_banners":[],"_jetpack_feature_clip_id":0,"_jetpack_memberships_contains_paid_content":false,"footnotes":"","jetpack_publicize_message":"","jetpack_publicize_feature_enabled":true,"jetpack_social_post_already_shared":true,"jetpack_social_options":{"image_generator_settings":{"template":"highway","default_image_id":0,"font":"","enabled":false},"version":2},"jetpack_post_was_ever_published":false},"categories":[25],"tags":[],"class_list":["post-29909","post","type-post","status-publish","format-standard","has-post-thumbnail","category-internacional"],"jetpack_publicize_connections":[],"jetpack-related-posts":[],"jetpack_shortlink":"https:\/\/wp.me\/p7Eq1F-7Mp","jetpack_sharing_enabled":true,"jetpack_featured_media_url":"https:\/\/i0.wp.com\/guialimeira.com.br\/news\/wp-content\/uploads\/2025\/04\/2025-04-02t202949z_813414898_rc2wpdatum9v_rtrmadp_3_usa-trump-tariffs.jpg?fit=1600%2C800&ssl=1","_links":{"self":[{"href":"https:\/\/guialimeira.com.br\/news\/wp-json\/wp\/v2\/posts\/29909","targetHints":{"allow":["GET"]}}],"collection":[{"href":"https:\/\/guialimeira.com.br\/news\/wp-json\/wp\/v2\/posts"}],"about":[{"href":"https:\/\/guialimeira.com.br\/news\/wp-json\/wp\/v2\/types\/post"}],"author":[{"embeddable":true,"href":"https:\/\/guialimeira.com.br\/news\/wp-json\/wp\/v2\/users\/1"}],"replies":[{"embeddable":true,"href":"https:\/\/guialimeira.com.br\/news\/wp-json\/wp\/v2\/comments?post=29909"}],"version-history":[{"count":0,"href":"https:\/\/guialimeira.com.br\/news\/wp-json\/wp\/v2\/posts\/29909\/revisions"}],"wp:featuredmedia":[{"embeddable":true,"href":"https:\/\/guialimeira.com.br\/news\/wp-json\/wp\/v2\/media\/29910"}],"wp:attachment":[{"href":"https:\/\/guialimeira.com.br\/news\/wp-json\/wp\/v2\/media?parent=29909"}],"wp:term":[{"taxonomy":"category","embeddable":true,"href":"https:\/\/guialimeira.com.br\/news\/wp-json\/wp\/v2\/categories?post=29909"},{"taxonomy":"post_tag","embeddable":true,"href":"https:\/\/guialimeira.com.br\/news\/wp-json\/wp\/v2\/tags?post=29909"}],"curies":[{"name":"wp","href":"https:\/\/api.w.org\/{rel}","templated":true}]}}