{"id":29898,"date":"2025-04-09T15:38:53","date_gmt":"2025-04-09T18:38:53","guid":{"rendered":"https:\/\/guialimeira.com.br\/2025\/04\/09\/corte-de-londres-marca-audiencia-sobre-caso-mariana-para-julho\/"},"modified":"2025-04-09T15:38:53","modified_gmt":"2025-04-09T18:38:53","slug":"corte-de-londres-marca-audiencia-sobre-caso-mariana-para-julho","status":"publish","type":"post","link":"https:\/\/guialimeira.com.br\/news\/corte-de-londres-marca-audiencia-sobre-caso-mariana-para-julho\/","title":{"rendered":"Corte de Londres marca audi\u00eancia sobre caso Mariana para julho"},"content":{"rendered":"<p> <br \/>\n<\/p>\n<div>\n<p><strong>O Tribunal Superior de Londres marcou para os dias 2 e 3 de julho audi\u00eancias de gerenciamento do caso Mariana<\/strong> (Case Management Conference &#8211; CMC, em ingl\u00eas). <strong>Elas v\u00e3o definir como vai ser a segunda fase do julgamento, que leva em conta os danos provocados pelo rompimento da barragem do Fund\u00e3o<\/strong>, em 2015, e das indeniza\u00e7\u00f5es aos atingidos, caso a mineradora anglo-australiana BHP seja condenada.<img data-recalc-dims=\"1\" decoding=\"async\" src=\"https:\/\/i0.wp.com\/agenciabrasil.ebc.com.br\/ebc.png?w=696&#038;ssl=1\" style=\"width:1px; height:1px; display:inline;\"\/><img data-recalc-dims=\"1\" decoding=\"async\" src=\"https:\/\/i0.wp.com\/agenciabrasil.ebc.com.br\/ebc.gif?w=696&#038;ssl=1\" style=\"width:1px; height:1px; display:inline;\"\/><\/p>\n<p>Segundo o escrit\u00f3rio internacional Pogust Goodhead, que representa 620 mil atingidos e 31 munic\u00edpios, o<strong> agendamento da audi\u00eancia para o primeiro semestre de 2025 &#8211; antes da senten\u00e7a\u00a0 da primeira fase do julgamento, sobre a responsabilidade da mineradora &#8211; \u00e9 uma demonstra\u00e7\u00e3o da agilidade e prioridade que a corte inglesa tem dado ao caso Mariana.<\/strong><\/p>\n<p>As audi\u00eancias em julho ter\u00e3o a presen\u00e7a do escrit\u00f3rio internacional, ind\u00edgenas e quilombolas, empresas e autarquias, e a mineradora anglo-australiana BHP, r\u00e9 no processo.<\/p>\n<h2>Processo<\/h2>\n<p>No dia 13 de mar\u00e7o, a justi\u00e7a inglesa recebeu as alega\u00e7\u00f5es finais da acusa\u00e7\u00e3o e da defesa, o que encerrou a primeira fase do julgamento. <strong>A expectativa \u00e9 de que a senten\u00e7a seja divulgada em junho ou julho.<\/strong><\/p>\n<p><strong>A segunda fase \u00e9 prevista para come\u00e7ar em outubro de 2026. Esse julgamento tratar\u00e1 dos princ\u00edpios legais brasileiros para avaliar e quantificar perdas; avaliar\u00e1 a extens\u00e3o f\u00edsica do desastre, incluindo a toxicidade dos rejeitos e \u00e1reas afetadas; e quantificar\u00e1 indeniza\u00e7\u00f5es por perda de \u00e1gua, energia e danos morais coletivos.<\/strong><\/p>\n<p>Os advogados que representam os atingidos pleiteiam uma indeniza\u00e7\u00e3o em torno de R$ 260 bilh\u00f5es \u00e0 vista. No processo, s\u00e3o listadas perdas de propriedades e de renda, aumento de despesas, impactos psicol\u00f3gicos, impactos decorrentes de deslocamento e falta de acesso \u00e0 \u00e1gua e energia el\u00e9trica, entre outros preju\u00edzos.<\/p>\n<h2>Rompimento da barragem<\/h2>\n<p>O rompimento da barragem ocorreu no dia 5 de novembro de 2015. Cerca de 39 milh\u00f5es de metros c\u00fabicos de rejeitos \u2013 volume suficiente para encher 15,6 mil piscinas ol\u00edmpicas &#8211; escoaram por 663 quil\u00f4metros pela Bacia do Rio Doce at\u00e9 encontrar o mar no Esp\u00edrito Santo.<\/p>\n<p>A trag\u00e9dia deixou ainda 19 mortos. Os distritos mineiros de Bento Rodrigues e Paracatu foram destru\u00eddos pela enxurrada. Houve impactos ambientais e as popula\u00e7\u00f5es de dezenas de munic\u00edpios de Minas Gerais e do Esp\u00edrito Santo foram afetadas.<\/p>\n<p>      <!-- Relacionada --><\/p>\n<p>            <!-- Relacionada -->\n    <\/div>\n<p><br \/>\n<br \/><a href=\"https:\/\/agenciabrasil.ebc.com.br\/internacional\/noticia\/2025-04\/corte-de-londres-marca-audiencia-sobre-caso-mariana-para-julho\" rel=\"noopener\">Ag\u00eancia Brasil <\/a><\/p>\n","protected":false},"excerpt":{"rendered":"<p>O Tribunal Superior de Londres marcou para os dias 2 e 3 de julho audi\u00eancias de gerenciamento do caso Mariana (Case Management Conference &#8211; CMC, em ingl\u00eas). Elas v\u00e3o definir como vai ser a segunda fase do julgamento, que leva em conta os danos provocados pelo rompimento da barragem do Fund\u00e3o, em 2015, e das [&hellip;]<\/p>\n","protected":false},"author":1,"featured_media":29899,"comment_status":"open","ping_status":"open","sticky":false,"template":"","format":"standard","meta":{"_jetpack_newsletter_access":"","_jetpack_dont_email_post_to_subs":false,"_jetpack_newsletter_tier_id":0,"_jetpack_memberships_contains_paywalled_content":false,"_mbp_banners":[],"_jetpack_feature_clip_id":0,"_jetpack_memberships_contains_paid_content":false,"footnotes":"","jetpack_publicize_message":"","jetpack_publicize_feature_enabled":true,"jetpack_social_post_already_shared":true,"jetpack_social_options":{"image_generator_settings":{"template":"highway","default_image_id":0,"font":"","enabled":false},"version":2},"jetpack_post_was_ever_published":false},"categories":[25],"tags":[],"class_list":["post-29898","post","type-post","status-publish","format-standard","has-post-thumbnail","category-internacional"],"jetpack_publicize_connections":[],"jetpack-related-posts":[],"jetpack_shortlink":"https:\/\/wp.me\/p7Eq1F-7Me","jetpack_sharing_enabled":true,"jetpack_featured_media_url":"https:\/\/i0.wp.com\/guialimeira.com.br\/news\/wp-content\/uploads\/2025\/04\/tmazs_abr_05071918440.jpg?fit=1600%2C800&ssl=1","_links":{"self":[{"href":"https:\/\/guialimeira.com.br\/news\/wp-json\/wp\/v2\/posts\/29898","targetHints":{"allow":["GET"]}}],"collection":[{"href":"https:\/\/guialimeira.com.br\/news\/wp-json\/wp\/v2\/posts"}],"about":[{"href":"https:\/\/guialimeira.com.br\/news\/wp-json\/wp\/v2\/types\/post"}],"author":[{"embeddable":true,"href":"https:\/\/guialimeira.com.br\/news\/wp-json\/wp\/v2\/users\/1"}],"replies":[{"embeddable":true,"href":"https:\/\/guialimeira.com.br\/news\/wp-json\/wp\/v2\/comments?post=29898"}],"version-history":[{"count":0,"href":"https:\/\/guialimeira.com.br\/news\/wp-json\/wp\/v2\/posts\/29898\/revisions"}],"wp:featuredmedia":[{"embeddable":true,"href":"https:\/\/guialimeira.com.br\/news\/wp-json\/wp\/v2\/media\/29899"}],"wp:attachment":[{"href":"https:\/\/guialimeira.com.br\/news\/wp-json\/wp\/v2\/media?parent=29898"}],"wp:term":[{"taxonomy":"category","embeddable":true,"href":"https:\/\/guialimeira.com.br\/news\/wp-json\/wp\/v2\/categories?post=29898"},{"taxonomy":"post_tag","embeddable":true,"href":"https:\/\/guialimeira.com.br\/news\/wp-json\/wp\/v2\/tags?post=29898"}],"curies":[{"name":"wp","href":"https:\/\/api.w.org\/{rel}","templated":true}]}}