{"id":29893,"date":"2025-04-09T15:17:11","date_gmt":"2025-04-09T18:17:11","guid":{"rendered":"https:\/\/guialimeira.com.br\/?p=29893"},"modified":"2025-04-09T15:17:13","modified_gmt":"2025-04-09T18:17:13","slug":"suzano-alcanca-reducao-historica-de-61-nos-incendios-em-suas-areas-florestais-com-acoes-estrategicas-e-tecnologia","status":"publish","type":"post","link":"https:\/\/guialimeira.com.br\/news\/suzano-alcanca-reducao-historica-de-61-nos-incendios-em-suas-areas-florestais-com-acoes-estrategicas-e-tecnologia\/","title":{"rendered":"Suzano alcan\u00e7a redu\u00e7\u00e3o hist\u00f3rica de 61% nos inc\u00eandios em suas \u00e1reas florestais com a\u00e7\u00f5es estrat\u00e9gicas e tecnologia"},"content":{"rendered":"\n<p class=\"wp-block-paragraph\"><em>Dado consta no rec\u00e9m-lan\u00e7ado Relat\u00f3rio Anual de Sustentabilidade da empresa, e reflete o resultado das a\u00e7\u00f5es integradas de monitoramento, preven\u00e7\u00e3o e combate, mesmo diante das condi\u00e7\u00f5es clim\u00e1ticas extremas de 2024<\/em><\/p>\n\n\n\n<p class=\"wp-block-paragraph\">A Suzano, maior produtora mundial de celulose e refer\u00eancia global na fabrica\u00e7\u00e3o de bioprodutos desenvolvidos a partir do eucalipto,&nbsp;alcan\u00e7ou uma redu\u00e7\u00e3o hist\u00f3rica de 61% no n\u00famero de inc\u00eandios em suas \u00e1reas de plantio em 2024, em compara\u00e7\u00e3o ao ano anterior.&nbsp;Somente no Estado de S\u00e3o Paulo, a redu\u00e7\u00e3o foi de 59%.&nbsp;O dado&nbsp;refor\u00e7a o&nbsp;trabalho de preven\u00e7\u00e3o e combate aos inc\u00eandios florestais mesmo diante das condi\u00e7\u00f5es clim\u00e1ticas extremas,&nbsp;que envolveram altas temperaturas e estiagem prolongada.&nbsp;O ano de 2024&nbsp;foi um dos&nbsp;mais desafiadores para o Brasil em termos de inc\u00eandios florestais, com um aumento geral de 46,5% no n\u00famero de focos em rela\u00e7\u00e3o ao ano anterior, segundo dados do INPE (Instituto Nacional de Pesquisas Espaciais). As informa\u00e7\u00f5es constam no Relat\u00f3rio Anual de Sustentabilidade 2024, que acaba de ser divulgado pela empresa e&nbsp;est\u00e1 dispon\u00edvel para consulta por meio do link&nbsp;<a href=\"http:\/\/www.suzano.com.br\/relatorio2024\" target=\"_blank\" rel=\"noreferrer noopener\">www.suzano.com.br\/relatorio2024<\/a>.<\/p>\n\n\n\n<p class=\"wp-block-paragraph\">\u201cConseguimos alcan\u00e7ar essa redu\u00e7\u00e3o hist\u00f3rica em meio a uma das piores ondas de inc\u00eandios florestais do Brasil. Isso foi poss\u00edvel gra\u00e7as aos nossos esfor\u00e7os cont\u00ednuos e integrados, incluindo investimentos em tecnologia de ponta e treinamento das equipes, \u00e0 efic\u00e1cia de nossas a\u00e7\u00f5es preventivas e nossa agilidade em responder \u00e0s emerg\u00eancias. Com isso,&nbsp;fortalecemos nosso&nbsp;compromisso de renovar a vida a partir da \u00e1rvore, conservar a biodiversidade e melhorar a qualidade de vida das comunidades ao nosso redor\u201d,&nbsp;comenta Luiz Ribeiro Bueno, Gerente de Preven\u00e7\u00e3o e Combate a Inc\u00eandios Florestais da Suzano.<\/p>\n\n\n\n<p class=\"wp-block-paragraph\">Para minimizar o impacto das queimadas em suas \u00e1reas de plantio, a Suzano intensificou o uso de tecnologia. Com ferramentas avan\u00e7adas de modelagem matem\u00e1tica para previs\u00e3o de riscos e equipamentos de monitoramento de \u00faltima gera\u00e7\u00e3o, a empresa&nbsp;conseguiu ampliar a assertividade e agilidade nas identifica\u00e7\u00f5es dos focos de inc\u00eandio e reduzir significativamente o tempo de resposta \u00e0s ocorr\u00eancias. Atualmente, os atendimentos levam, em m\u00e9dia,&nbsp;30 minutos entre a&nbsp;detec\u00e7\u00e3o&nbsp;e&nbsp;a extin\u00e7\u00e3o do fogo, inclusive no per\u00edodo noturno. Essa rapidez na&nbsp;resposta foi crucial para a redu\u00e7\u00e3o&nbsp;no n\u00famero de queimadas registradas nas \u00e1reas florestais&nbsp;da empresa no \u00faltimo ano.&nbsp;&nbsp;<\/p>\n\n\n\n<p class=\"wp-block-paragraph\">Tamb\u00e9m em 2024, a empresa ampliou a infraestrutura de monitoramento&nbsp;das \u00e1reas florestais&nbsp;em tempo real, com a instala\u00e7\u00e3o de novas torres de observa\u00e7\u00e3o,&nbsp;com c\u00e2meras de alta resolu\u00e7\u00e3o&nbsp;dotadas de Intelig\u00eancia Artificial para o reconhecimento autom\u00e1tico de fuma\u00e7a. Atualmente, a Suzano conta com 133 torres espalhadas por suas \u00e1reas florestais no Brasil, sendo 22 delas no Estado de S\u00e3o Paulo. Instaladas em pontos estrat\u00e9gicos, as torres de observa\u00e7\u00e3o operam com energia solar, t\u00eam um raio de alcance de 15 km, com cobertura 360\u00b0 e transmitem imagens 24h por dia \u00e0&nbsp;Central de Monitoramento da companhia, proporcionando vigil\u00e2ncia cont\u00ednua.&nbsp;Assim que um foco de fogo \u00e9 detectado, a Brigada da Suzano mais pr\u00f3xima \u00e9 acionada para que o controle seja realizado, evitando que se transforme em um inc\u00eandio de grandes propor\u00e7\u00f5es.<\/p>\n\n\n\n<p class=\"wp-block-paragraph\">Al\u00e9m disso, j\u00e1 est\u00e3o em testes diversas outras tecnologias para implementa\u00e7\u00e3o no pr\u00f3ximo ano, dentre elas, o drone de longo alcance que possibilitar\u00e1 de forma preventiva a identifica\u00e7\u00e3o de focos de inc\u00eandios florestais. Essa tecnologia possibilita uma detec\u00e7\u00e3o r\u00e1pida e precisa, contribuindo para uma resposta mais eficaz. Al\u00e9m disso, os drones auxiliam na tomada de decis\u00f5es estrat\u00e9gicas e no planejamento das opera\u00e7\u00f5es de combate ao fogo. Com autonomia de voo de at\u00e9 60 km e longa dura\u00e7\u00e3o de voo, esse drone \u00e9 equipado com c\u00e2mera t\u00e9rmica, fornecendo dados valiosos para o monitoramento em tempo real.<\/p>\n\n\n\n<p class=\"wp-block-paragraph\">A companhia tamb\u00e9m investiu na moderniza\u00e7\u00e3o de sua frota, ao equipar parte da sua frota com internet satelital veicular. Essa tecnologia permite o monitoramento em tempo real, garantindo conectividade constante, otimizando a comunica\u00e7\u00e3o e a coordena\u00e7\u00e3o das equipes de campo, especialmente em \u00e1reas remotas, durante o combate a inc\u00eandios.<\/p>\n\n\n\n<p class=\"wp-block-paragraph\"><strong>Atua\u00e7\u00e3o com as comunidades<\/strong><\/p>\n\n\n\n<p class=\"wp-block-paragraph\">A preserva\u00e7\u00e3o ambiental \u00e9 uma prioridade para a Suzano, especialmente diante do cen\u00e1rio global de mudan\u00e7as clim\u00e1ticas, que tem intensificado as ocorr\u00eancias de queimadas. Por isso, al\u00e9m de suas \u00e1reas de plantio, a companhia tamb\u00e9m atua ajudando a combater inc\u00eandios, com equipes e maquin\u00e1rios necess\u00e1rios, em \u00e1reas vizinhas e reservas florestais pr\u00f3ximas.<\/p>\n\n\n\n<p class=\"wp-block-paragraph\">Por meio do programa &#8220;Guardi\u00f5es da Floresta&#8221;, desenvolvido pela \u00e1rea de Intelig\u00eancia Patrimonial, a Suzano promove uma atua\u00e7\u00e3o preventiva e cooperativa junto a comunidades vizinhas e escolas rurais, visando refor\u00e7ar a educa\u00e7\u00e3o ambiental e promover a conscientiza\u00e7\u00e3o de todos sobre a import\u00e2ncia da prote\u00e7\u00e3o \u00e0s florestas e da promo\u00e7\u00e3o de pr\u00e1ticas sustent\u00e1veis.<\/p>\n\n\n\n<p class=\"wp-block-paragraph\">Por meio do programa Guardi\u00f5es da Floresta, desenvolvido pela \u00e1rea de Intelig\u00eancia Patrimonial, a Suzano promove a\u00e7\u00f5es preventivas e colaborativas para fortalecer a preserva\u00e7\u00e3o ambiental e a prote\u00e7\u00e3o de suas \u00e1reas. A iniciativa estreita la\u00e7os com as comunidades vizinhas, especialmente escolas rurais, incentivando a conscientiza\u00e7\u00e3o e o engajamento local. Em 2024, o projeto alcan\u00e7ou 15 escolas, com a participa\u00e7\u00e3o de aproximadamente 1.100 alunos(as), realizou mais de 13 mil intera\u00e7\u00f5es com moradores(as) das comunidades vizinhas e impactou cerca de 28 mil pessoas.<\/p>\n\n\n\n<p class=\"wp-block-paragraph\">O programa conta com um canal gratuito pelo n\u00famero 0800 203 0000, dispon\u00edvel para chamadas e mensagens via WhatsApp, recebendo den\u00fancias de inc\u00eandios florestais e outras ocorr\u00eancias ambientais.<\/p>\n\n\n\n<p class=\"wp-block-paragraph\"><strong><u>Sobre a Suzano<\/u><\/strong><\/p>\n\n\n\n<p class=\"wp-block-paragraph\">A Suzano \u00e9 a maior produtora mundial de celulose, uma das maiores fabricantes de pap\u00e9is da Am\u00e9rica Latina e l\u00edder no segmento de papel higi\u00eanico no Brasil. A companhia adota as melhores pr\u00e1ticas de inova\u00e7\u00e3o e sustentabilidade para desenvolver produtos e solu\u00e7\u00f5es a partir de mat\u00e9ria-prima renov\u00e1vel. Os produtos da Suzano est\u00e3o presentes na vida de mais de 2 bilh\u00f5es de pessoas, cerca de 25% da popula\u00e7\u00e3o mundial, e incluem celulose; itens para higiene pessoal como papel higi\u00eanico e guardanapos; pap\u00e9is para embalagens, copos e canudos; pap\u00e9is para imprimir e escrever, entre outros produtos desenvolvidos para atender \u00e0 crescente necessidade do planeta por itens mais sustent\u00e1veis. Entre suas marcas no Brasil est\u00e3o Neve\u00ae, P\u00f3len\u00ae, Suzano Report\u00ae, Mimmo\u00ae, entre outras. Com sede no Brasil e opera\u00e7\u00f5es na Am\u00e9rica Latina, Am\u00e9rica do Norte, Europa e \u00c1sia, a empresa tem mais de 100 anos de hist\u00f3ria e a\u00e7\u00f5es negociadas nas bolsas do Brasil (SUZB3) e dos Estados Unidos (SUZ). Saiba mais em<em>:&nbsp;<\/em><a href=\"http:\/\/www.suzano.com.br\/\" target=\"_blank\" rel=\"noreferrer noopener\"><em>suzano.com.br<\/em><\/a><\/p>\n","protected":false},"excerpt":{"rendered":"<p>Dado consta no rec\u00e9m-lan\u00e7ado Relat\u00f3rio Anual de Sustentabilidade da empresa, e reflete o resultado das a\u00e7\u00f5es integradas de monitoramento, preven\u00e7\u00e3o e combate, mesmo diante das condi\u00e7\u00f5es clim\u00e1ticas extremas de 2024 A Suzano, maior produtora mundial de celulose e refer\u00eancia global na fabrica\u00e7\u00e3o de bioprodutos desenvolvidos a partir do eucalipto,&nbsp;alcan\u00e7ou uma redu\u00e7\u00e3o hist\u00f3rica de 61% no [&hellip;]<\/p>\n","protected":false},"author":2,"featured_media":29894,"comment_status":"open","ping_status":"open","sticky":false,"template":"","format":"standard","meta":{"_jetpack_newsletter_access":"","_jetpack_dont_email_post_to_subs":false,"_jetpack_newsletter_tier_id":0,"_jetpack_memberships_contains_paywalled_content":false,"_mbp_banners":[],"_jetpack_feature_clip_id":0,"_jetpack_memberships_contains_paid_content":false,"footnotes":"","jetpack_publicize_message":"","jetpack_publicize_feature_enabled":true,"jetpack_social_post_already_shared":true,"jetpack_social_options":{"image_generator_settings":{"template":"highway","default_image_id":0,"font":"","enabled":false},"version":2},"jetpack_post_was_ever_published":false},"categories":[16],"tags":[],"class_list":["post-29893","post","type-post","status-publish","format-standard","has-post-thumbnail","category-local"],"jetpack_publicize_connections":[],"jetpack-related-posts":[],"jetpack_shortlink":"https:\/\/wp.me\/p7Eq1F-7M9","jetpack_sharing_enabled":true,"jetpack_featured_media_url":"https:\/\/i0.wp.com\/guialimeira.com.br\/news\/wp-content\/uploads\/2025\/04\/plantacao_eucalipto-1.jpg?fit=1600%2C1071&ssl=1","_links":{"self":[{"href":"https:\/\/guialimeira.com.br\/news\/wp-json\/wp\/v2\/posts\/29893","targetHints":{"allow":["GET"]}}],"collection":[{"href":"https:\/\/guialimeira.com.br\/news\/wp-json\/wp\/v2\/posts"}],"about":[{"href":"https:\/\/guialimeira.com.br\/news\/wp-json\/wp\/v2\/types\/post"}],"author":[{"embeddable":true,"href":"https:\/\/guialimeira.com.br\/news\/wp-json\/wp\/v2\/users\/2"}],"replies":[{"embeddable":true,"href":"https:\/\/guialimeira.com.br\/news\/wp-json\/wp\/v2\/comments?post=29893"}],"version-history":[{"count":1,"href":"https:\/\/guialimeira.com.br\/news\/wp-json\/wp\/v2\/posts\/29893\/revisions"}],"predecessor-version":[{"id":29895,"href":"https:\/\/guialimeira.com.br\/news\/wp-json\/wp\/v2\/posts\/29893\/revisions\/29895"}],"wp:featuredmedia":[{"embeddable":true,"href":"https:\/\/guialimeira.com.br\/news\/wp-json\/wp\/v2\/media\/29894"}],"wp:attachment":[{"href":"https:\/\/guialimeira.com.br\/news\/wp-json\/wp\/v2\/media?parent=29893"}],"wp:term":[{"taxonomy":"category","embeddable":true,"href":"https:\/\/guialimeira.com.br\/news\/wp-json\/wp\/v2\/categories?post=29893"},{"taxonomy":"post_tag","embeddable":true,"href":"https:\/\/guialimeira.com.br\/news\/wp-json\/wp\/v2\/tags?post=29893"}],"curies":[{"name":"wp","href":"https:\/\/api.w.org\/{rel}","templated":true}]}}