{"id":2988,"date":"2024-04-27T11:58:50","date_gmt":"2024-04-27T14:58:50","guid":{"rendered":"https:\/\/guialimeira.com.br\/2024\/04\/27\/dirigentes-de-blocos-de-carnaval-debatem-incentivo-apos-reconhecimento\/"},"modified":"2024-04-27T11:58:50","modified_gmt":"2024-04-27T14:58:50","slug":"dirigentes-de-blocos-de-carnaval-debatem-incentivo-apos-reconhecimento","status":"publish","type":"post","link":"https:\/\/guialimeira.com.br\/news\/dirigentes-de-blocos-de-carnaval-debatem-incentivo-apos-reconhecimento\/","title":{"rendered":"Dirigentes de blocos de carnaval debatem incentivo ap\u00f3s reconhecimento"},"content":{"rendered":"<p> <br \/>\n<\/p>\n<div>\n<p>Blocos e bandas de carnaval foram reconhecidos oficialmente nesta semana como manifesta\u00e7\u00f5es\u00a0da cultura nacional. A Lei 14.845\/2024 tamb\u00e9m atribuiu ao Estado a garantia da livre atividade e realiza\u00e7\u00e3o de seus desfiles e manifesta\u00e7\u00f5es.<img data-recalc-dims=\"1\" decoding=\"async\" src=\"https:\/\/i0.wp.com\/agenciabrasil.ebc.com.br\/ebc.png?w=696&#038;ssl=1\" style=\"width:1px; height:1px; display:inline;\"\/><img data-recalc-dims=\"1\" decoding=\"async\" src=\"https:\/\/i0.wp.com\/agenciabrasil.ebc.com.br\/ebc.gif?w=696&#038;ssl=1\" style=\"width:1px; height:1px; display:inline;\"\/><\/p>\n<p>A iniciativa, que teve in\u00edcio em uma proposta debatida e votada pelo Congresso Nacional e foi sancionada pelo presidente Luiz In\u00e1cio Lula da Silva, foi recebida de forma positiva pelo setor.<\/p>\n<p>Em Bras\u00edlia, onde o carnaval predominantemente acontece\u00a0nos blocos de rua, a <em>drag queen<\/em> Ruth Venceremos, do Bloco das Montadas, destacou o car\u00e1ter de preserva\u00e7\u00e3o de uma tradi\u00e7\u00e3o que possibilita a m\u00e1xima express\u00e3o da diversidade da popula\u00e7\u00e3o brasileira. \u201cOs blocos e as bandas s\u00e3o parte fundamental da identidade do nosso povo e estamos falando do contexto hist\u00f3rico, dos territ\u00f3rios, do contexto social, de uma s\u00e9rie de outras quest\u00f5es que envolve quem somos.\u201d<\/p>\n<p>Criado em 2018, o Bloco das Montadas foi o primeiro formado por <em>drag queens<\/em>\u00a0no Distrito Federal. Desde ent\u00e3o, todos os anos desfila a arte que envolve essa forma de express\u00e3o, associada a debates sobre pol\u00edticas voltadas \u00e0 popula\u00e7\u00e3o LGBTQIA+.<\/p>\n<p>Para Ruth, a\u00a0livre atividade dos blocos\u00a0\u00e9\u00a0pe\u00e7a fundamental da nova lei.\u00a0\u201c\u00c9 um passo importante, principalmente para alguns momentos da nossa hist\u00f3ria em que\u00a0temos retrocesso em rela\u00e7\u00e3o a algumas pautas\u201d, afirma.<\/p>\n<p>Com a nova lei, \u00a0blocos e bandas carnavalescas entram para a lista de manifesta\u00e7\u00f5es da cultura nacional ao lado de escolas de samba, festas juninas e rodeios, reconhecidos anteriormente. M\u00fasicas\u00a0como as marchinhas de carnaval, as tradi\u00e7\u00f5es, desfiles e outras pr\u00e1ticas associadas a elementos da festa do carnaval tamb\u00e9m foram considerados elementos a serem valorizados e preservados.<\/p>\n<p>O presidente do maior bloco do pa\u00eds, o Galo da Madrugada, de Recife, R\u00f4mulo Meneses, reconhece que a nova lei traz\u00a0respaldo legal para a atividade dos blocos, mas n\u00e3o garante nenhum incentivo. \u201cVoc\u00ea reconhece esse fato, esse direito, mas reconhecer sem dar meios de voc\u00ea sobreviver e crescer n\u00e3o ajuda tanto\u201d, afirma.<\/p>\n<p>Para Ruth, a nova lei j\u00e1 abre o caminho para debate do fomento do carnaval. \u201cNo Distrito Federal,\u00a0temos a experi\u00eancia de buscar esse fomento, mas quando rodamos o pa\u00eds, vamos que isso n\u00e3o \u00e9 uma realidade\u201d.<\/p>\n<p>Com a nova lei e a regulamenta\u00e7\u00e3o do que j\u00e1 havia em rela\u00e7\u00e3o \u00e0\u00a0prote\u00e7\u00e3o da cultura na Constitui\u00e7\u00e3o Federal, o espa\u00e7o para o carnaval \u00e9 garantido e nele \u00e9 necess\u00e1rio aproveitar a oportunidade para potencializar um ativo cultural que re\u00fane tantas possibilidades, garante Ruth.<\/p>\n<p>\u201cO carnaval \u00e9 alegria, \u00e9 divers\u00e3o, mas tamb\u00e9m \u00e9 gera\u00e7\u00e3o de emprego, de renda. \u00c9\u00a0momento,\u00a0de maneira massiva, fazer campanhas de conscientiza\u00e7\u00e3o sobre temas como o ass\u00e9dio, a explora\u00e7\u00e3o sexual, o preconceito e tamb\u00e9m lutar para que tudo isso seja fomentado\u201d, conclui.<\/p>\n<\/p><\/div>\n<p><br \/>\n<br \/><a href=\"https:\/\/agenciabrasil.ebc.com.br\/geral\/noticia\/2024-04\/dirigentes-de-blocos-de-carnaval-debatem-incentivo-apos-reconhecimento\" rel=\"noopener\">Ag\u00eancia Brasil<\/a><\/p>\n","protected":false},"excerpt":{"rendered":"<p>Blocos e bandas de carnaval foram reconhecidos oficialmente nesta semana como manifesta\u00e7\u00f5es\u00a0da cultura nacional. A Lei 14.845\/2024 tamb\u00e9m atribuiu ao Estado a garantia da livre atividade e realiza\u00e7\u00e3o de seus desfiles e manifesta\u00e7\u00f5es. A iniciativa, que teve in\u00edcio em uma proposta debatida e votada pelo Congresso Nacional e foi sancionada pelo presidente Luiz In\u00e1cio Lula [&hellip;]<\/p>\n","protected":false},"author":1,"featured_media":2989,"comment_status":"open","ping_status":"open","sticky":false,"template":"","format":"standard","meta":{"_jetpack_newsletter_access":"","_jetpack_dont_email_post_to_subs":false,"_jetpack_newsletter_tier_id":0,"_jetpack_memberships_contains_paywalled_content":false,"_mbp_banners":[],"_jetpack_feature_clip_id":0,"_jetpack_memberships_contains_paid_content":false,"footnotes":"","jetpack_publicize_message":"","jetpack_publicize_feature_enabled":true,"jetpack_social_post_already_shared":true,"jetpack_social_options":{"image_generator_settings":{"template":"highway","default_image_id":0,"font":"","enabled":false},"version":2},"jetpack_post_was_ever_published":false},"categories":[1],"tags":[],"class_list":["post-2988","post","type-post","status-publish","format-standard","has-post-thumbnail","category-geral"],"jetpack_publicize_connections":[],"jetpack-related-posts":[],"jetpack_shortlink":"https:\/\/wp.me\/p7Eq1F-Mc","jetpack_sharing_enabled":true,"jetpack_featured_media_url":"https:\/\/i0.wp.com\/guialimeira.com.br\/news\/wp-content\/uploads\/2024\/04\/galo_da_madrugada_carnavl_de_recife_0202080269.jpg?fit=1600%2C800&ssl=1","_links":{"self":[{"href":"https:\/\/guialimeira.com.br\/news\/wp-json\/wp\/v2\/posts\/2988","targetHints":{"allow":["GET"]}}],"collection":[{"href":"https:\/\/guialimeira.com.br\/news\/wp-json\/wp\/v2\/posts"}],"about":[{"href":"https:\/\/guialimeira.com.br\/news\/wp-json\/wp\/v2\/types\/post"}],"author":[{"embeddable":true,"href":"https:\/\/guialimeira.com.br\/news\/wp-json\/wp\/v2\/users\/1"}],"replies":[{"embeddable":true,"href":"https:\/\/guialimeira.com.br\/news\/wp-json\/wp\/v2\/comments?post=2988"}],"version-history":[{"count":0,"href":"https:\/\/guialimeira.com.br\/news\/wp-json\/wp\/v2\/posts\/2988\/revisions"}],"wp:featuredmedia":[{"embeddable":true,"href":"https:\/\/guialimeira.com.br\/news\/wp-json\/wp\/v2\/media\/2989"}],"wp:attachment":[{"href":"https:\/\/guialimeira.com.br\/news\/wp-json\/wp\/v2\/media?parent=2988"}],"wp:term":[{"taxonomy":"category","embeddable":true,"href":"https:\/\/guialimeira.com.br\/news\/wp-json\/wp\/v2\/categories?post=2988"},{"taxonomy":"post_tag","embeddable":true,"href":"https:\/\/guialimeira.com.br\/news\/wp-json\/wp\/v2\/tags?post=2988"}],"curies":[{"name":"wp","href":"https:\/\/api.w.org\/{rel}","templated":true}]}}