{"id":29876,"date":"2025-04-09T11:38:32","date_gmt":"2025-04-09T14:38:32","guid":{"rendered":"https:\/\/guialimeira.com.br\/?p=29876"},"modified":"2025-04-09T11:38:32","modified_gmt":"2025-04-09T14:38:32","slug":"comissao-de-constituicao-justica-e-redacao-aprecia-33-proposituras-oito-recebem-pareceres-favoraveis","status":"publish","type":"post","link":"https:\/\/guialimeira.com.br\/news\/comissao-de-constituicao-justica-e-redacao-aprecia-33-proposituras-oito-recebem-pareceres-favoraveis\/","title":{"rendered":"Comiss\u00e3o de Constitui\u00e7\u00e3o, Justi\u00e7a e Reda\u00e7\u00e3o aprecia 33 proposituras; oito recebem pareceres favor\u00e1veis"},"content":{"rendered":"\n<figure class=\"wp-block-gallery has-nested-images columns-default is-cropped wp-block-gallery-1 is-layout-flex wp-block-gallery-is-layout-flex\"><\/figure>\n \r\n<br><img data-recalc-dims=\"1\" decoding=\"async\" src=\"https:\/\/i0.wp.com\/guialimeira.com.br\/wp-content\/uploads\/2025\/04\/2025-04-09_comissao-de-constituicao-justica-e-redacao-aprecia-33-proposituras-oito-recebem-pareceres.jpeg?w=696&#038;ssl=1\" \/><br><div>\n\t\t\t\t\t<p>Durante a reuni\u00e3o da Comiss\u00e3o de Constitui\u00e7\u00e3o, Justi\u00e7a e Reda\u00e7\u00e3o desta quarta-feira, 9 de abril, foram analisadas 33 proposituras listadas na <a href=\"https:\/\/consulta.limeira.sp.leg.br\/Sessoes\/Documento\/374040\" rel=\"noopener\">pauta<\/a>; oito receberam parecer favor\u00e1vel, uma recebeu parecer contr\u00e1rio e outras 24 seguem em estudo ou encaminhadas para an\u00e1lise da Procuradoria Jur\u00eddica. As delibera\u00e7\u00f5es podem ser conferidas em <a href=\"https:\/\/consulta.limeira.sp.leg.br\/Sessoes\/Documento\/374111\" rel=\"noopener\">ata<\/a>.\u00a0\u00a0<\/p><p>A CCJR se manifesta sobre o aspecto constitucional, legal, regimental, gramatical e l\u00f3gico de todas as proposi\u00e7\u00f5es que tramitam na C\u00e2mara. Fazem parte desta comiss\u00e3o a vereadora Mara Isa Mattos (PL), presidente; o vereador Anderson Pereira (PSD), vice-presidente; e a vereadora Mariana Calsa (MDB), secret\u00e1ria.\u00a0<\/p><p><strong>Confira as proposituras que receberem parecer favor\u00e1vel:<\/strong><\/p><p><a href=\"https:\/\/consulta.limeira.sp.leg.br\/Documentos\/Documento\/373748\" rel=\"noopener\">Projeto de Lei Complementar N\u00ba 3\/2025<\/a>, da Mesa Diretora, disp\u00f5e sobre a revis\u00e3o geral anual dos vencimentos dos servidores camar\u00e1rios integrantes do Poder Legislativo e dos proventos e pens\u00f5es correspondentes, nos termos do inciso X do art. 37 da Constitui\u00e7\u00e3o Federal de 1988.<\/p><p><a href=\"https:\/\/consulta.limeira.sp.leg.br\/Documentos\/Documento\/373749\" rel=\"noopener\">Projeto de Resolu\u00e7\u00e3o N\u00ba 15\/2025<\/a>, da Mesa Diretora, que modifica a reda\u00e7\u00e3o do par\u00e1grafo \u00fanico do art. 1\u00ba da Resolu\u00e7\u00e3o N\u00ba 572\/2014, que autoriza a C\u00e2mara Municipal de Limeira a conceder o Aux\u00edlio Alimenta\u00e7\u00e3o.<\/p><p><a href=\"https:\/\/consulta.limeira.sp.leg.br\/Documentos\/Documento\/373750\" rel=\"noopener\">Projeto de Resolu\u00e7\u00e3o N\u00ba 16\/2025<\/a>, da Mesa Diretora, que altera o par\u00e1grafo \u00fanico do art. 1\u00ba da Resolu\u00e7\u00e3o N\u00ba 601\/2015, que autoriza a C\u00e2mara Municipal de Limeira a conceder Vale Refei\u00e7\u00e3o.<\/p><p><a href=\"https:\/\/consulta.limeira.sp.leg.br\/Documentos\/Documento\/370780\" rel=\"noopener\">Projeto de Lei N\u00ba 46\/2025<\/a>, da Comiss\u00e3o de Esporte, Cultura e Turismo, que institui o Fundo Municipal de Esportes no Munic\u00edpio de Limeira em conson\u00e2ncia com as disposi\u00e7\u00f5es da <a href=\"https:\/\/www.planalto.gov.br\/ccivil_03\/_ato2023-2026\/2023\/lei\/l14597.htm\" rel=\"noopener\">Lei Federal N\u00ba 14.597\/2023<\/a>.\u00a0<\/p><p><a href=\"https:\/\/consulta.limeira.sp.leg.br\/Documentos\/Documento\/371181\" rel=\"noopener\">Projeto de Resolu\u00e7\u00e3o N\u00ba 10\/2025<\/a>, do vereador Estev\u00e3o Nogueira (Avante), que modifica a reda\u00e7\u00e3o do Art. 2\u00ba da <a href=\"https:\/\/legislacao.limeira.sp.leg.br\/Limeira-SP\/Resolucoes\/738-2018\" rel=\"noopener\">Resolu\u00e7\u00e3o N\u00ba 738\/2018<\/a> que institui a distin\u00e7\u00e3o honor\u00edfica aos advogados \u201cDiploma Dr. Roberto D\u2019Andr\u00e9a\u201d, no \u00e2mbito da C\u00e2mara Municipal de Limeira.<\/p><p><a href=\"https:\/\/consulta.limeira.sp.leg.br\/Documentos\/Documento\/370219\" rel=\"noopener\">Projeto de Lei N\u00ba 39\/2025<\/a>, do vereador Helder do T\u00e1xi (PSD), institui o programa de parceria na conserva\u00e7\u00e3o, manuten\u00e7\u00e3o e constru\u00e7\u00e3o de pontes.<\/p><p><a href=\"https:\/\/consulta.limeira.sp.leg.br\/Documentos\/Documento\/362900\" rel=\"noopener\">Projeto de Lei N\u00ba 163\/2024<\/a>, do vereador Waguinho da Santa Luzia (PP), que assegura aos usu\u00e1rios do Sistema \u00danico de Sa\u00fade (SUS) o fornecimento de \u201cVoucher Vacina\u201d para aquisi\u00e7\u00e3o de vacinas que estejam temporariamente em falta na rede p\u00fablica municipal.<\/p><p><a href=\"https:\/\/consulta.limeira.sp.leg.br\/Documentos\/Documento\/372603\" rel=\"noopener\">Projeto de Resolu\u00e7\u00e3o N\u00ba 14\/2025<\/a>, da Mesa Diretora, que altera os anexos III, IV e VI da <a href=\"https:\/\/legislacao.limeira.sp.leg.br\/Limeira-SP\/Resolucoes\/846-2023\" rel=\"noopener\">Resolu\u00e7\u00e3o N\u00ba 846\/2023<\/a> que disp\u00f5e sobre a reestrutura\u00e7\u00e3o administrativa e organizacional e sobre o quadro permanente de cargos, refer\u00eancias, vencimentos, fun\u00e7\u00f5es gratificadas e atribui\u00e7\u00f5es da C\u00e2mara Municipal de Limeira.<\/p><p><strong>Projeto que recebeu parecer contr\u00e1rio:<\/strong><\/p><p><a href=\"https:\/\/consulta.limeira.sp.leg.br\/Documentos\/Documento\/368098\" rel=\"noopener\">Projeto de Lei N\u00ba 30\/2025<\/a>, da vereadora Lu Bogo (PL), que assegura aos motociclistas e ciclistas a implanta\u00e7\u00e3o de faixa de reten\u00e7\u00e3o e recuo exclusiva para motocicletas e bicicletas nos sem\u00e1foros da cidade de Limeira, e d\u00e1 outras provid\u00eancias.<\/p>\t\t\t\t<\/div>\r\n<br>\r\n<br><a href=\"https:\/\/www.limeira.sp.leg.br\/noticias\/view\/2025-04-09_comissao-de-constituicao-justica-e-redacao-aprecia-33-proposituras-oito-recebem-pareceres-favoraveis\" rel=\"noopener\">Informa\u00e7\u00f5es CML <\/a>","protected":false},"excerpt":{"rendered":"<p>Durante a reuni\u00e3o da Comiss\u00e3o de Constitui\u00e7\u00e3o, Justi\u00e7a e Reda\u00e7\u00e3o desta quarta-feira, 9 de abril, foram analisadas 33 proposituras listadas na pauta; oito receberam parecer favor\u00e1vel, uma recebeu parecer contr\u00e1rio e outras 24 seguem em estudo ou encaminhadas para an\u00e1lise da Procuradoria Jur\u00eddica. As delibera\u00e7\u00f5es podem ser conferidas em ata.\u00a0\u00a0 A CCJR se manifesta sobre [&hellip;]<\/p>\n","protected":false},"author":1,"featured_media":29877,"comment_status":"open","ping_status":"open","sticky":false,"template":"","format":"standard","meta":{"_jetpack_newsletter_access":"","_jetpack_dont_email_post_to_subs":false,"_jetpack_newsletter_tier_id":0,"_jetpack_memberships_contains_paywalled_content":false,"_mbp_banners":[],"_jetpack_feature_clip_id":0,"_jetpack_memberships_contains_paid_content":false,"footnotes":"","jetpack_publicize_message":"","jetpack_publicize_feature_enabled":true,"jetpack_social_post_already_shared":true,"jetpack_social_options":{"image_generator_settings":{"template":"highway","default_image_id":0,"font":"","enabled":false},"version":2},"jetpack_post_was_ever_published":false},"categories":[19],"tags":[],"class_list":["post-29876","post","type-post","status-publish","format-standard","has-post-thumbnail","category-politica"],"jetpack_publicize_connections":[],"jetpack-related-posts":[],"jetpack_shortlink":"https:\/\/wp.me\/p7Eq1F-7LS","jetpack_sharing_enabled":true,"jetpack_featured_media_url":"https:\/\/i0.wp.com\/guialimeira.com.br\/news\/wp-content\/uploads\/2025\/04\/Comissao-de-Constituicao-Justica-e-Redacao-aprecia-33-proposituras-oito.jpeg?fit=1280%2C640&ssl=1","_links":{"self":[{"href":"https:\/\/guialimeira.com.br\/news\/wp-json\/wp\/v2\/posts\/29876","targetHints":{"allow":["GET"]}}],"collection":[{"href":"https:\/\/guialimeira.com.br\/news\/wp-json\/wp\/v2\/posts"}],"about":[{"href":"https:\/\/guialimeira.com.br\/news\/wp-json\/wp\/v2\/types\/post"}],"author":[{"embeddable":true,"href":"https:\/\/guialimeira.com.br\/news\/wp-json\/wp\/v2\/users\/1"}],"replies":[{"embeddable":true,"href":"https:\/\/guialimeira.com.br\/news\/wp-json\/wp\/v2\/comments?post=29876"}],"version-history":[{"count":1,"href":"https:\/\/guialimeira.com.br\/news\/wp-json\/wp\/v2\/posts\/29876\/revisions"}],"predecessor-version":[{"id":29878,"href":"https:\/\/guialimeira.com.br\/news\/wp-json\/wp\/v2\/posts\/29876\/revisions\/29878"}],"wp:featuredmedia":[{"embeddable":true,"href":"https:\/\/guialimeira.com.br\/news\/wp-json\/wp\/v2\/media\/29877"}],"wp:attachment":[{"href":"https:\/\/guialimeira.com.br\/news\/wp-json\/wp\/v2\/media?parent=29876"}],"wp:term":[{"taxonomy":"category","embeddable":true,"href":"https:\/\/guialimeira.com.br\/news\/wp-json\/wp\/v2\/categories?post=29876"},{"taxonomy":"post_tag","embeddable":true,"href":"https:\/\/guialimeira.com.br\/news\/wp-json\/wp\/v2\/tags?post=29876"}],"curies":[{"name":"wp","href":"https:\/\/api.w.org\/{rel}","templated":true}]}}