{"id":29870,"date":"2025-04-09T10:33:27","date_gmt":"2025-04-09T13:33:27","guid":{"rendered":"https:\/\/guialimeira.com.br\/2025\/04\/09\/china-eleva-tarifas-contra-eua-a-84-e-intensifica-guerra-comercial\/"},"modified":"2025-04-09T10:33:27","modified_gmt":"2025-04-09T13:33:27","slug":"china-eleva-tarifas-contra-eua-a-84-e-intensifica-guerra-comercial","status":"publish","type":"post","link":"https:\/\/guialimeira.com.br\/news\/china-eleva-tarifas-contra-eua-a-84-e-intensifica-guerra-comercial\/","title":{"rendered":"China eleva tarifas contra EUA a 84% e intensifica guerra comercial"},"content":{"rendered":"<p> <br \/>\n<\/p>\n<div>\n<p><strong>O Minist\u00e9rio das Finan\u00e7as da China anunciou, nesta quarta-feira (9), o aumento das tarifas de importa\u00e7\u00e3o de produtos dos Estados Unidos (EUA) de 34% para 84%, intensificando a guerra comercial iniciada por Washington. A nova taxa passa a valer a partir desta quinta-feira (10).<\/strong><img data-recalc-dims=\"1\" decoding=\"async\" src=\"https:\/\/i0.wp.com\/agenciabrasil.ebc.com.br\/ebc.png?w=696&#038;ssl=1\" style=\"width:1px; height:1px; display:inline;\"\/><img data-recalc-dims=\"1\" decoding=\"async\" src=\"https:\/\/i0.wp.com\/agenciabrasil.ebc.com.br\/ebc.gif?w=696&#038;ssl=1\" style=\"width:1px; height:1px; display:inline;\"\/><\/p>\n<p>A medida foi tomada depois que o presidente Donald Trump elevou para 104% as tarifas de importa\u00e7\u00e3o de produtos chineses <a href=\"https:\/\/agenciabrasil.ebc.com.br\/internacional\/noticia\/2025-04\/eua-vao-taxar-produtos-da-china-em-104-partir-desta-quarta\" target=\"_blank\" rel=\"noopener\">ap\u00f3s a China retaliar a tarifa dos EUA de 34% imposta no \u00faltimo dia 2 de abril<\/a>.\u00a0<\/p>\n<h2>Erros em s\u00e9rie<\/h2>\n<p><a href=\"https:\/\/gss.mof.gov.cn\/gzdt\/zhengcejiedu\/202504\/t20250409_3961685.htm\" target=\"_blank\" rel=\"noopener\">\u201cA decis\u00e3o dos EUA de aumentar as tarifas sobre a China \u00e9 um erro atr\u00e1s do outro. Ela infringe seriamente os direitos e interesses leg\u00edtimos da China, prejudica seriamente o sistema de com\u00e9rcio multilateral baseado em regras e tem um impacto severo na estabilidade da ordem econ\u00f4mica global. \u00c9 um exemplo t\u00edpico de unilateralismo, protecionismo e intimida\u00e7\u00e3o econ\u00f4mica\u201d,<\/a> afirmou a Minist\u00e9rio de Finan\u00e7as chin\u00eas.<\/p>\n<p><strong>Pequim pede que os EUA retirem as tarifas impostas contra o pa\u00eds asi\u00e1tico. \u201cA China pede que os EUA corrijam imediatamente suas pr\u00e1ticas erradas, cancelem todas as medidas tarif\u00e1rias unilaterais contra a China e resolvam adequadamente as diferen\u00e7as com a China por meio de um di\u00e1logo igualit\u00e1rio com base no respeito m\u00fatuo\u201d, completou o governo chin\u00eas.<\/strong><\/p>\n<h2>Guerra de tarifas<\/h2>\n<p><a href=\"https:\/\/agenciabrasil.ebc.com.br\/internacional\/noticia\/2025-04\/acoes-da-china-sobem-apos-pais-indicar-abertura-para-negociar-tarifas\" target=\"_blank\" rel=\"noopener\">Enquanto a maior parte das bolsas de valores do mundo segue operando em baixa<\/a> em raz\u00e3o da guerra de tarifas iniciada por Trump, as bolsas chinesas operaram em alta nesta quarta-feira (9).<\/p>\n<p>Para analistas consultados pela <strong>Ag\u00eancia Brasil<\/strong>, o tarifa\u00e7o de Trump \u00e9 uma tentativa de reverter a desindustrializa\u00e7\u00e3o dos EUA, que viu sua economia perder competitividade para os mercados da \u00c1sia nas \u00faltimas d\u00e9cadas. Por\u00e9m, <a href=\"https:\/\/agenciabrasil.ebc.com.br\/economia\/noticia\/2025-04\/entenda-guerra-de-tarifas-de-trump-e-consequencias-para-brasil\" target=\"_blank\" rel=\"noopener\">diversos economistas s\u00e3o c\u00e9ticos de que as medidas de Washington possam ter o efeito esperado e esperam o aumento da infla\u00e7\u00e3o dentro dos EUA<\/a>. \u00a0<\/p>\n<p>\u00a0<\/p>\n<p>      <!-- Relacionada --><\/p>\n<p>            <!-- Relacionada -->\n    <\/div>\n<p><br \/>\n<br \/><a href=\"https:\/\/agenciabrasil.ebc.com.br\/internacional\/noticia\/2025-04\/china-eleva-tarifas-contra-eua-84-e-intensifica-guerra-comercial\" rel=\"noopener\">Ag\u00eancia Brasil <\/a><\/p>\n","protected":false},"excerpt":{"rendered":"<p>O Minist\u00e9rio das Finan\u00e7as da China anunciou, nesta quarta-feira (9), o aumento das tarifas de importa\u00e7\u00e3o de produtos dos Estados Unidos (EUA) de 34% para 84%, intensificando a guerra comercial iniciada por Washington. A nova taxa passa a valer a partir desta quinta-feira (10). A medida foi tomada depois que o presidente Donald Trump elevou [&hellip;]<\/p>\n","protected":false},"author":1,"featured_media":681,"comment_status":"open","ping_status":"open","sticky":false,"template":"","format":"standard","meta":{"_jetpack_newsletter_access":"","_jetpack_dont_email_post_to_subs":false,"_jetpack_newsletter_tier_id":0,"_jetpack_memberships_contains_paywalled_content":false,"_mbp_banners":[],"_jetpack_feature_clip_id":0,"_jetpack_memberships_contains_paid_content":false,"footnotes":"","jetpack_publicize_message":"","jetpack_publicize_feature_enabled":true,"jetpack_social_post_already_shared":true,"jetpack_social_options":{"image_generator_settings":{"template":"highway","default_image_id":0,"font":"","enabled":false},"version":2},"jetpack_post_was_ever_published":false},"categories":[25],"tags":[],"class_list":["post-29870","post","type-post","status-publish","format-standard","has-post-thumbnail","category-internacional"],"jetpack_publicize_connections":[],"jetpack-related-posts":[],"jetpack_shortlink":"https:\/\/wp.me\/p7Eq1F-7LM","jetpack_sharing_enabled":true,"jetpack_featured_media_url":"https:\/\/i0.wp.com\/guialimeira.com.br\/news\/wp-content\/uploads\/2024\/04\/dolar_moeda_0803221206.jpg?fit=1600%2C800&ssl=1","_links":{"self":[{"href":"https:\/\/guialimeira.com.br\/news\/wp-json\/wp\/v2\/posts\/29870","targetHints":{"allow":["GET"]}}],"collection":[{"href":"https:\/\/guialimeira.com.br\/news\/wp-json\/wp\/v2\/posts"}],"about":[{"href":"https:\/\/guialimeira.com.br\/news\/wp-json\/wp\/v2\/types\/post"}],"author":[{"embeddable":true,"href":"https:\/\/guialimeira.com.br\/news\/wp-json\/wp\/v2\/users\/1"}],"replies":[{"embeddable":true,"href":"https:\/\/guialimeira.com.br\/news\/wp-json\/wp\/v2\/comments?post=29870"}],"version-history":[{"count":0,"href":"https:\/\/guialimeira.com.br\/news\/wp-json\/wp\/v2\/posts\/29870\/revisions"}],"wp:featuredmedia":[{"embeddable":true,"href":"https:\/\/guialimeira.com.br\/news\/wp-json\/wp\/v2\/media\/681"}],"wp:attachment":[{"href":"https:\/\/guialimeira.com.br\/news\/wp-json\/wp\/v2\/media?parent=29870"}],"wp:term":[{"taxonomy":"category","embeddable":true,"href":"https:\/\/guialimeira.com.br\/news\/wp-json\/wp\/v2\/categories?post=29870"},{"taxonomy":"post_tag","embeddable":true,"href":"https:\/\/guialimeira.com.br\/news\/wp-json\/wp\/v2\/tags?post=29870"}],"curies":[{"name":"wp","href":"https:\/\/api.w.org\/{rel}","templated":true}]}}