{"id":2986,"date":"2024-04-27T10:57:45","date_gmt":"2024-04-27T13:57:45","guid":{"rendered":"https:\/\/guialimeira.com.br\/2024\/04\/27\/pesquisa-do-ipea-quer-conhecer-melhor-trabalhadoras-domesticas\/"},"modified":"2024-04-27T10:57:45","modified_gmt":"2024-04-27T13:57:45","slug":"pesquisa-do-ipea-quer-conhecer-melhor-trabalhadoras-domesticas","status":"publish","type":"post","link":"https:\/\/guialimeira.com.br\/news\/pesquisa-do-ipea-quer-conhecer-melhor-trabalhadoras-domesticas\/","title":{"rendered":"Pesquisa do Ipea quer conhecer melhor trabalhadoras dom\u00e9sticas"},"content":{"rendered":"<p> <br \/>\n<\/p>\n<div>\n<p>Neste s\u00e1bado (27), celebra-se o Dia Nacional da Trabalhadora Dom\u00e9stica. Para lembrar a data, o Instituto de Pesquisa Econ\u00f4mica Aplicada (Ipea) est\u00e1 realizando <a href=\"https:\/\/www.ipea.gov.br\/pesquisatrabalhodecuidados\" target=\"_blank\" rel=\"noopener\">pesquisa para conhecer melhor<\/a> quem exerce atividades remuneradas de cuidado e trabalho dom\u00e9stico no Brasil e as condi\u00e7\u00f5es que vivenciam no seu exerc\u00edcio. A Pesquisa Nacional sobre Trabalho Dom\u00e9stico e de Cuidados \u00e9 em parceria com o Minist\u00e9rio da Igualdade Racial.<img data-recalc-dims=\"1\" decoding=\"async\" src=\"https:\/\/i0.wp.com\/agenciabrasil.ebc.com.br\/ebc.png?w=696&#038;ssl=1\" style=\"width:1px; height:1px; display:inline;\"\/><img data-recalc-dims=\"1\" decoding=\"async\" src=\"https:\/\/i0.wp.com\/agenciabrasil.ebc.com.br\/ebc.gif?w=696&#038;ssl=1\" style=\"width:1px; height:1px; display:inline;\"\/><\/p>\n<p>Segundo dados da Pesquisa Nacional por Amostra de Domic\u00edlios Cont\u00ednua (Pnad Cont\u00ednua), do Instituto Brasileiro de Geografia e Estat\u00edstica (IBGE), as trabalhadoras dom\u00e9sticas enfrentam altas taxas de precariedade no trabalho com 64,8% n\u00e3o contribuindo para a Seguridade Social e 54,2% ganhando menos de um sal\u00e1rio m\u00ednimo.\u00a0<\/p>\n<p>\u201cEsses dados refletem as desigualdades estruturais a serem desafiadas por meio de pol\u00edticas que garantam condi\u00e7\u00f5es de trabalho dignas, sal\u00e1rios justos e prote\u00e7\u00e3o social para as trabalhadoras dom\u00e9sticas\u201d, diz o Ipea.<\/p>\n<p>\u201cA pesquisa visa reconhecer a contribui\u00e7\u00e3o fundamental das trabalhadoras e dos trabalhadores que atuam de forma remunerada nas atividades dom\u00e9sticas e de cuidados\u201d, destaca o instituto.\u00a0<\/p>\n<p>\u00c9 esse grupo que cuida dos lares e das vidas das pessoas por meio de atividades como a prepara\u00e7\u00e3o dos alimentos, limpeza da casa, a aten\u00e7\u00e3o com as crian\u00e7as, os idosos, as pessoas com defici\u00eancia e os doentes da fam\u00edlia.<\/p>\n<p>\u201cA ideia \u00e9 que a gente conhe\u00e7a quem \u00e9 que faz o cuidado remunerado. \u00c9 uma pesquisa online. Ela j\u00e1 est\u00e1 no ar no site do Ipea. A nossa ideia \u00e9 conhecer a cara de quem cuida. Como conseguiu o emprego, quais s\u00e3o os direitos que tem e que n\u00e3o tem. S\u00f3 conhecendo quem cuida, os governos podem propor pol\u00edticas para melhorar a qualidade do trabalho e de vida dessas pessoas e consequentemente aumentar\u00e1 a qualidade do servi\u00e7o prestado\u201d, avalia Ana Am\u00e9lia Camarano, respons\u00e1vel pela pesquisa.<\/p>\n<p>O question\u00e1rio, que pode ser preenchido at\u00e9 13 de junho, est\u00e1 dividido em quatro blocos: informa\u00e7\u00f5es gerais; caracter\u00edsticas do trabalho; frequ\u00eancia, deslocamento e custos; e trabalho via aplicativos\/plataformas digitais. O tempo de preenchimento \u00e9 de aproximadamente 10 minutos. As informa\u00e7\u00f5es e os dados pessoais fornecidos n\u00e3o ser\u00e3o divulgados e est\u00e3o protegidos pela Lei Geral de Prote\u00e7\u00e3o de Dados (LGPD), ou seja, a privacidade ser\u00e1 preservada.<\/p>\n<\/p><\/div>\n<p><br \/>\n<br \/><a href=\"https:\/\/agenciabrasil.ebc.com.br\/geral\/noticia\/2024-04\/pesquisa-do-ipea-quer-conhecer-melhor-trabalhadoras-domesticas\" rel=\"noopener\">Ag\u00eancia Brasil<\/a><\/p>\n","protected":false},"excerpt":{"rendered":"<p>Neste s\u00e1bado (27), celebra-se o Dia Nacional da Trabalhadora Dom\u00e9stica. Para lembrar a data, o Instituto de Pesquisa Econ\u00f4mica Aplicada (Ipea) est\u00e1 realizando pesquisa para conhecer melhor quem exerce atividades remuneradas de cuidado e trabalho dom\u00e9stico no Brasil e as condi\u00e7\u00f5es que vivenciam no seu exerc\u00edcio. A Pesquisa Nacional sobre Trabalho Dom\u00e9stico e de Cuidados [&hellip;]<\/p>\n","protected":false},"author":1,"featured_media":2987,"comment_status":"open","ping_status":"open","sticky":false,"template":"","format":"standard","meta":{"_jetpack_newsletter_access":"","_jetpack_dont_email_post_to_subs":false,"_jetpack_newsletter_tier_id":0,"_jetpack_memberships_contains_paywalled_content":false,"_mbp_banners":[],"_jetpack_feature_clip_id":0,"_jetpack_memberships_contains_paid_content":false,"footnotes":"","jetpack_publicize_message":"","jetpack_publicize_feature_enabled":true,"jetpack_social_post_already_shared":true,"jetpack_social_options":{"image_generator_settings":{"template":"highway","default_image_id":0,"font":"","enabled":false},"version":2},"jetpack_post_was_ever_published":false},"categories":[1],"tags":[],"class_list":["post-2986","post","type-post","status-publish","format-standard","has-post-thumbnail","category-geral"],"jetpack_publicize_connections":[],"jetpack-related-posts":[],"jetpack_shortlink":"https:\/\/wp.me\/p7Eq1F-Ma","jetpack_sharing_enabled":true,"jetpack_featured_media_url":"https:\/\/i0.wp.com\/guialimeira.com.br\/news\/wp-content\/uploads\/2024\/04\/ana_vaz_cardoso.jpg?fit=1600%2C800&ssl=1","_links":{"self":[{"href":"https:\/\/guialimeira.com.br\/news\/wp-json\/wp\/v2\/posts\/2986","targetHints":{"allow":["GET"]}}],"collection":[{"href":"https:\/\/guialimeira.com.br\/news\/wp-json\/wp\/v2\/posts"}],"about":[{"href":"https:\/\/guialimeira.com.br\/news\/wp-json\/wp\/v2\/types\/post"}],"author":[{"embeddable":true,"href":"https:\/\/guialimeira.com.br\/news\/wp-json\/wp\/v2\/users\/1"}],"replies":[{"embeddable":true,"href":"https:\/\/guialimeira.com.br\/news\/wp-json\/wp\/v2\/comments?post=2986"}],"version-history":[{"count":0,"href":"https:\/\/guialimeira.com.br\/news\/wp-json\/wp\/v2\/posts\/2986\/revisions"}],"wp:featuredmedia":[{"embeddable":true,"href":"https:\/\/guialimeira.com.br\/news\/wp-json\/wp\/v2\/media\/2987"}],"wp:attachment":[{"href":"https:\/\/guialimeira.com.br\/news\/wp-json\/wp\/v2\/media?parent=2986"}],"wp:term":[{"taxonomy":"category","embeddable":true,"href":"https:\/\/guialimeira.com.br\/news\/wp-json\/wp\/v2\/categories?post=2986"},{"taxonomy":"post_tag","embeddable":true,"href":"https:\/\/guialimeira.com.br\/news\/wp-json\/wp\/v2\/tags?post=2986"}],"curies":[{"name":"wp","href":"https:\/\/api.w.org\/{rel}","templated":true}]}}