{"id":29850,"date":"2025-04-09T02:19:49","date_gmt":"2025-04-09T05:19:49","guid":{"rendered":"https:\/\/guialimeira.com.br\/?p=29850"},"modified":"2025-04-09T02:19:49","modified_gmt":"2025-04-09T05:19:49","slug":"motta-diz-que-camara-vai-priorizar-pec-da-seguranca-publica","status":"publish","type":"post","link":"https:\/\/guialimeira.com.br\/news\/motta-diz-que-camara-vai-priorizar-pec-da-seguranca-publica\/","title":{"rendered":"Motta diz que C\u00e2mara vai priorizar PEC da Seguran\u00e7a P\u00fablica"},"content":{"rendered":"\n<figure class=\"wp-block-gallery has-nested-images columns-default is-cropped wp-block-gallery-1 is-layout-flex wp-block-gallery-is-layout-flex\">\n<figure class=\"wp-block-image size-large\"><\/figure>\n\t\t\t\t\t\n<figure class=\"wp-block-image size-large\"><img loading=\"lazy\" decoding=\"async\" width=\"1\" height=\"1\" data-attachment-id=\"29849\" data-permalink=\"https:\/\/guialimeira.com.br\/news\/motta-diz-que-camara-vai-priorizar-pec-da-seguranca-publica-2\/\" data-orig-file=\"https:\/\/i0.wp.com\/guialimeira.com.br\/news\/wp-content\/uploads\/2025\/04\/1744175986_419_ebc.gif?fit=1%2C1&amp;ssl=1\" data-orig-size=\"1,1\" data-comments-opened=\"1\" data-image-meta=\"{&quot;aperture&quot;:&quot;0&quot;,&quot;credit&quot;:&quot;&quot;,&quot;camera&quot;:&quot;&quot;,&quot;caption&quot;:&quot;&quot;,&quot;created_timestamp&quot;:&quot;0&quot;,&quot;copyright&quot;:&quot;&quot;,&quot;focal_length&quot;:&quot;0&quot;,&quot;iso&quot;:&quot;0&quot;,&quot;shutter_speed&quot;:&quot;0&quot;,&quot;title&quot;:&quot;&quot;,&quot;orientation&quot;:&quot;0&quot;}\" data-image-title=\"Motta diz que C\u00e2mara vai priorizar PEC da Seguran\u00e7a P\u00fablica\" data-image-description=\"\" data-image-caption=\"\" data-large-file=\"https:\/\/i0.wp.com\/guialimeira.com.br\/news\/wp-content\/uploads\/2025\/04\/1744175986_419_ebc.gif?fit=1%2C1&amp;ssl=1\" data-id=\"29849\" src=\"https:\/\/i0.wp.com\/guialimeira.com.br\/wp-content\/uploads\/2025\/04\/1744175986_419_ebc.gif?resize=1%2C1&amp;ssl=1\" alt=\"\" class=\"wp-image-29849\" \/><\/figure>\n\t\t\t\t\t<\/figure>\n \r\n<br><div>\n                    <p><strong>O presidente da C\u00e2mara dos Deputados, Hugo Motta, disse que vai priorizar as discuss\u00f5es sobre a Proposta de Emenda Constitucional da Seguran\u00e7a P\u00fablica<\/strong>. Segundo ele, j\u00e1 \u00e9 percebida uma converg\u00eancia entre as lideran\u00e7as de partidos, no sentido de dar urg\u00eancia aos debates sobre o tema.<img data-recalc-dims=\"1\" decoding=\"async\" src=\"https:\/\/i0.wp.com\/guialimeira.com.br\/wp-content\/uploads\/2025\/04\/1744175986_807_ebc.png?w=696&#038;ssl=1\" style=\"width:1px;height:1px\" \/><img data-recalc-dims=\"1\" decoding=\"async\" src=\"https:\/\/i0.wp.com\/guialimeira.com.br\/wp-content\/uploads\/2025\/04\/1744175986_419_ebc.gif?w=696&#038;ssl=1\" style=\"width:1px;height:1px\" \/><\/p>\n\n<p><strong>A declara\u00e7\u00e3o foi feita na resid\u00eancia oficial de Motta, nesta ter\u00e7a-feira (8), ap\u00f3s receber\u00a0das m\u00e3os do ministros da Justi\u00e7a, Ricardo Lewandowski, e da ministra-chefe da Secretaria de Rela\u00e7\u00f5es Institucionais, Gleisi Hoffmann, a nova vers\u00e3o da PEC.<\/strong><\/p>\n\n<blockquote>\n<p>\u201cA impress\u00e3o \u00e9 de que h\u00e1 converg\u00eancia e unanimidade para discuss\u00e3o do projeto na C\u00e2mara, com as lideran\u00e7as concordando com urg\u00eancia para darmos uma resposta\u201d, disse Motta ao receber o texto elaborado pelo governo, ap\u00f3s consulta a governadores.<\/p>\n<\/blockquote>\n\n<p><strong>Segundo Motta, todos partidos presentes na\u00a0reuni\u00e3o concordaram com a urg\u00eancia da C\u00e2mara para dar resposta \u00e0 quest\u00e3o da seguran\u00e7a p\u00fablica.<\/strong> \u201cPrecisamos ser energ\u00e9ticos nessa resposta. N\u00e3o faltar\u00e1 resposta \u00e0 sociedade\u201d, acrescentou.<\/p>\n\n<p>O presidente da C\u00e2mara fez compara\u00e7\u00e3o da situa\u00e7\u00e3o da\u00a0seguran\u00e7a com a de um paciente com c\u00e2ncer. &#8220;Se o Brasil fosse um paciente, nosso paciente estaria com c\u00e2ncer grave. Seu tratamento n\u00e3o poder\u00e1 ser com rem\u00e9dios leves. Daremos o rem\u00e9dio preciso para salvar o Brasil\u201d, disse o presidente da C\u00e2mara ao garantir que \u201cn\u00e3o faltar\u00e1 resposta que a sociedade nos cobra\u201d.<\/p>\n\n<blockquote>\n<p>\u201cDaremos total prioridade para a discuss\u00e3o deste texto. Vamos analisar e propor as mudan\u00e7as necess\u00e1rias o quanto antes, porque o Brasil tem pressa para avan\u00e7ar com esta pauta\u201d, completou. Segundo Motta, a C\u00e2mara instituir\u00e1 um grupo de trabalho permanente para discutir a seguran\u00e7a.<\/p>\n<\/blockquote>\n\n<p><strong>Ao deixar a resid\u00eancia da presid\u00eancia da C\u00e2mara dos Deputados, Lewandowski classificou como \u201cextremamente proveitosa\u201d a reuni\u00e3o, da qual participaram\u00a0tamb\u00e9m\u00a0as lideran\u00e7as partid\u00e1rias. Na avalia\u00e7\u00e3o do ministro, j\u00e1 \u00e9 percebida\u00a0unanimidade com rela\u00e7\u00e3o ao debate visando dar urg\u00eancia \u00e0 mat\u00e9ria, uma vez que \u201cseguran\u00e7a, educa\u00e7\u00e3o e sa\u00fade preocupam o cidad\u00e3o comum\u201d.<\/strong><\/p>\n\n<p><em>*Colaborou Priscila Mazenotti<\/em><\/p>\n\n      <!-- Relacionada -->\n              \n            <!-- Relacionada -->\n    <\/div>\r\n<br>\r\n<br><a href=\"https:\/\/agenciabrasil.ebc.com.br\/politica\/noticia\/2025-04\/motta-diz-que-camara-vai-priorizar-pec-da-seguranca-publica\" rel=\"noopener\">Ag\u00eancia Brasil<\/a>","protected":false},"excerpt":{"rendered":"<p>O presidente da C\u00e2mara dos Deputados, Hugo Motta, disse que vai priorizar as discuss\u00f5es sobre a Proposta de Emenda Constitucional da Seguran\u00e7a P\u00fablica. Segundo ele, j\u00e1 \u00e9 percebida uma converg\u00eancia entre as lideran\u00e7as de partidos, no sentido de dar urg\u00eancia aos debates sobre o tema. A declara\u00e7\u00e3o foi feita na resid\u00eancia oficial de Motta, nesta [&hellip;]<\/p>\n","protected":false},"author":1,"featured_media":29851,"comment_status":"open","ping_status":"open","sticky":false,"template":"","format":"standard","meta":{"_jetpack_newsletter_access":"","_jetpack_dont_email_post_to_subs":false,"_jetpack_newsletter_tier_id":0,"_jetpack_memberships_contains_paywalled_content":false,"_mbp_banners":[],"_jetpack_feature_clip_id":0,"_jetpack_memberships_contains_paid_content":false,"footnotes":"","jetpack_publicize_message":"","jetpack_publicize_feature_enabled":true,"jetpack_social_post_already_shared":true,"jetpack_social_options":{"image_generator_settings":{"template":"highway","default_image_id":0,"font":"","enabled":false},"version":2},"jetpack_post_was_ever_published":false},"categories":[19],"tags":[],"class_list":["post-29850","post","type-post","status-publish","format-standard","has-post-thumbnail","category-politica"],"jetpack_publicize_connections":[],"jetpack-related-posts":[],"jetpack_shortlink":"https:\/\/wp.me\/p7Eq1F-7Ls","jetpack_sharing_enabled":true,"jetpack_featured_media_url":"https:\/\/i0.wp.com\/guialimeira.com.br\/news\/wp-content\/uploads\/2025\/04\/Motta-diz-que-Camara-vai-priorizar-PEC-da-Seguranca-Publica.jpg?fit=1600%2C800&ssl=1","_links":{"self":[{"href":"https:\/\/guialimeira.com.br\/news\/wp-json\/wp\/v2\/posts\/29850","targetHints":{"allow":["GET"]}}],"collection":[{"href":"https:\/\/guialimeira.com.br\/news\/wp-json\/wp\/v2\/posts"}],"about":[{"href":"https:\/\/guialimeira.com.br\/news\/wp-json\/wp\/v2\/types\/post"}],"author":[{"embeddable":true,"href":"https:\/\/guialimeira.com.br\/news\/wp-json\/wp\/v2\/users\/1"}],"replies":[{"embeddable":true,"href":"https:\/\/guialimeira.com.br\/news\/wp-json\/wp\/v2\/comments?post=29850"}],"version-history":[{"count":1,"href":"https:\/\/guialimeira.com.br\/news\/wp-json\/wp\/v2\/posts\/29850\/revisions"}],"predecessor-version":[{"id":29852,"href":"https:\/\/guialimeira.com.br\/news\/wp-json\/wp\/v2\/posts\/29850\/revisions\/29852"}],"wp:featuredmedia":[{"embeddable":true,"href":"https:\/\/guialimeira.com.br\/news\/wp-json\/wp\/v2\/media\/29851"}],"wp:attachment":[{"href":"https:\/\/guialimeira.com.br\/news\/wp-json\/wp\/v2\/media?parent=29850"}],"wp:term":[{"taxonomy":"category","embeddable":true,"href":"https:\/\/guialimeira.com.br\/news\/wp-json\/wp\/v2\/categories?post=29850"},{"taxonomy":"post_tag","embeddable":true,"href":"https:\/\/guialimeira.com.br\/news\/wp-json\/wp\/v2\/tags?post=29850"}],"curies":[{"name":"wp","href":"https:\/\/api.w.org\/{rel}","templated":true}]}}