{"id":29840,"date":"2025-04-08T22:20:07","date_gmt":"2025-04-09T01:20:07","guid":{"rendered":"https:\/\/guialimeira.com.br\/2025\/04\/08\/botafogo-vence-primeira-na-copa-libertadores\/"},"modified":"2025-04-08T22:20:07","modified_gmt":"2025-04-09T01:20:07","slug":"botafogo-vence-primeira-na-copa-libertadores","status":"publish","type":"post","link":"https:\/\/guialimeira.com.br\/news\/botafogo-vence-primeira-na-copa-libertadores\/","title":{"rendered":"Botafogo vence primeira na Copa Libertadores"},"content":{"rendered":"<p> <br \/>\n<\/p>\n<div>\n<p>O Botafogo superou o Carabobo (Venezuela) por 2 a 0, na noite desta ter\u00e7a-feira (8) no est\u00e1dio Nilton Santos, em sua primeira vit\u00f3ria na atual edi\u00e7\u00e3o da Copa Libertadores da Am\u00e9rica.<img data-recalc-dims=\"1\" decoding=\"async\" src=\"https:\/\/i0.wp.com\/agenciabrasil.ebc.com.br\/ebc.png?w=696&#038;ssl=1\" style=\"width:1px; height:1px; display:inline;\"\/><img data-recalc-dims=\"1\" decoding=\"async\" src=\"https:\/\/i0.wp.com\/agenciabrasil.ebc.com.br\/ebc.gif?w=696&#038;ssl=1\" style=\"width:1px; height:1px; display:inline;\"\/><\/p>\n<blockquote class=\"twitter-tweet\">\n<p dir=\"ltr\" lang=\"pt\" xml:lang=\"pt\">VIT\u00d3RIA DO ATUAL CAMPE\u00c3O DA LIBERTADORES! \ud83d\udd25\ud83c\udf1f<\/p>\n<p>Com apoio da torcida e muita luta at\u00e9 o final, Fog\u00e3o vence o Carabobo por 2 a 0. Os gols foram marcados por PK e Matheus Martins! <a href=\"https:\/\/twitter.com\/hashtag\/VamosBOTAFOGO?src=hash&amp;ref_src=twsrc%5Etfw\" rel=\"noopener\">#VamosBOTAFOGO<\/a> <a href=\"https:\/\/t.co\/b2bVjGKKFc\">pic.twitter.com\/b2bVjGKKFc<\/a><\/p>\n<p>\u2014 Botafogo F.R. (@Botafogo) <a href=\"https:\/\/twitter.com\/Botafogo\/status\/1909759299863052327?ref_src=twsrc%5Etfw\" rel=\"noopener\">April 9, 2025<\/a><\/p><\/blockquote>\n<p>Com este triunfo, o Alvinegro somou os primeiros tr\u00eas pontos ap\u00f3s duas rodadas disputadas. Agora, o pr\u00f3ximo compromisso do time de General Severiano na competi\u00e7\u00e3o ser\u00e1 diante do Estudiantes (Argentina), no dia 23 de abril no est\u00e1dio Jorge Luis Hirschi, em Buenos Aires.<\/p>\n<p>Diante de um advers\u00e1rio claramente inferior tecnicamente o Botafogo foi acumulando oportunidades. Por\u00e9m, a equipe do t\u00e9cnico Renato Paiva mostrou pouca efici\u00eancia para abrir o marcador.<\/p>\n<blockquote class=\"twitter-tweet\">\n<p dir=\"ltr\" lang=\"pt\" xml:lang=\"pt\">AVISA L\u00c1 DEU FOG\u00c3O NA LIBERTADORES! \ud83d\udd25\ud83c\udf0e <a href=\"https:\/\/twitter.com\/hashtag\/VAMOSBOTAFOGO?src=hash&amp;ref_src=twsrc%5Etfw\" rel=\"noopener\">#VAMOSBOTAFOGO<\/a><\/p>\n<p>\ud83d\udcf8 V\u00edtor Silva\/ BFR <a href=\"https:\/\/t.co\/MOqcduVAUc\">pic.twitter.com\/MOqcduVAUc<\/a><\/p>\n<p>\u2014 Botafogo F.R. (@Botafogo) <a href=\"https:\/\/twitter.com\/Botafogo\/status\/1909766795256275373?ref_src=twsrc%5Etfw\" rel=\"noopener\">April 9, 2025<\/a><\/p><\/blockquote>\n<p>Assim, o primeiro gol do confronto saiu apenas aos 42 minutos do segundo tempo, quando o volante Patrick de Paula cobrou falta de muito longe e contou com um desvio no meio do caminho para superar o goleiro Bruera. Dez minutos depois o atacante Matheus Martins acertou chute cruzado de dentro da \u00e1rea para dar n\u00fameros finais ao marcador.<\/p>\n<p>      <!-- Relacionada --><\/p>\n<p>            <!-- Relacionada -->\n    <\/div>\n<p><script async src=\"\/\/platform.twitter.com\/widgets.js\" charset=\"utf-8\"><\/script><br \/>\n<br \/><br \/>\n<br \/><a href=\"https:\/\/agenciabrasil.ebc.com.br\/esportes\/noticia\/2025-04\/botafogo-vence-primeira-na-copa-libertadores\" rel=\"noopener\">Ag\u00eancia Brasil<\/a><\/p>\n","protected":false},"excerpt":{"rendered":"<p>O Botafogo superou o Carabobo (Venezuela) por 2 a 0, na noite desta ter\u00e7a-feira (8) no est\u00e1dio Nilton Santos, em sua primeira vit\u00f3ria na atual edi\u00e7\u00e3o da Copa Libertadores da Am\u00e9rica. VIT\u00d3RIA DO ATUAL CAMPE\u00c3O DA LIBERTADORES! \ud83d\udd25\ud83c\udf1f Com apoio da torcida e muita luta at\u00e9 o final, Fog\u00e3o vence o Carabobo por 2 a [&hellip;]<\/p>\n","protected":false},"author":1,"featured_media":29841,"comment_status":"open","ping_status":"open","sticky":false,"template":"","format":"standard","meta":{"_jetpack_newsletter_access":"","_jetpack_dont_email_post_to_subs":false,"_jetpack_newsletter_tier_id":0,"_jetpack_memberships_contains_paywalled_content":false,"_mbp_banners":[],"_jetpack_feature_clip_id":0,"_jetpack_memberships_contains_paid_content":false,"footnotes":"","jetpack_publicize_message":"","jetpack_publicize_feature_enabled":true,"jetpack_social_post_already_shared":true,"jetpack_social_options":{"image_generator_settings":{"template":"highway","default_image_id":0,"font":"","enabled":false},"version":2},"jetpack_post_was_ever_published":false},"categories":[23],"tags":[],"class_list":["post-29840","post","type-post","status-publish","format-standard","has-post-thumbnail","category-esportes"],"jetpack_publicize_connections":[],"jetpack-related-posts":[],"jetpack_shortlink":"https:\/\/wp.me\/p7Eq1F-7Li","jetpack_sharing_enabled":true,"jetpack_featured_media_url":"https:\/\/i0.wp.com\/guialimeira.com.br\/news\/wp-content\/uploads\/2025\/04\/54438951412_777d320625_o.jpg?fit=1600%2C800&ssl=1","_links":{"self":[{"href":"https:\/\/guialimeira.com.br\/news\/wp-json\/wp\/v2\/posts\/29840","targetHints":{"allow":["GET"]}}],"collection":[{"href":"https:\/\/guialimeira.com.br\/news\/wp-json\/wp\/v2\/posts"}],"about":[{"href":"https:\/\/guialimeira.com.br\/news\/wp-json\/wp\/v2\/types\/post"}],"author":[{"embeddable":true,"href":"https:\/\/guialimeira.com.br\/news\/wp-json\/wp\/v2\/users\/1"}],"replies":[{"embeddable":true,"href":"https:\/\/guialimeira.com.br\/news\/wp-json\/wp\/v2\/comments?post=29840"}],"version-history":[{"count":0,"href":"https:\/\/guialimeira.com.br\/news\/wp-json\/wp\/v2\/posts\/29840\/revisions"}],"wp:featuredmedia":[{"embeddable":true,"href":"https:\/\/guialimeira.com.br\/news\/wp-json\/wp\/v2\/media\/29841"}],"wp:attachment":[{"href":"https:\/\/guialimeira.com.br\/news\/wp-json\/wp\/v2\/media?parent=29840"}],"wp:term":[{"taxonomy":"category","embeddable":true,"href":"https:\/\/guialimeira.com.br\/news\/wp-json\/wp\/v2\/categories?post=29840"},{"taxonomy":"post_tag","embeddable":true,"href":"https:\/\/guialimeira.com.br\/news\/wp-json\/wp\/v2\/tags?post=29840"}],"curies":[{"name":"wp","href":"https:\/\/api.w.org\/{rel}","templated":true}]}}