{"id":29836,"date":"2025-04-08T21:13:34","date_gmt":"2025-04-09T00:13:34","guid":{"rendered":"https:\/\/guialimeira.com.br\/2025\/04\/08\/angra-dos-reis-decreta-emergencia-em-saude-publica-devido-as-enchentes\/"},"modified":"2025-04-08T21:13:34","modified_gmt":"2025-04-09T00:13:34","slug":"angra-dos-reis-decreta-emergencia-em-saude-publica-devido-as-enchentes","status":"publish","type":"post","link":"https:\/\/guialimeira.com.br\/news\/angra-dos-reis-decreta-emergencia-em-saude-publica-devido-as-enchentes\/","title":{"rendered":"Angra dos Reis decreta emerg\u00eancia em sa\u00fade p\u00fablica devido \u00e0s enchentes"},"content":{"rendered":"<p> <br \/>\n<\/p>\n<div>\n<p><strong>A prefeitura de Angra dos Reis, na Costa Verde do Rio de Janeiro, decretou, nesta ter\u00e7a-feira (8), situa\u00e7\u00e3o de emerg\u00eancia em sa\u00fade p\u00fablica no munic\u00edpio. <\/strong>A medida foi tomada\u00a0por causa do comprometimento das atividades do Complexo de Sa\u00fade do Parque Mambucaba, que abrange a Cl\u00ednica da Fam\u00edlia, o Ambulat\u00f3rio M\u00e9dico de Especialidades (AME), o Servi\u00e7o de Pronto Atendimento (SPA) 24horas, o Centro de Especialidades Odontol\u00f3gicas e o SPA Odontol\u00f3gico.<img data-recalc-dims=\"1\" decoding=\"async\" src=\"https:\/\/i0.wp.com\/agenciabrasil.ebc.com.br\/ebc.png?w=696&#038;ssl=1\" style=\"width:1px; height:1px; display:inline;\"\/><img data-recalc-dims=\"1\" decoding=\"async\" src=\"https:\/\/i0.wp.com\/agenciabrasil.ebc.com.br\/ebc.gif?w=696&#038;ssl=1\" style=\"width:1px; height:1px; display:inline;\"\/><\/p>\n<p>\u00a0De acordo com o secret\u00e1rio de Sa\u00fade, Rodrigo Ramos, as unidades, que atendem cerca de 40 mil moradores da regi\u00e3o,\u00a0foram atingidas pela inunda\u00e7\u00e3o. &#8220;No Complexo de Sa\u00fade, registramos perdas de computadores, m\u00f3veis, insumos, medicamentos e prontu\u00e1rios f\u00edsicos\u201d, informou.<\/p>\n<p><strong>O decreto ter\u00e1 validade de 180 dias. A Secretaria Municipal de Sa\u00fade fica autorizada a adotar medidas administrativas urgentes para enfrentar a crise, incluindo a aquisi\u00e7\u00e3o direta de bens e servi\u00e7os necess\u00e1rios para a manuten\u00e7\u00e3o dos atendimentos a popula\u00e7\u00e3o do munic\u00edpio.<\/strong><\/p>\n<p><strong>\u00a0Ap\u00f3s um mutir\u00e3o de limpeza e desinfec\u00e7\u00e3o, os atendimentos foram retomados, com exce\u00e7\u00e3o dos servi\u00e7os do Centro Odontol\u00f3gico do bairro, que est\u00e3o temporariamente suspensos. <\/strong>Os pacientes est\u00e3o sendo encaminhados para o Servi\u00e7o de Pronto Atendimento Odontol\u00f3gico no bairro do Frade.<\/p>\n<h2>\u00a0Alerta de doen\u00e7as<\/h2>\n<p><strong>Outro ponto de alerta no decreto de emerg\u00eancia em sa\u00fade p\u00fablica \u00e9 o aumento do risco de doen\u00e7as como hepatite A, leptospirose e dengue, enfermidades comumente associadas a per\u00edodos de enchente<\/strong>. <strong>A Secretaria de Sa\u00fade orienta que qualquer pessoa que tenha tido contato com a \u00e1gua de enchente procure imediatamente a unidade de sa\u00fade mais pr\u00f3xima, caso apresente, sintomas como febre, dores no corpo, dor de cabe\u00e7a, diarreia ou outras condi\u00e7\u00f5es incomuns.\u00a0<\/strong><\/p>\n<p>      <!-- Relacionada --><\/p>\n<p>            <!-- Relacionada -->\n    <\/div>\n<p><br \/>\n<br \/><a href=\"https:\/\/agenciabrasil.ebc.com.br\/saude\/noticia\/2025-04\/angra-dos-reis-decreta-emergencia-em-saude-publica-devido-enchentes\" rel=\"noopener\">Ag\u00eancia Brasil <\/a><\/p>\n","protected":false},"excerpt":{"rendered":"<p>A prefeitura de Angra dos Reis, na Costa Verde do Rio de Janeiro, decretou, nesta ter\u00e7a-feira (8), situa\u00e7\u00e3o de emerg\u00eancia em sa\u00fade p\u00fablica no munic\u00edpio. A medida foi tomada\u00a0por causa do comprometimento das atividades do Complexo de Sa\u00fade do Parque Mambucaba, que abrange a Cl\u00ednica da Fam\u00edlia, o Ambulat\u00f3rio M\u00e9dico de Especialidades (AME), o Servi\u00e7o [&hellip;]<\/p>\n","protected":false},"author":1,"featured_media":29463,"comment_status":"open","ping_status":"open","sticky":false,"template":"","format":"standard","meta":{"_jetpack_newsletter_access":"","_jetpack_dont_email_post_to_subs":false,"_jetpack_newsletter_tier_id":0,"_jetpack_memberships_contains_paywalled_content":false,"_mbp_banners":[],"_jetpack_feature_clip_id":0,"_jetpack_memberships_contains_paid_content":false,"footnotes":"","jetpack_publicize_message":"","jetpack_publicize_feature_enabled":true,"jetpack_social_post_already_shared":true,"jetpack_social_options":{"image_generator_settings":{"template":"highway","default_image_id":0,"font":"","enabled":false},"version":2},"jetpack_post_was_ever_published":false},"categories":[15],"tags":[],"class_list":["post-29836","post","type-post","status-publish","format-standard","has-post-thumbnail","category-saude"],"jetpack_publicize_connections":[],"jetpack-related-posts":[],"jetpack_shortlink":"https:\/\/wp.me\/p7Eq1F-7Le","jetpack_sharing_enabled":true,"jetpack_featured_media_url":"https:\/\/i0.wp.com\/guialimeira.com.br\/news\/wp-content\/uploads\/2025\/04\/defesa-civil-angra.jpg?fit=1600%2C800&ssl=1","_links":{"self":[{"href":"https:\/\/guialimeira.com.br\/news\/wp-json\/wp\/v2\/posts\/29836","targetHints":{"allow":["GET"]}}],"collection":[{"href":"https:\/\/guialimeira.com.br\/news\/wp-json\/wp\/v2\/posts"}],"about":[{"href":"https:\/\/guialimeira.com.br\/news\/wp-json\/wp\/v2\/types\/post"}],"author":[{"embeddable":true,"href":"https:\/\/guialimeira.com.br\/news\/wp-json\/wp\/v2\/users\/1"}],"replies":[{"embeddable":true,"href":"https:\/\/guialimeira.com.br\/news\/wp-json\/wp\/v2\/comments?post=29836"}],"version-history":[{"count":0,"href":"https:\/\/guialimeira.com.br\/news\/wp-json\/wp\/v2\/posts\/29836\/revisions"}],"wp:featuredmedia":[{"embeddable":true,"href":"https:\/\/guialimeira.com.br\/news\/wp-json\/wp\/v2\/media\/29463"}],"wp:attachment":[{"href":"https:\/\/guialimeira.com.br\/news\/wp-json\/wp\/v2\/media?parent=29836"}],"wp:term":[{"taxonomy":"category","embeddable":true,"href":"https:\/\/guialimeira.com.br\/news\/wp-json\/wp\/v2\/categories?post=29836"},{"taxonomy":"post_tag","embeddable":true,"href":"https:\/\/guialimeira.com.br\/news\/wp-json\/wp\/v2\/tags?post=29836"}],"curies":[{"name":"wp","href":"https:\/\/api.w.org\/{rel}","templated":true}]}}