{"id":29819,"date":"2025-04-08T19:17:51","date_gmt":"2025-04-08T22:17:51","guid":{"rendered":"https:\/\/guialimeira.com.br\/?p=29819"},"modified":"2025-04-08T19:17:51","modified_gmt":"2025-04-08T22:17:51","slug":"comissao-fiscaliza-execucao-de-obras-na-avenida-maria-buzolin-e-na-upa-do-jardim-aeroporto","status":"publish","type":"post","link":"https:\/\/guialimeira.com.br\/news\/comissao-fiscaliza-execucao-de-obras-na-avenida-maria-buzolin-e-na-upa-do-jardim-aeroporto\/","title":{"rendered":"Comiss\u00e3o fiscaliza execu\u00e7\u00e3o de obras na avenida Maria Buzolin e na UPA do Jardim Aeroporto"},"content":{"rendered":"\n<figure class=\"wp-block-gallery has-nested-images columns-default is-cropped wp-block-gallery-1 is-layout-flex wp-block-gallery-is-layout-flex\"><\/figure>\n \r\n<br><img data-recalc-dims=\"1\" decoding=\"async\" src=\"https:\/\/i0.wp.com\/guialimeira.com.br\/wp-content\/uploads\/2025\/04\/2025-04-08_comissao-fiscaliza-execucao-de-obras-na-avenida-maria-buzolin-e-na-upa-do-jardim-aeroport.jpeg?w=696&#038;ssl=1\" \/><br><div>\n\t\t\t\t\t<p>A Comiss\u00e3o de Obras e Planejamento Urbano da C\u00e2mara realizou duas visitas na tarde desta ter\u00e7a-feira, 8 de abril: uma delas na avenida Maria Buzolin e outra na Unidade de Pronto Atendimento (UPA) do bairro Jardim Aeroporto. O objetivo foi verificar o andamento e impacto das obras nos locais.\u00a0\u00a0\u00a0\u00a0\u00a0<\/p><p>Participaram os vereadores Helder do T\u00e1xi (PSD), presidente; M\u00e1rcio do Estacionamento (DC), vice-presidente; e Jo\u00e3o Antunes Bano (Solidariedade), secret\u00e1rio. Representando a Prefeitura, estavam presentes o engenheiro Juliano Forti, respons\u00e1vel pelo acompanhamento da obra na avenida Buzolin; e Vinicius Cominato, que fiscaliza a constru\u00e7\u00e3o da UPA.\u00a0\u00a0\u00a0<\/p><p><strong>Tr\u00e2nsito\u00a0\u00a0<\/strong><\/p><p>A primeira dilig\u00eancia ocorreu na avenida Maria Buzolin, onde o piso do canteiro central est\u00e1 sendo trocado e o tra\u00e7ado original passa por altera\u00e7\u00f5es. A finalidade, segundo o Poder Executivo, \u00e9 gerar mais seguran\u00e7a para pedestres, que fazem a travessia, e para motoristas, principalmente no cruzamento.\u00a0<\/p><p>Os vereadores questionaram o fiscal da Prefeitura sobre a concep\u00e7\u00e3o do projeto, se seria a melhor alternativa para a seguran\u00e7a do tr\u00e1fego na localidade. Segundo M\u00e1rcio do Estacionamento, mun\u00edcipes que circulam na avenida reclamam do estreitamento da via, uma vez que a \u00e1rea f\u00edsica dos canteiros foi ampliada. A preocupa\u00e7\u00e3o do colegiado \u00e9 com o risco de acidentes nos cruzamentos.\u00a0\u00a0<\/p><p>O fiscal da Prefeitura explicou que o canteiro foi constru\u00eddo dentro da \u00e1rea em que j\u00e1 havia sinaliza\u00e7\u00e3o do solo. As linhas delimitam a faixa de rodagem, al\u00e9m da parada obrigat\u00f3ria entre os canteiros para os ve\u00edculos que cruzam a avenida. Foi informado aos vereadores ainda que a interven\u00e7\u00e3o realizada pela administra\u00e7\u00e3o municipal \u00e9 complementar \u00e0 reforma e amplia\u00e7\u00e3o da pra\u00e7a Maria Buzolin. O projeto contempla quatro faixas elevadas, distribu\u00eddas ao longo da avenida e da pra\u00e7a.\u00a0\u00a0<\/p><p>A Comiss\u00e3o vai solicitar estudo do Departamento de Consultoria T\u00e9cnica Especializada da C\u00e2mara, para an\u00e1lise do projeto e execu\u00e7\u00e3o das obras na avenida, bem como do impacto das mudan\u00e7as promovidas. O colegiado tamb\u00e9m vai questionar a Prefeitura, por requerimento, sobre a viabilidade de instala\u00e7\u00e3o de sem\u00e1foros nos cruzamentos, ao inv\u00e9s da amplia\u00e7\u00e3o do canteiro central.\u00a0\u00a0\u00a0\u00a0\u00a0<\/p><p><strong>UPA do Jardim Aeroporto\u00a0\u00a0<\/strong><\/p><p>O empreendimento \u00e9 financiado pela Caixa Econ\u00f4mica Federal, com recursos na ordem de R$ 12.699.163,58, por meio do Contrato FINISA N\u00ba 0615.892-21. A obra foi iniciada pela Prefeitura em maio de 2024. A empresa contratada \u00e9 a Luxor Engenharia Constru\u00e7\u00f5es e Pavimenta\u00e7\u00e3o Ltda. A previs\u00e3o \u00e9 que a constru\u00e7\u00e3o se estenda at\u00e9 outubro deste ano.\u00a0\u00a0<\/p><p>Durante a dilig\u00eancia, os vereadores observaram a necessidade de melhorias no entorno da UPA, especialmente na mobilidade urbana e implanta\u00e7\u00e3o de vagas de estacionamento para as pessoas que buscarem atendimento na unidade de sa\u00fade. Segundo Vin\u00edcius Cominato, h\u00e1 12 vagas de estacionamento previstas no projeto, todas dimensionadas na parte interna da UPA. Contudo, na parte externa, haver\u00e1 dificuldade de estacionar tanto na avenida Ant\u00f4nio de Luna e como na rua Em\u00edlia Ana Brammer de Oliveira.\u00a0\u00a0<\/p><p>A Comiss\u00e3o debateu a possibilidade de solicitar o prolongamento da rua Vicente Rodrigues e, assim, atender melhor o fluxo de pessoas e ve\u00edculos que precisam acessar a UPA. Tamb\u00e9m foi levantada a possibilidade de aproveitar parte de uma \u00e1rea da Prefeitura que hoje \u00e9 utilizada como horta comunit\u00e1ria para implementar vagas de estacionamento.\u00a0\u00a0\u00a0\u00a0<\/p><p>A Unidade de Pronto Atendimento fica localizada na Avenida Ant\u00f4nio de Luna, em frente a UBS do Jardim Aeroporto, e funcionar\u00e1 como urg\u00eancia e emerg\u00eancia durante 24 horas.\u00a0<\/p>\t\t\t\t<\/div>\r\n<br>\r\n<br><a href=\"https:\/\/www.limeira.sp.leg.br\/noticias\/view\/2025-04-08_comissao-fiscaliza-execucao-de-obras-na-avenida-maria-buzolin-e-na-upa-do-jardim-aeroporto\" rel=\"noopener\">Informa\u00e7\u00f5es CML <\/a>","protected":false},"excerpt":{"rendered":"<p>A Comiss\u00e3o de Obras e Planejamento Urbano da C\u00e2mara realizou duas visitas na tarde desta ter\u00e7a-feira, 8 de abril: uma delas na avenida Maria Buzolin e outra na Unidade de Pronto Atendimento (UPA) do bairro Jardim Aeroporto. O objetivo foi verificar o andamento e impacto das obras nos locais.\u00a0\u00a0\u00a0\u00a0\u00a0 Participaram os vereadores Helder do T\u00e1xi [&hellip;]<\/p>\n","protected":false},"author":1,"featured_media":29820,"comment_status":"open","ping_status":"open","sticky":false,"template":"","format":"standard","meta":{"_jetpack_newsletter_access":"","_jetpack_dont_email_post_to_subs":false,"_jetpack_newsletter_tier_id":0,"_jetpack_memberships_contains_paywalled_content":false,"_mbp_banners":[],"_jetpack_feature_clip_id":0,"_jetpack_memberships_contains_paid_content":false,"footnotes":"","jetpack_publicize_message":"","jetpack_publicize_feature_enabled":true,"jetpack_social_post_already_shared":true,"jetpack_social_options":{"image_generator_settings":{"template":"highway","default_image_id":0,"font":"","enabled":false},"version":2},"jetpack_post_was_ever_published":false},"categories":[19],"tags":[],"class_list":["post-29819","post","type-post","status-publish","format-standard","has-post-thumbnail","category-politica"],"jetpack_publicize_connections":[],"jetpack-related-posts":[],"jetpack_shortlink":"https:\/\/wp.me\/p7Eq1F-7KX","jetpack_sharing_enabled":true,"jetpack_featured_media_url":"https:\/\/i0.wp.com\/guialimeira.com.br\/news\/wp-content\/uploads\/2025\/04\/Comissao-fiscaliza-execucao-de-obras-na-avenida-Maria-Buzolin-e.jpeg?fit=1280%2C640&ssl=1","_links":{"self":[{"href":"https:\/\/guialimeira.com.br\/news\/wp-json\/wp\/v2\/posts\/29819","targetHints":{"allow":["GET"]}}],"collection":[{"href":"https:\/\/guialimeira.com.br\/news\/wp-json\/wp\/v2\/posts"}],"about":[{"href":"https:\/\/guialimeira.com.br\/news\/wp-json\/wp\/v2\/types\/post"}],"author":[{"embeddable":true,"href":"https:\/\/guialimeira.com.br\/news\/wp-json\/wp\/v2\/users\/1"}],"replies":[{"embeddable":true,"href":"https:\/\/guialimeira.com.br\/news\/wp-json\/wp\/v2\/comments?post=29819"}],"version-history":[{"count":1,"href":"https:\/\/guialimeira.com.br\/news\/wp-json\/wp\/v2\/posts\/29819\/revisions"}],"predecessor-version":[{"id":29821,"href":"https:\/\/guialimeira.com.br\/news\/wp-json\/wp\/v2\/posts\/29819\/revisions\/29821"}],"wp:featuredmedia":[{"embeddable":true,"href":"https:\/\/guialimeira.com.br\/news\/wp-json\/wp\/v2\/media\/29820"}],"wp:attachment":[{"href":"https:\/\/guialimeira.com.br\/news\/wp-json\/wp\/v2\/media?parent=29819"}],"wp:term":[{"taxonomy":"category","embeddable":true,"href":"https:\/\/guialimeira.com.br\/news\/wp-json\/wp\/v2\/categories?post=29819"},{"taxonomy":"post_tag","embeddable":true,"href":"https:\/\/guialimeira.com.br\/news\/wp-json\/wp\/v2\/tags?post=29819"}],"curies":[{"name":"wp","href":"https:\/\/api.w.org\/{rel}","templated":true}]}}