{"id":29809,"date":"2025-04-08T18:13:40","date_gmt":"2025-04-08T21:13:40","guid":{"rendered":"https:\/\/guialimeira.com.br\/2025\/04\/08\/governo-prepara-medida-para-oferecer-credito-barato-ao-trabalhador\/"},"modified":"2025-04-08T18:13:40","modified_gmt":"2025-04-08T21:13:40","slug":"governo-prepara-medida-para-oferecer-credito-barato-ao-trabalhador","status":"publish","type":"post","link":"https:\/\/guialimeira.com.br\/news\/governo-prepara-medida-para-oferecer-credito-barato-ao-trabalhador\/","title":{"rendered":"Governo prepara medida para oferecer cr\u00e9dito barato ao trabalhador"},"content":{"rendered":"<p> <br \/>\n<\/p>\n<div>\n<p><strong>O ministro da Fazenda, Fernando Haddad, disse nesta ter\u00e7a-feira (8) que o governo pretende lan\u00e7ar uma medida para facilitar o acesso do trabalhador a cr\u00e9dito concedido com juros baixos. <\/strong>A informa\u00e7\u00e3o foi feita durante a abertura do 100\u00ba Encontro Internacional da Ind\u00fastria da Constru\u00e7\u00e3o (Enic), em S\u00e3o Paulo.<img data-recalc-dims=\"1\" decoding=\"async\" src=\"https:\/\/i0.wp.com\/agenciabrasil.ebc.com.br\/ebc.png?w=696&#038;ssl=1\" style=\"width:1px; height:1px; display:inline;\"\/><img data-recalc-dims=\"1\" decoding=\"async\" src=\"https:\/\/i0.wp.com\/agenciabrasil.ebc.com.br\/ebc.gif?w=696&#038;ssl=1\" style=\"width:1px; height:1px; display:inline;\"\/><\/p>\n<blockquote>\n<p>&#8220;Sem querer antecipar medidas, mas estamos construindo uma solu\u00e7\u00e3o muito elegante, que preserva o direito do trabalhador a cr\u00e9dito barato, isso \u00e9 um direito do cidad\u00e3o, mas, ao mesmo tempo, reserva o estoque de poupan\u00e7a para fomentar o investimento&#8221;, afirmou.<\/p>\n<\/blockquote>\n<p>&#8220;Estamos encontrando esse caminho, construindo juntos, e penso que vamos ter boas novas a divulgar brevemente, no sentido de buscar esse equil\u00edbrio entre a poupan\u00e7a nacional em proveito do investimento e aquilo que \u00e9 direito das pessoas que, eventualmente, t\u00eam acesso a uma linha de cr\u00e9dito mais barata, porque h\u00e1 v\u00e1rios imprevistos e anseios de consumo que t\u00eam que ser suportados por linhas de cr\u00e9dito adequadas&#8221;, acrescentou.<\/p>\n<p>Haddad ainda pontuou que, por mais que as equipes do governo sejam qualificadas, nem sempre &#8220;conhecem toda a realidade&#8221;. <strong>Ele completou a fala com uma men\u00e7\u00e3o ao rebuli\u00e7o causado pelo an\u00fancio do presidente dos Estados Unidos, Donald Trump, quanto \u00e0s novas regras tarif\u00e1rias que deseja aplicar a outros pa\u00edses.<\/strong>\u00a0<\/p>\n<blockquote>\n<p>&#8220;E tem coisas que ainda est\u00e3o na mesa para a gente negociar, que a gente sabe que tem que calibrar, sobretudo, alguns desafios externos que foram colocados desde a semana e vamos tentar, juntos, enfrent\u00e1-los.&#8221;<\/p>\n<\/blockquote>\n<p><strong><a href=\"https:\/\/agenciabrasil.ebc.com.br\/economia\/noticia\/2025-04\/entenda-guerra-de-tarifas-de-trump-e-consequencias-para-brasil\" target=\"_blank\" rel=\"noopener\">&gt;&gt; Entenda a guerra de tarifas de Trump e consequ\u00eancias para Brasil<\/a><\/strong><\/p>\n<p>Tamb\u00e9m participaram da abertura do evento o presidente da Rep\u00fablica, Luiz In\u00e1cio Lula da Silva, e os ministros Rui Costa, da Casa Civil,\u00a0Jader Barbalho Filho, das Cidades, e o presidente do Supremo Tribunal Federal, Lu\u00eds Roberto Barroso. Na comitiva de autoridades convidadas, estavam, ainda, o advogado-geral da Uni\u00e3o, Jorge Messias, e o presidente da Caixa, Carlos Vieira.<\/p>\n<p>O Enic \u00e9 realizado no \u00e2mbito da Feicon, feira do setor da constru\u00e7\u00e3o civil, que, este ano, est\u00e1 sendo realizadas no S\u00e3o Paulo Expo, at\u00e9 a pr\u00f3xima sexta-feira (11). Com mais de 1 mil marcas expositoras, s\u00e3o esperados mais de 100 mil visitantes nos quatro dias do encontro.<\/p>\n<p>      <!-- Relacionada --><\/p>\n<p>            <!-- Relacionada -->\n    <\/div>\n<p><br \/>\n<br \/><a href=\"https:\/\/agenciabrasil.ebc.com.br\/economia\/noticia\/2025-04\/governo-prepara-medida-para-oferecer-credito-barato-ao-trabalhador\" rel=\"noopener\">Ag\u00eancia Brasil<\/a><\/p>\n","protected":false},"excerpt":{"rendered":"<p>O ministro da Fazenda, Fernando Haddad, disse nesta ter\u00e7a-feira (8) que o governo pretende lan\u00e7ar uma medida para facilitar o acesso do trabalhador a cr\u00e9dito concedido com juros baixos. A informa\u00e7\u00e3o foi feita durante a abertura do 100\u00ba Encontro Internacional da Ind\u00fastria da Constru\u00e7\u00e3o (Enic), em S\u00e3o Paulo. &#8220;Sem querer antecipar medidas, mas estamos construindo [&hellip;]<\/p>\n","protected":false},"author":1,"featured_media":29810,"comment_status":"open","ping_status":"open","sticky":false,"template":"","format":"standard","meta":{"_jetpack_newsletter_access":"","_jetpack_dont_email_post_to_subs":false,"_jetpack_newsletter_tier_id":0,"_jetpack_memberships_contains_paywalled_content":false,"_mbp_banners":[],"_jetpack_feature_clip_id":0,"_jetpack_memberships_contains_paid_content":false,"footnotes":"","jetpack_publicize_message":"","jetpack_publicize_feature_enabled":true,"jetpack_social_post_already_shared":true,"jetpack_social_options":{"image_generator_settings":{"template":"highway","default_image_id":0,"font":"","enabled":false},"version":2},"jetpack_post_was_ever_published":false},"categories":[24],"tags":[],"class_list":["post-29809","post","type-post","status-publish","format-standard","has-post-thumbnail","category-economia"],"jetpack_publicize_connections":[],"jetpack-related-posts":[],"jetpack_shortlink":"https:\/\/wp.me\/p7Eq1F-7KN","jetpack_sharing_enabled":true,"jetpack_featured_media_url":"https:\/\/i0.wp.com\/guialimeira.com.br\/news\/wp-content\/uploads\/2025\/04\/0d9a6183.jpg?fit=1600%2C800&ssl=1","_links":{"self":[{"href":"https:\/\/guialimeira.com.br\/news\/wp-json\/wp\/v2\/posts\/29809","targetHints":{"allow":["GET"]}}],"collection":[{"href":"https:\/\/guialimeira.com.br\/news\/wp-json\/wp\/v2\/posts"}],"about":[{"href":"https:\/\/guialimeira.com.br\/news\/wp-json\/wp\/v2\/types\/post"}],"author":[{"embeddable":true,"href":"https:\/\/guialimeira.com.br\/news\/wp-json\/wp\/v2\/users\/1"}],"replies":[{"embeddable":true,"href":"https:\/\/guialimeira.com.br\/news\/wp-json\/wp\/v2\/comments?post=29809"}],"version-history":[{"count":0,"href":"https:\/\/guialimeira.com.br\/news\/wp-json\/wp\/v2\/posts\/29809\/revisions"}],"wp:featuredmedia":[{"embeddable":true,"href":"https:\/\/guialimeira.com.br\/news\/wp-json\/wp\/v2\/media\/29810"}],"wp:attachment":[{"href":"https:\/\/guialimeira.com.br\/news\/wp-json\/wp\/v2\/media?parent=29809"}],"wp:term":[{"taxonomy":"category","embeddable":true,"href":"https:\/\/guialimeira.com.br\/news\/wp-json\/wp\/v2\/categories?post=29809"},{"taxonomy":"post_tag","embeddable":true,"href":"https:\/\/guialimeira.com.br\/news\/wp-json\/wp\/v2\/tags?post=29809"}],"curies":[{"name":"wp","href":"https:\/\/api.w.org\/{rel}","templated":true}]}}