{"id":29798,"date":"2025-04-08T17:16:27","date_gmt":"2025-04-08T20:16:27","guid":{"rendered":"https:\/\/guialimeira.com.br\/?p=29798"},"modified":"2025-04-08T17:16:27","modified_gmt":"2025-04-08T20:16:27","slug":"projeto-aprovado-na-camara-assegura-estudo-tecnico-obrigatorio-para-a-instalacao-de-radares-na-cidade","status":"publish","type":"post","link":"https:\/\/guialimeira.com.br\/news\/projeto-aprovado-na-camara-assegura-estudo-tecnico-obrigatorio-para-a-instalacao-de-radares-na-cidade\/","title":{"rendered":"Projeto aprovado na C\u00e2mara assegura estudo t\u00e9cnico obrigat\u00f3rio para a instala\u00e7\u00e3o de radares na cidade"},"content":{"rendered":"\n<figure class=\"wp-block-gallery has-nested-images columns-default is-cropped wp-block-gallery-1 is-layout-flex wp-block-gallery-is-layout-flex\"><\/figure>\n \r\n<br><img data-recalc-dims=\"1\" decoding=\"async\" src=\"https:\/\/i0.wp.com\/guialimeira.com.br\/wp-content\/uploads\/2025\/04\/2025-04-08_projeto-aprovado-na-camara-assegura-estudo-tecnico-obrigatorio-para-a-instalacao-de-radar.jpeg?w=696&#038;ssl=1\" \/><br><div>\n\t\t\t\t\t<p>A C\u00e2mara Municipal de Limeira aprovou na sess\u00e3o ordin\u00e1ria desta segunda-feira, 7 de abril, o<a href=\"https:\/\/consulta.limeira.sp.leg.br\/Documentos\/Documento\/346218\" rel=\"noopener\"> <\/a><a href=\"http:\/\/consulta.limeira.sp.leg.br\/Documentos\/Documento\/271361\" rel=\"noopener\">Projeto de Lei N\u00ba 6\/2022<\/a>, do vereador Waguinho da Santa Luzia (PP), que disp\u00f5e sobre a obrigatoriedade da realiza\u00e7\u00e3o de estudo t\u00e9cnico para a instala\u00e7\u00e3o de medidores de velocidade do tipo fixo (radares).<\/p><p>A proposta define que deve ser realizado um estudo pr\u00e9vio, com prazo m\u00ednimo de noventa dias de anteced\u00eancia \u00e0 instala\u00e7\u00e3o, com as informa\u00e7\u00f5es do motivo de controle ou redu\u00e7\u00e3o do limite de velocidade no local, bem como dados t\u00e9cnicos que foram apurados durante este per\u00edodo de avalia\u00e7\u00e3o. Al\u00e9m de uma sinaliza\u00e7\u00e3o com as orienta\u00e7\u00f5es sobre a exist\u00eancia do estudo que embasar\u00e1 a instala\u00e7\u00e3o para a popula\u00e7\u00e3o saber mais.<\/p><p>Conforme o projeto, a cada per\u00edodo de dois anos deve ser realizado um levantamento t\u00e9cnico para a verifica\u00e7\u00e3o ou readequa\u00e7\u00e3o da sinaliza\u00e7\u00e3o instalada ao longo da via p\u00fablica, de modo que constem no Portal da Transpar\u00eancia do Munic\u00edpio os estudos pr\u00e9vios realizados. No caso de radares j\u00e1 em funcionamento, dever\u00e1 ser inclu\u00edda documenta\u00e7\u00e3o relativa \u00e0 instala\u00e7\u00e3o.\u00a0\u00a0<\/p><p>O vereador Waguinho da Santa Luzia justificou que a divulga\u00e7\u00e3o do Estudo T\u00e9cnico ir\u00e1 facilitar a consulta e o entendimento pela popula\u00e7\u00e3o, al\u00e9m de buscar a efic\u00e1cia do tr\u00e2nsito seguro. \u201cO Projeto de Lei em quest\u00e3o tem por finalidade evitar as instala\u00e7\u00f5es que n\u00e3o atinjam o real objetivo, que deveria ser de melhorar a seguran\u00e7a e o tr\u00e2nsito no munic\u00edpio\u201d, salientou o vereador.\u00a0\u00a0\u00a0<\/p>\t\t\t\t<\/div>\r\n<br>\r\n<br><a href=\"https:\/\/www.limeira.sp.leg.br\/noticias\/view\/2025-04-08_projeto-aprovado-na-camara-assegura-estudo-tecnico-obrigatorio-para-a-instalacao-de-radares-na-cidade\" rel=\"noopener\">Informa\u00e7\u00f5es CML <\/a>","protected":false},"excerpt":{"rendered":"<p>A C\u00e2mara Municipal de Limeira aprovou na sess\u00e3o ordin\u00e1ria desta segunda-feira, 7 de abril, o Projeto de Lei N\u00ba 6\/2022, do vereador Waguinho da Santa Luzia (PP), que disp\u00f5e sobre a obrigatoriedade da realiza\u00e7\u00e3o de estudo t\u00e9cnico para a instala\u00e7\u00e3o de medidores de velocidade do tipo fixo (radares). A proposta define que deve ser realizado [&hellip;]<\/p>\n","protected":false},"author":1,"featured_media":29799,"comment_status":"open","ping_status":"open","sticky":false,"template":"","format":"standard","meta":{"_jetpack_newsletter_access":"","_jetpack_dont_email_post_to_subs":false,"_jetpack_newsletter_tier_id":0,"_jetpack_memberships_contains_paywalled_content":false,"_mbp_banners":[],"_jetpack_feature_clip_id":0,"_jetpack_memberships_contains_paid_content":false,"footnotes":"","jetpack_publicize_message":"","jetpack_publicize_feature_enabled":true,"jetpack_social_post_already_shared":true,"jetpack_social_options":{"image_generator_settings":{"template":"highway","default_image_id":0,"font":"","enabled":false},"version":2},"jetpack_post_was_ever_published":false},"categories":[19],"tags":[],"class_list":["post-29798","post","type-post","status-publish","format-standard","has-post-thumbnail","category-politica"],"jetpack_publicize_connections":[],"jetpack-related-posts":[],"jetpack_shortlink":"https:\/\/wp.me\/p7Eq1F-7KC","jetpack_sharing_enabled":true,"jetpack_featured_media_url":"https:\/\/i0.wp.com\/guialimeira.com.br\/news\/wp-content\/uploads\/2025\/04\/Projeto-aprovado-na-Camara-assegura-estudo-tecnico-obrigatorio-para-a.jpeg?fit=1280%2C640&ssl=1","_links":{"self":[{"href":"https:\/\/guialimeira.com.br\/news\/wp-json\/wp\/v2\/posts\/29798","targetHints":{"allow":["GET"]}}],"collection":[{"href":"https:\/\/guialimeira.com.br\/news\/wp-json\/wp\/v2\/posts"}],"about":[{"href":"https:\/\/guialimeira.com.br\/news\/wp-json\/wp\/v2\/types\/post"}],"author":[{"embeddable":true,"href":"https:\/\/guialimeira.com.br\/news\/wp-json\/wp\/v2\/users\/1"}],"replies":[{"embeddable":true,"href":"https:\/\/guialimeira.com.br\/news\/wp-json\/wp\/v2\/comments?post=29798"}],"version-history":[{"count":1,"href":"https:\/\/guialimeira.com.br\/news\/wp-json\/wp\/v2\/posts\/29798\/revisions"}],"predecessor-version":[{"id":29800,"href":"https:\/\/guialimeira.com.br\/news\/wp-json\/wp\/v2\/posts\/29798\/revisions\/29800"}],"wp:featuredmedia":[{"embeddable":true,"href":"https:\/\/guialimeira.com.br\/news\/wp-json\/wp\/v2\/media\/29799"}],"wp:attachment":[{"href":"https:\/\/guialimeira.com.br\/news\/wp-json\/wp\/v2\/media?parent=29798"}],"wp:term":[{"taxonomy":"category","embeddable":true,"href":"https:\/\/guialimeira.com.br\/news\/wp-json\/wp\/v2\/categories?post=29798"},{"taxonomy":"post_tag","embeddable":true,"href":"https:\/\/guialimeira.com.br\/news\/wp-json\/wp\/v2\/tags?post=29798"}],"curies":[{"name":"wp","href":"https:\/\/api.w.org\/{rel}","templated":true}]}}