{"id":29790,"date":"2025-04-08T17:09:28","date_gmt":"2025-04-08T20:09:28","guid":{"rendered":"https:\/\/guialimeira.com.br\/2025\/04\/08\/radioagencia-nacional-lanca-o-podcast-videbula-sobre-saude-e-direitos\/"},"modified":"2025-04-08T17:09:28","modified_gmt":"2025-04-08T20:09:28","slug":"radioagencia-nacional-lanca-o-podcast-videbula-sobre-saude-e-direitos","status":"publish","type":"post","link":"https:\/\/guialimeira.com.br\/news\/radioagencia-nacional-lanca-o-podcast-videbula-sobre-saude-e-direitos\/","title":{"rendered":"Radioag\u00eancia Nacional lan\u00e7a o podcast VideBula sobre sa\u00fade e direitos"},"content":{"rendered":"<p> <br \/>\n<\/p>\n<div>\n<p><strong>A primeira temporada do podcast <em>VideBula<\/em> estreou nesta ter\u00e7a-feira (8) na Radioag\u00eancia Nacional<\/strong> com a previs\u00e3o de um epis\u00f3dio lan\u00e7ado por semana at\u00e9 27 de novembro, sempre \u00e0s ter\u00e7as-feiras. Os epis\u00f3dios ficam dispon\u00edveis na <strong>Radioag\u00eancia Nacional<\/strong>, no <em>Spotify<\/em>, no <em>Amazon Music<\/em> e nos principais tocadores de \u00e1udio.\u00a0\u00a0<img data-recalc-dims=\"1\" decoding=\"async\" src=\"https:\/\/i0.wp.com\/agenciabrasil.ebc.com.br\/ebc.png?w=696&#038;ssl=1\" style=\"width:1px; height:1px; display:inline;\"\/><img data-recalc-dims=\"1\" decoding=\"async\" src=\"https:\/\/i0.wp.com\/agenciabrasil.ebc.com.br\/ebc.gif?w=696&#038;ssl=1\" style=\"width:1px; height:1px; display:inline;\"\/><\/p>\n<p><strong>O podcast foi criado a partir da compreens\u00e3o de que a informa\u00e7\u00e3o sobre sa\u00fade e direitos precisa ser clara, acess\u00edvel e livre de burocracia.<\/strong> Por isso, as apresentadoras Patr\u00edcia Serr\u00e3o e Ra\u00edssa Saraiva, duas mulheres que vivem na pele os desafios das doen\u00e7as raras e da neurodiversidade, trazem uma abordagem leve, objetiva e inclusiva sobre temas essenciais como acessibilidade, diagn\u00f3stico, tratamentos e benef\u00edcios sociais.<\/p>\n<p>Patr\u00edcia Serr\u00e3o tem S\u00edndrome de Ehlers-Danlos e Ra\u00edssa Saraiva tem Esclerose M\u00faltipla. <strong>Juntas, elas compartilham experi\u00eancias reais<\/strong>, entrevistam especialistas e d\u00e3o dicas pr\u00e1ticas para melhorar a qualidade de vida de quem convive com uma condi\u00e7\u00e3o de sa\u00fade cr\u00f4nica ou uma defici\u00eancia.<\/p>\n<p>O podcast conta sempre com a participa\u00e7\u00e3o de especialistas, hist\u00f3rias de experi\u00eancias reais e dicas pr\u00e1ticas para o dia a dia.<\/p>\n<p><a href=\"https:\/\/agenciabrasil.ebc.com.br\/radioagencia-nacional\/saude\/audio\/2025-04\/teoria-das-colheres-ajuda-compreender-doencas-invisiveis-e-visiveis\" target=\"_blank\" rel=\"noopener\">Confira aqui<\/a> o primeiro epis\u00f3dio.<\/p>\n<p><a href=\"https:\/\/open.spotify.com\/episode\/6qHZl7ZIvAZlkFU6BeHV2b?go=1&amp;sp_cid=f99c924e12404a8f62b7c1f00f6b713b&amp;utm_source=embed_player_p&amp;utm_medium=desktop\" target=\"_blank\" rel=\"noopener\">Ou\u00e7a tamb\u00e9m no <em>Spotify<\/em><\/a>.<\/p>\n<p>      <!-- Relacionada --><\/p>\n<p>            <!-- Relacionada -->\n    <\/div>\n<p><br \/>\n<br \/><a href=\"https:\/\/agenciabrasil.ebc.com.br\/saude\/noticia\/2025-04\/radioagencia-lanca-o-podcast-videbula-sobre-saude-e-direitos\" rel=\"noopener\">Ag\u00eancia Brasil <\/a><\/p>\n","protected":false},"excerpt":{"rendered":"<p>A primeira temporada do podcast VideBula estreou nesta ter\u00e7a-feira (8) na Radioag\u00eancia Nacional com a previs\u00e3o de um epis\u00f3dio lan\u00e7ado por semana at\u00e9 27 de novembro, sempre \u00e0s ter\u00e7as-feiras. Os epis\u00f3dios ficam dispon\u00edveis na Radioag\u00eancia Nacional, no Spotify, no Amazon Music e nos principais tocadores de \u00e1udio.\u00a0\u00a0 O podcast foi criado a partir da compreens\u00e3o [&hellip;]<\/p>\n","protected":false},"author":1,"featured_media":29791,"comment_status":"open","ping_status":"open","sticky":false,"template":"","format":"standard","meta":{"_jetpack_newsletter_access":"","_jetpack_dont_email_post_to_subs":false,"_jetpack_newsletter_tier_id":0,"_jetpack_memberships_contains_paywalled_content":false,"_mbp_banners":[],"_jetpack_feature_clip_id":0,"_jetpack_memberships_contains_paid_content":false,"footnotes":"","jetpack_publicize_message":"","jetpack_publicize_feature_enabled":true,"jetpack_social_post_already_shared":true,"jetpack_social_options":{"image_generator_settings":{"template":"highway","default_image_id":0,"font":"","enabled":false},"version":2},"jetpack_post_was_ever_published":false},"categories":[15],"tags":[],"class_list":["post-29790","post","type-post","status-publish","format-standard","has-post-thumbnail","category-saude"],"jetpack_publicize_connections":[],"jetpack-related-posts":[],"jetpack_shortlink":"https:\/\/wp.me\/p7Eq1F-7Ku","jetpack_sharing_enabled":true,"jetpack_featured_media_url":"https:\/\/i0.wp.com\/guialimeira.com.br\/news\/wp-content\/uploads\/2025\/04\/banner_1170x700_16.png?fit=1600%2C800&ssl=1","_links":{"self":[{"href":"https:\/\/guialimeira.com.br\/news\/wp-json\/wp\/v2\/posts\/29790","targetHints":{"allow":["GET"]}}],"collection":[{"href":"https:\/\/guialimeira.com.br\/news\/wp-json\/wp\/v2\/posts"}],"about":[{"href":"https:\/\/guialimeira.com.br\/news\/wp-json\/wp\/v2\/types\/post"}],"author":[{"embeddable":true,"href":"https:\/\/guialimeira.com.br\/news\/wp-json\/wp\/v2\/users\/1"}],"replies":[{"embeddable":true,"href":"https:\/\/guialimeira.com.br\/news\/wp-json\/wp\/v2\/comments?post=29790"}],"version-history":[{"count":0,"href":"https:\/\/guialimeira.com.br\/news\/wp-json\/wp\/v2\/posts\/29790\/revisions"}],"wp:featuredmedia":[{"embeddable":true,"href":"https:\/\/guialimeira.com.br\/news\/wp-json\/wp\/v2\/media\/29791"}],"wp:attachment":[{"href":"https:\/\/guialimeira.com.br\/news\/wp-json\/wp\/v2\/media?parent=29790"}],"wp:term":[{"taxonomy":"category","embeddable":true,"href":"https:\/\/guialimeira.com.br\/news\/wp-json\/wp\/v2\/categories?post=29790"},{"taxonomy":"post_tag","embeddable":true,"href":"https:\/\/guialimeira.com.br\/news\/wp-json\/wp\/v2\/tags?post=29790"}],"curies":[{"name":"wp","href":"https:\/\/api.w.org\/{rel}","templated":true}]}}