{"id":29784,"date":"2025-04-08T16:16:43","date_gmt":"2025-04-08T19:16:43","guid":{"rendered":"https:\/\/guialimeira.com.br\/?p=29784"},"modified":"2025-04-08T16:16:43","modified_gmt":"2025-04-08T19:16:43","slug":"entenda-as-mudancas-propostas-pela-pec-da-seguranca-publica","status":"publish","type":"post","link":"https:\/\/guialimeira.com.br\/news\/entenda-as-mudancas-propostas-pela-pec-da-seguranca-publica\/","title":{"rendered":"Entenda as mudan\u00e7as propostas pela PEC da Seguran\u00e7a P\u00fablica"},"content":{"rendered":"\n<figure class=\"wp-block-gallery has-nested-images columns-default is-cropped wp-block-gallery-1 is-layout-flex wp-block-gallery-is-layout-flex\">\n<figure class=\"wp-block-image size-large\"><\/figure>\n\t\t\t\t\t\n<figure class=\"wp-block-image size-large\"><img loading=\"lazy\" decoding=\"async\" width=\"1\" height=\"1\" data-attachment-id=\"29783\" data-permalink=\"https:\/\/guialimeira.com.br\/news\/entenda-as-mudancas-propostas-pela-pec-da-seguranca-publica-2\/\" data-orig-file=\"https:\/\/i0.wp.com\/guialimeira.com.br\/news\/wp-content\/uploads\/2025\/04\/1744139800_184_ebc.gif?fit=1%2C1&amp;ssl=1\" data-orig-size=\"1,1\" data-comments-opened=\"1\" data-image-meta=\"{&quot;aperture&quot;:&quot;0&quot;,&quot;credit&quot;:&quot;&quot;,&quot;camera&quot;:&quot;&quot;,&quot;caption&quot;:&quot;&quot;,&quot;created_timestamp&quot;:&quot;0&quot;,&quot;copyright&quot;:&quot;&quot;,&quot;focal_length&quot;:&quot;0&quot;,&quot;iso&quot;:&quot;0&quot;,&quot;shutter_speed&quot;:&quot;0&quot;,&quot;title&quot;:&quot;&quot;,&quot;orientation&quot;:&quot;0&quot;}\" data-image-title=\"Entenda as mudan\u00e7as propostas pela PEC da Seguran\u00e7a P\u00fablica\" data-image-description=\"\" data-image-caption=\"\" data-large-file=\"https:\/\/i0.wp.com\/guialimeira.com.br\/news\/wp-content\/uploads\/2025\/04\/1744139800_184_ebc.gif?fit=1%2C1&amp;ssl=1\" data-id=\"29783\" src=\"https:\/\/i0.wp.com\/guialimeira.com.br\/wp-content\/uploads\/2025\/04\/1744139800_184_ebc.gif?resize=1%2C1&amp;ssl=1\" alt=\"\" class=\"wp-image-29783\" \/><\/figure>\n\t\t\t\t\t<\/figure>\n \r\n<br><div>\n                    <p>J\u00e1 est\u00e1 na C\u00e2mara dos Deputados a Proposta de Emenda Constitucional (PEC) da Seguran\u00e7a P\u00fablica. <strong>Preparada pelo Governo Federal ap\u00f3s consulta aos governadores, a <a href=\"https:\/\/agenciabrasil.ebc.com.br\/politica\/noticia\/2025-04\/governo-entrega-pec-da-seguranca-publica-ao-presidente-da-camara\" target=\"_blank\" rel=\"noopener\">PEC entregue pelo ministro da Justi\u00e7a,\u00a0<\/a><a href=\"http:\/\/agenciabrasil.ebc.com.br\/politica\/noticia\/2025-04\/governo-entrega-pec-da-seguranca-publica-ao-presidente-da-camara\" target=\"_blank\" rel=\"noopener\">Ricardo Lewandowski,<\/a><\/strong>\u00a0<strong><a href=\"https:\/\/agenciabrasil.ebc.com.br\/politica\/noticia\/2025-04\/governo-entrega-pec-da-seguranca-publica-ao-presidente-da-camara\" target=\"_blank\" rel=\"noopener\">ao presidente da C\u00e2mara dos Deputado<\/a>s, Hugo Motta, busca desburocratizar e dar maior efici\u00eancia ao trabalho de todas autoridades no combate \u00e0s organiza\u00e7\u00f5es criminosas, inclusive por meio da aproxima\u00e7\u00e3o de entes federativos com o\u00a0governo federal.<\/strong><img data-recalc-dims=\"1\" decoding=\"async\" src=\"https:\/\/i0.wp.com\/guialimeira.com.br\/wp-content\/uploads\/2025\/04\/1744139799_391_ebc.png?w=696&#038;ssl=1\" style=\"width:1px;height:1px\" \/><img data-recalc-dims=\"1\" decoding=\"async\" src=\"https:\/\/i0.wp.com\/guialimeira.com.br\/wp-content\/uploads\/2025\/04\/1744139800_184_ebc.gif?w=696&#038;ssl=1\" style=\"width:1px;height:1px\" \/><\/p>\n\n<p><strong>Um dos pilares da proposta \u00e9 o de dar status constitucional ao Sistema \u00danico de Seguran\u00e7a P\u00fablica, criado em 2018 por lei ordin\u00e1ria.<\/strong><\/p>\n\n<p>A fim de desburocratizar procedimentos que, no formato atual, dificultam a a\u00e7\u00e3o das autoridades, est\u00e1 prevista uma maior integra\u00e7\u00e3o entre Uni\u00e3o e entes federados para elaborar e executar as pol\u00edticas voltadas \u00e0 seguran\u00e7a p\u00fablica.<\/p>\n\n<h2>Padroniza\u00e7\u00f5es<\/h2>\n\n<p>Para tanto,<strong> prev\u00ea a padroniza\u00e7\u00e3o de protocolos, informa\u00e7\u00f5es e dados estat\u00edsticos \u2013 algo dif\u00edcil de ser feito em um contexto em que, com 27 unidades federativas, acaba-se tendo 27 certid\u00f5es de antecedentes criminais distintas, 27 possibilidades de boletins de ocorr\u00eancias e 27 formatos de mandados de pris\u00e3o.<\/strong><\/p>\n\n<p>\u201cA padroniza\u00e7\u00e3o de dados e informa\u00e7\u00f5es \u00e9 fundamental para que se d\u00ea efetividade ao Sistema \u00danico de Seguran\u00e7a P\u00fablica\u201d, justificou, em nota, o governo federal ao garantir que essa normatiza\u00e7\u00e3o n\u00e3o significa que a Uni\u00e3o centralizar\u00e1 os sistemas de tecnologia de informa\u00e7\u00e3o. &#8220;Os estados n\u00e3o ser\u00e3o obrigados a usar plataformas distintas das que j\u00e1 s\u00e3o utilizadas\u201d, destaca a nota.<\/p>\n\n<h2>PF e PRF<\/h2>\n\n<p>Al\u00e9m disso, a PEC atualiza as compet\u00eancias da Pol\u00edcia Federal e da Pol\u00edcia Rodovi\u00e1ria Federal. <strong>No caso da PF, garante a atua\u00e7\u00e3o no combate a crimes ambientais, bem como contra pr\u00e1ticas cometidas por organiza\u00e7\u00f5es criminosas e mil\u00edcias privadas que tenham repercuss\u00e3o interestadual ou internacional e exijam repress\u00e3o uniforme.<\/strong><\/p>\n\n<p>Atualmente, a fun\u00e7\u00e3o de pol\u00edcia ostensiva cabe \u00e0s pol\u00edcias militares dos Estados e do Distrito Federal.<\/p>\n\n<blockquote>\n<p>\u201cA partir da PEC da Seguran\u00e7a P\u00fablica, essa atribui\u00e7\u00e3o ser\u00e1 estendida tamb\u00e9m \u00e0 PRF, que passar\u00e1 a fazer o policiamento ostensivo em rodovias, ferrovias e hidrovias federais. A sugest\u00e3o \u00e9 que ela passe a ser chamada de Pol\u00edcia Vi\u00e1ria Federal\u201d, explica\u00a0o governo.<\/p>\n<\/blockquote>\n\n<p>Para desempenhar suas atribui\u00e7\u00f5es, a PRF n\u00e3o exercer\u00e1 fun\u00e7\u00f5es pr\u00f3prias das pol\u00edcias judici\u00e1rias nem proceder\u00e1 a\u00a0apura\u00e7\u00e3o de infra\u00e7\u00f5es penais, cuja compet\u00eancia \u00e9 exclusiva da pol\u00edcia federal e das pol\u00edcias civis.<\/p>\n\n<p>Segundo o governo, o novo texto n\u00e3o prev\u00ea inger\u00eancia nos comandos das pol\u00edcias estaduais; tampouco modificar\u00e1 a atual compet\u00eancia dos estados e munic\u00edpios na gest\u00e3o da seguran\u00e7a p\u00fablica. No entanto, a Uni\u00e3o poder\u00e1 estabelecer diretrizes gerais quanto \u00e0 pol\u00edtica de seguran\u00e7a p\u00fablica e defesa social, que compreender\u00e1 o sistema penitenci\u00e1rio.<\/p>\n\n<h2>Fundos e guardas municipais<\/h2>\n\n<p><strong>A PEC prev\u00ea tamb\u00e9m a constitucionaliza\u00e7\u00e3o dos fundos nacionais de Seguran\u00e7a P\u00fablica e Pol\u00edtica Penitenci\u00e1ria; e define as atribui\u00e7\u00f5es das guardas municipais, incluindo-as entre os \u00f3rg\u00e3os de seguran\u00e7a p\u00fablica que poder\u00e3o atuar na seguran\u00e7a urbana, em a\u00e7\u00f5es de policiamento ostensivo e comunit\u00e1rio, al\u00e9m de fazer pris\u00f5es em flagrante \u2013 desde que n\u00e3o se sobreponham \u00e0s atribui\u00e7\u00f5es das pol\u00edcias Civil e Militar.<\/strong><\/p>\n\n<p>\u201cO texto deixa claro, ainda, que as guardas municipais s\u00e3o institui\u00e7\u00f5es de natureza civil e n\u00e3o podem exercer qualquer atividade de pol\u00edcia judici\u00e1ria. Al\u00e9m disso, tamb\u00e9m est\u00e1 prevista sua submiss\u00e3o ao controle externo do Minist\u00e9rio P\u00fablico\u201d, informou o governo.<\/p>\n\n<h2>Sociedade civil no Conselho de Seguran\u00e7a<\/h2>\n\n<p>Outro ponto previsto pela PEC da Seguran\u00e7a P\u00fablica \u00e9 a inclus\u00e3o de representantes da sociedade civil na composi\u00e7\u00e3o do Conselho Nacional de Seguran\u00e7a P\u00fablica e Defesa Social, que ter\u00e1 tamb\u00e9m representantes da Uni\u00e3o, dos estados, do Distrito Federal e dos munic\u00edpios.<\/p>\n\n<p>Por fim, prev\u00ea a cria\u00e7\u00e3o de corregedorias e ouvidorias dotadas de autonomia funcional para apurar a responsabilidade funcional dos profissionais de seguran\u00e7a p\u00fablica e defesa social.<\/p>\n\n<p>*Colaborou Priscila Mazenotti<\/p>\n\n      <!-- Relacionada -->\n              \n            <!-- Relacionada -->\n    <\/div>\r\n<br>\r\n<br><a href=\"https:\/\/agenciabrasil.ebc.com.br\/politica\/noticia\/2025-04\/entenda-mudancas-propostas-pela-pec-da-seguranca-publica\" rel=\"noopener\">Ag\u00eancia Brasil<\/a>","protected":false},"excerpt":{"rendered":"<p>J\u00e1 est\u00e1 na C\u00e2mara dos Deputados a Proposta de Emenda Constitucional (PEC) da Seguran\u00e7a P\u00fablica. Preparada pelo Governo Federal ap\u00f3s consulta aos governadores, a PEC entregue pelo ministro da Justi\u00e7a,\u00a0Ricardo Lewandowski,\u00a0ao presidente da C\u00e2mara dos Deputados, Hugo Motta, busca desburocratizar e dar maior efici\u00eancia ao trabalho de todas autoridades no combate \u00e0s organiza\u00e7\u00f5es criminosas, inclusive [&hellip;]<\/p>\n","protected":false},"author":1,"featured_media":29785,"comment_status":"open","ping_status":"open","sticky":false,"template":"","format":"standard","meta":{"_jetpack_newsletter_access":"","_jetpack_dont_email_post_to_subs":false,"_jetpack_newsletter_tier_id":0,"_jetpack_memberships_contains_paywalled_content":false,"_mbp_banners":[],"_jetpack_feature_clip_id":0,"_jetpack_memberships_contains_paid_content":false,"footnotes":"","jetpack_publicize_message":"","jetpack_publicize_feature_enabled":true,"jetpack_social_post_already_shared":true,"jetpack_social_options":{"image_generator_settings":{"template":"highway","default_image_id":0,"font":"","enabled":false},"version":2},"jetpack_post_was_ever_published":false},"categories":[19],"tags":[],"class_list":["post-29784","post","type-post","status-publish","format-standard","has-post-thumbnail","category-politica"],"jetpack_publicize_connections":[],"jetpack-related-posts":[],"jetpack_shortlink":"https:\/\/wp.me\/p7Eq1F-7Ko","jetpack_sharing_enabled":true,"jetpack_featured_media_url":"https:\/\/i0.wp.com\/guialimeira.com.br\/news\/wp-content\/uploads\/2025\/04\/Entenda-as-mudancas-propostas-pela-PEC-da-Seguranca-Publica.jpeg?fit=1600%2C800&ssl=1","_links":{"self":[{"href":"https:\/\/guialimeira.com.br\/news\/wp-json\/wp\/v2\/posts\/29784","targetHints":{"allow":["GET"]}}],"collection":[{"href":"https:\/\/guialimeira.com.br\/news\/wp-json\/wp\/v2\/posts"}],"about":[{"href":"https:\/\/guialimeira.com.br\/news\/wp-json\/wp\/v2\/types\/post"}],"author":[{"embeddable":true,"href":"https:\/\/guialimeira.com.br\/news\/wp-json\/wp\/v2\/users\/1"}],"replies":[{"embeddable":true,"href":"https:\/\/guialimeira.com.br\/news\/wp-json\/wp\/v2\/comments?post=29784"}],"version-history":[{"count":1,"href":"https:\/\/guialimeira.com.br\/news\/wp-json\/wp\/v2\/posts\/29784\/revisions"}],"predecessor-version":[{"id":29786,"href":"https:\/\/guialimeira.com.br\/news\/wp-json\/wp\/v2\/posts\/29784\/revisions\/29786"}],"wp:featuredmedia":[{"embeddable":true,"href":"https:\/\/guialimeira.com.br\/news\/wp-json\/wp\/v2\/media\/29785"}],"wp:attachment":[{"href":"https:\/\/guialimeira.com.br\/news\/wp-json\/wp\/v2\/media?parent=29784"}],"wp:term":[{"taxonomy":"category","embeddable":true,"href":"https:\/\/guialimeira.com.br\/news\/wp-json\/wp\/v2\/categories?post=29784"},{"taxonomy":"post_tag","embeddable":true,"href":"https:\/\/guialimeira.com.br\/news\/wp-json\/wp\/v2\/tags?post=29784"}],"curies":[{"name":"wp","href":"https:\/\/api.w.org\/{rel}","templated":true}]}}