{"id":29779,"date":"2025-04-08T16:15:31","date_gmt":"2025-04-08T19:15:31","guid":{"rendered":"https:\/\/guialimeira.com.br\/?p=29779"},"modified":"2025-04-08T16:15:31","modified_gmt":"2025-04-08T19:15:31","slug":"elias-barbosa-propoe-medidas-de-incentivo-a-contratacao-de-microempreendedores-e-microempresas","status":"publish","type":"post","link":"https:\/\/guialimeira.com.br\/news\/elias-barbosa-propoe-medidas-de-incentivo-a-contratacao-de-microempreendedores-e-microempresas\/","title":{"rendered":"Elias Barbosa prop\u00f5e medidas de incentivo \u00e0 contrata\u00e7\u00e3o de microempreendedores e microempresas"},"content":{"rendered":"\n<figure class=\"wp-block-gallery has-nested-images columns-default is-cropped wp-block-gallery-1 is-layout-flex wp-block-gallery-is-layout-flex\"><\/figure>\n \r\n<br><img data-recalc-dims=\"1\" decoding=\"async\" src=\"https:\/\/i0.wp.com\/guialimeira.com.br\/wp-content\/uploads\/2025\/04\/2025-04-08_elias-barbosa-propoe-medidas-de-incentivo-a-contratacao-de-microempreendedores-e-microemp.jpeg?w=696&#038;ssl=1\" \/><br><div>\n\t\t\t\t\t<p>Protocolado nesta segunda-feira, 7 de abril, o <a href=\"https:\/\/consulta.limeira.sp.leg.br\/Documentos\/Documento\/373789\" rel=\"noopener\">Projeto de Lei N\u00b0 66\/2025<\/a> de autoria do vereador Elias Barbosa (PRTB) quer priorizar a contrata\u00e7\u00e3o de Microempreendedores Individuais (MEIs) e Microempresas (MEs), para a presta\u00e7\u00e3o de pequenos servi\u00e7os de manuten\u00e7\u00e3o e reparo em bens e espa\u00e7os p\u00fablicos municipais.\u00a0<\/p><p>Segundo o parlamentar, a contrata\u00e7\u00e3o dever\u00e1 ser formalizada por meio de credenciamento disposto na <a href=\"https:\/\/www.planalto.gov.br\/ccivil_03\/_ato2019-2022\/2021\/lei\/l14133.htm\" rel=\"noopener\">Lei Federal N\u00ba 14.133\/2021<\/a>. O objetivo \u00e9 valorizar empreendedores das \u00e1reas de constru\u00e7\u00e3o e manuten\u00e7\u00e3o predial, mec\u00e2nica e de bens.<\/p><p>&#8220;O objetivo \u00e9 duplo: dar respostas mais r\u00e1pidas \u00e0s demandas da popula\u00e7\u00e3o e, ao mesmo tempo, abrir as portas do poder p\u00fablico para os pequenos empreendedores da nossa cidade&#8221;, argumentou Elias Barbosa.<\/p><p>O vereador autor da proposta ainda afirmou que para fortalecer o v\u00ednculo entre o munic\u00edpio e os pequenos prestadores de servi\u00e7o, o projeto prop\u00f5e uma mudan\u00e7a significativa na din\u00e2mica da contrata\u00e7\u00e3o p\u00fablica; garantindo mais inclus\u00e3o, gera\u00e7\u00e3o de renda e mais reconhecimento \u00e0 for\u00e7a de trabalho local.<\/p><p>&#8220;Estamos falando de pais e m\u00e3es de fam\u00edlia que, muitas vezes, enfrentam dificuldade para disputar licita\u00e7\u00f5es tradicionais. Com o credenciamento, eles poder\u00e3o trabalhar com dignidade, com transpar\u00eancia, sem precisar de atravessadores ou processos complexos&#8221;, enfatizou.<\/p><p><i>Do Gabinete Parlamentar \u2013 Vereador Elias Barbosa (PRTB)<\/i><\/p><p><strong>As mat\u00e9rias de origem dos Gabinetes Parlamentares s\u00e3o de inteira\u00a0 responsabilidade dos parlamentares e de suas assessorias. S\u00e3o devidamente assinadas e n\u00e3o refletem, necessariamente, a opini\u00e3o institucional da C\u00e2mara Municipal de Limeira.<\/strong><\/p>\t\t\t\t<\/div>\r\n<br>\r\n<br><a href=\"https:\/\/www.limeira.sp.leg.br\/noticias\/view\/2025-04-08_elias-barbosa-propoe-medidas-de-incentivo-a-contratacao-de-microempreendedores-e-microempresas\" rel=\"noopener\">Informa\u00e7\u00f5es CML <\/a>","protected":false},"excerpt":{"rendered":"<p>Protocolado nesta segunda-feira, 7 de abril, o Projeto de Lei N\u00b0 66\/2025 de autoria do vereador Elias Barbosa (PRTB) quer priorizar a contrata\u00e7\u00e3o de Microempreendedores Individuais (MEIs) e Microempresas (MEs), para a presta\u00e7\u00e3o de pequenos servi\u00e7os de manuten\u00e7\u00e3o e reparo em bens e espa\u00e7os p\u00fablicos municipais.\u00a0 Segundo o parlamentar, a contrata\u00e7\u00e3o dever\u00e1 ser formalizada por [&hellip;]<\/p>\n","protected":false},"author":1,"featured_media":29780,"comment_status":"open","ping_status":"open","sticky":false,"template":"","format":"standard","meta":{"_jetpack_newsletter_access":"","_jetpack_dont_email_post_to_subs":false,"_jetpack_newsletter_tier_id":0,"_jetpack_memberships_contains_paywalled_content":false,"_mbp_banners":[],"_jetpack_feature_clip_id":0,"_jetpack_memberships_contains_paid_content":false,"footnotes":"","jetpack_publicize_message":"","jetpack_publicize_feature_enabled":true,"jetpack_social_post_already_shared":true,"jetpack_social_options":{"image_generator_settings":{"template":"highway","default_image_id":0,"font":"","enabled":false},"version":2},"jetpack_post_was_ever_published":false},"categories":[19],"tags":[],"class_list":["post-29779","post","type-post","status-publish","format-standard","has-post-thumbnail","category-politica"],"jetpack_publicize_connections":[],"jetpack-related-posts":[],"jetpack_shortlink":"https:\/\/wp.me\/p7Eq1F-7Kj","jetpack_sharing_enabled":true,"jetpack_featured_media_url":"https:\/\/i0.wp.com\/guialimeira.com.br\/news\/wp-content\/uploads\/2025\/04\/Elias-Barbosa-propoe-medidas-de-incentivo-a-contratacao-de-microempreendedores.jpeg?fit=1280%2C640&ssl=1","_links":{"self":[{"href":"https:\/\/guialimeira.com.br\/news\/wp-json\/wp\/v2\/posts\/29779","targetHints":{"allow":["GET"]}}],"collection":[{"href":"https:\/\/guialimeira.com.br\/news\/wp-json\/wp\/v2\/posts"}],"about":[{"href":"https:\/\/guialimeira.com.br\/news\/wp-json\/wp\/v2\/types\/post"}],"author":[{"embeddable":true,"href":"https:\/\/guialimeira.com.br\/news\/wp-json\/wp\/v2\/users\/1"}],"replies":[{"embeddable":true,"href":"https:\/\/guialimeira.com.br\/news\/wp-json\/wp\/v2\/comments?post=29779"}],"version-history":[{"count":1,"href":"https:\/\/guialimeira.com.br\/news\/wp-json\/wp\/v2\/posts\/29779\/revisions"}],"predecessor-version":[{"id":29781,"href":"https:\/\/guialimeira.com.br\/news\/wp-json\/wp\/v2\/posts\/29779\/revisions\/29781"}],"wp:featuredmedia":[{"embeddable":true,"href":"https:\/\/guialimeira.com.br\/news\/wp-json\/wp\/v2\/media\/29780"}],"wp:attachment":[{"href":"https:\/\/guialimeira.com.br\/news\/wp-json\/wp\/v2\/media?parent=29779"}],"wp:term":[{"taxonomy":"category","embeddable":true,"href":"https:\/\/guialimeira.com.br\/news\/wp-json\/wp\/v2\/categories?post=29779"},{"taxonomy":"post_tag","embeddable":true,"href":"https:\/\/guialimeira.com.br\/news\/wp-json\/wp\/v2\/tags?post=29779"}],"curies":[{"name":"wp","href":"https:\/\/api.w.org\/{rel}","templated":true}]}}