{"id":29774,"date":"2025-04-08T16:10:37","date_gmt":"2025-04-08T19:10:37","guid":{"rendered":"https:\/\/guialimeira.com.br\/2025\/04\/08\/eua-vao-taxar-produtos-da-china-em-104-a-partir-desta-quarta\/"},"modified":"2025-04-08T16:10:37","modified_gmt":"2025-04-08T19:10:37","slug":"eua-vao-taxar-produtos-da-china-em-104-a-partir-desta-quarta","status":"publish","type":"post","link":"https:\/\/guialimeira.com.br\/news\/eua-vao-taxar-produtos-da-china-em-104-a-partir-desta-quarta\/","title":{"rendered":"EUA v\u00e3o taxar produtos da China em 104% a partir desta quarta"},"content":{"rendered":"<p> <br \/>\n<\/p>\n<div>\n<p><strong>A secret\u00e1ria de imprensa da Casa Branca, Karoline Leavitt, confirmou nesta ter\u00e7a-feira (8) que os Estados Unidos v\u00e3o cobrar tarifas de 104% sobre os produtos chineses a partir de quarta-feira (9). <\/strong>A medida \u00e9 mais um epis\u00f3dio da guerra comercial entre os pa\u00edses.<img data-recalc-dims=\"1\" decoding=\"async\" src=\"https:\/\/i0.wp.com\/agenciabrasil.ebc.com.br\/ebc.png?w=696&#038;ssl=1\" style=\"width:1px; height:1px; display:inline;\"\/><img data-recalc-dims=\"1\" decoding=\"async\" src=\"https:\/\/i0.wp.com\/agenciabrasil.ebc.com.br\/ebc.gif?w=696&#038;ssl=1\" style=\"width:1px; height:1px; display:inline;\"\/><\/p>\n<p>Na coletiva de imprensa transmitida pelas redes sociais da Casa Branca nesta tarde, a secret\u00e1ria foi questionada por um rep\u00f3rter se o presidente Donald Trump manteria a decis\u00e3o de adicionar 50% em taxas sobre os produtos da China.<\/p>\n<blockquote>\n<p>\u201cElas [as novas taxas] entrar\u00e3o em vigor \u00e0 meia-noite de hoje. Ent\u00e3o, efetivamente amanh\u00e3\u201d, respondeu Karoline Leavitt.<\/p>\n<\/blockquote>\n<p>Minutos antes, a secret\u00e1ria havia criticado o governo chin\u00eas por <a href=\"https:\/\/agenciabrasil.ebc.com.br\/internacional\/noticia\/2025-04\/china-diz-que-vai-transformar-tarifaco-dos-eua-em-oportunidade\" target=\"_blank\" rel=\"noopener\">n\u00e3o recuar<\/a> e aceitar uma negocia\u00e7\u00e3o com os Estados Unidos.<\/p>\n<blockquote>\n<p>\u201cPa\u00edses como a China, que escolhem retaliar e tentam redobrar os maus-tratos aos trabalhadores americanos, est\u00e3o cometendo um erro. O presidente Trump tem uma espinha dorsal de a\u00e7o e n\u00e3o vai quebrar. A Am\u00e9rica n\u00e3o vai quebrar sob sua lideran\u00e7a. Ele \u00e9 guiado por uma firme convic\u00e7\u00e3o de que a Am\u00e9rica deve ser capaz de produzir bens essenciais para o nosso pr\u00f3prio povo e export\u00e1-los para o mundo\u201d, disse Leavitt.<\/p>\n<\/blockquote>\n<p>Na segunda-feira, Donald Trump havia amea\u00e7ado impor tarifas adicionais sobre todas as importa\u00e7\u00f5es da China caso Pequim n\u00e3o <a href=\"https:\/\/agenciabrasil.ebc.com.br\/internacional\/noticia\/2025-04\/trump-ameaca-china-com-tarifas-adicionais-de-50-apos-pequim-retaliar\" target=\"_blank\" rel=\"noopener\">recuasse da decis\u00e3o de impor tarifas rec\u00edprocas<\/a> contra Washington.<\/p>\n<p>\u201cSe a China n\u00e3o retirar seu aumento de <a href=\"https:\/\/agenciabrasil.ebc.com.br\/internacional\/noticia\/2025-04\/china-retalia-eua-com-tarifas-de-34-e-restricao-minerais-raros\" target=\"_blank\" rel=\"noopener\">34% acima<\/a> de seus abusos comerciais de longo prazo at\u00e9 amanh\u00e3, 8 de abril de 2025, os Estados Unidos impor\u00e3o tarifas adicionais \u00e0 China de 50%, com efeito em 9 de abril\u201d, disse o americano em rede social.<\/p>\n<h2>Hist\u00f3rico de taxa\u00e7\u00e3o<\/h2>\n<p>Em mar\u00e7o, Washington imp\u00f4s taxas espec\u00edficas de 20% \u00e0 China, em um dos primeiros movimentos de Trump para pressionar o pa\u00eds asi\u00e1tico. No \u00faltimo dia 2 abril, os EUA iniciaram uma guerra de tarifas contra todos os parceiros comerciais, com taxa\u00e7\u00e3o<a href=\"https:\/\/agenciabrasil.ebc.com.br\/internacional\/noticia\/2025-04\/trump-anuncia-taxa-de-10-para-produtos-brasileiros\" target=\"_blank\" rel=\"noopener\"> adicional de 34%<\/a> sobre todos os produtos chineses que entram no pa\u00eds norte-americano. Com a promessa de uma terceira taxa\u00e7\u00e3o de 50%, o total iria para 104%.<\/p>\n<p><strong>Al\u00e9m de retaliar com tarifas de 34% sobre os produtos estadunidenses, Pequim tamb\u00e9m estabeleceu restri\u00e7\u00f5es para exporta\u00e7\u00e3o de minerais raros, chamados terras raras, e proibir o com\u00e9rcio com 16 empresas dos EUA.<\/strong><\/p>\n<p>Em editorial publicado no domingo (6), o jornal porta-voz do Partido Comunista Chin\u00eas (PCCh) \u2013 o Di\u00e1rio do Povo \u2013 disse que a China est\u00e1 preparada para a guerra de tarifas de Donald Trump e que o \u201cc\u00e9u n\u00e3o cair\u00e1\u201d por causa das novas barreiras comerciais.<\/p>\n<blockquote>\n<p>\u201cDevemos transformar press\u00e3o em motiva\u00e7\u00e3o e encarar a resposta ao impacto dos EUA como uma oportunidade estrat\u00e9gica para acelerar a constru\u00e7\u00e3o de um novo padr\u00e3o de desenvolvimento\u201d, afirmou o editorial do principal jornal do PCCh.<\/p>\n<\/blockquote>\n<p>      <!-- Relacionada --><\/p>\n<p>            <!-- Relacionada -->\n    <\/div>\n<p><br \/>\n<br \/><a href=\"https:\/\/agenciabrasil.ebc.com.br\/internacional\/noticia\/2025-04\/eua-vao-taxar-produtos-da-china-em-104-partir-desta-quarta\" rel=\"noopener\">Ag\u00eancia Brasil <\/a><\/p>\n","protected":false},"excerpt":{"rendered":"<p>A secret\u00e1ria de imprensa da Casa Branca, Karoline Leavitt, confirmou nesta ter\u00e7a-feira (8) que os Estados Unidos v\u00e3o cobrar tarifas de 104% sobre os produtos chineses a partir de quarta-feira (9). A medida \u00e9 mais um epis\u00f3dio da guerra comercial entre os pa\u00edses. Na coletiva de imprensa transmitida pelas redes sociais da Casa Branca nesta [&hellip;]<\/p>\n","protected":false},"author":1,"featured_media":29775,"comment_status":"open","ping_status":"open","sticky":false,"template":"","format":"standard","meta":{"_jetpack_newsletter_access":"","_jetpack_dont_email_post_to_subs":false,"_jetpack_newsletter_tier_id":0,"_jetpack_memberships_contains_paywalled_content":false,"_mbp_banners":[],"_jetpack_feature_clip_id":0,"_jetpack_memberships_contains_paid_content":false,"footnotes":"","jetpack_publicize_message":"","jetpack_publicize_feature_enabled":true,"jetpack_social_post_already_shared":true,"jetpack_social_options":{"image_generator_settings":{"template":"highway","default_image_id":0,"font":"","enabled":false},"version":2},"jetpack_post_was_ever_published":false},"categories":[25],"tags":[],"class_list":["post-29774","post","type-post","status-publish","format-standard","has-post-thumbnail","category-internacional"],"jetpack_publicize_connections":[],"jetpack-related-posts":[],"jetpack_shortlink":"https:\/\/wp.me\/p7Eq1F-7Ke","jetpack_sharing_enabled":true,"jetpack_featured_media_url":"https:\/\/i0.wp.com\/guialimeira.com.br\/news\/wp-content\/uploads\/2025\/04\/2025-04-08t150115z_1_lynxnpel370sk_rtroptp_4_usa-trump-tariffs-china.jpg?fit=1600%2C800&ssl=1","_links":{"self":[{"href":"https:\/\/guialimeira.com.br\/news\/wp-json\/wp\/v2\/posts\/29774","targetHints":{"allow":["GET"]}}],"collection":[{"href":"https:\/\/guialimeira.com.br\/news\/wp-json\/wp\/v2\/posts"}],"about":[{"href":"https:\/\/guialimeira.com.br\/news\/wp-json\/wp\/v2\/types\/post"}],"author":[{"embeddable":true,"href":"https:\/\/guialimeira.com.br\/news\/wp-json\/wp\/v2\/users\/1"}],"replies":[{"embeddable":true,"href":"https:\/\/guialimeira.com.br\/news\/wp-json\/wp\/v2\/comments?post=29774"}],"version-history":[{"count":0,"href":"https:\/\/guialimeira.com.br\/news\/wp-json\/wp\/v2\/posts\/29774\/revisions"}],"wp:featuredmedia":[{"embeddable":true,"href":"https:\/\/guialimeira.com.br\/news\/wp-json\/wp\/v2\/media\/29775"}],"wp:attachment":[{"href":"https:\/\/guialimeira.com.br\/news\/wp-json\/wp\/v2\/media?parent=29774"}],"wp:term":[{"taxonomy":"category","embeddable":true,"href":"https:\/\/guialimeira.com.br\/news\/wp-json\/wp\/v2\/categories?post=29774"},{"taxonomy":"post_tag","embeddable":true,"href":"https:\/\/guialimeira.com.br\/news\/wp-json\/wp\/v2\/tags?post=29774"}],"curies":[{"name":"wp","href":"https:\/\/api.w.org\/{rel}","templated":true}]}}