{"id":29770,"date":"2025-04-08T15:14:30","date_gmt":"2025-04-08T18:14:30","guid":{"rendered":"https:\/\/guialimeira.com.br\/?p=29770"},"modified":"2025-04-08T15:14:30","modified_gmt":"2025-04-08T18:14:30","slug":"costa-junior-participa-de-reuniao-com-prefeito-e-time-de-jogadores-da-mandic-limeira-basket","status":"publish","type":"post","link":"https:\/\/guialimeira.com.br\/news\/costa-junior-participa-de-reuniao-com-prefeito-e-time-de-jogadores-da-mandic-limeira-basket\/","title":{"rendered":"Costa J\u00fanior participa de reuni\u00e3o com prefeito e time de jogadores da Mandic Limeira Basket"},"content":{"rendered":"\n<figure class=\"wp-block-gallery has-nested-images columns-default is-cropped wp-block-gallery-1 is-layout-flex wp-block-gallery-is-layout-flex\"><\/figure>\n \r\n<br><img data-recalc-dims=\"1\" decoding=\"async\" src=\"https:\/\/i0.wp.com\/guialimeira.com.br\/wp-content\/uploads\/2025\/04\/2025-04-08_costa-junior-participa-de-reuniao-com-prefeito-e-time-de-jogadores-da-mandic-limeira-bask.jpeg?w=696&#038;ssl=1\" \/><br><div>\n\t\t\t\t\t<p>Na tarde desta segunda-feira, 7 de abril, o vereador Costa J\u00fanior (Podemos) se reuniu com o prefeito Murilo F\u00e9lix (Podemos), com o secret\u00e1rio de esportes Jo\u00e3o Gomes J\u00fanior, membros do Instituto Evolu\u00e7\u00e3o e os jogadores do Mandic Limeira Basket para discutir o futuro do esporte na cidade e estreitar\u00a0 la\u00e7os entre o poder p\u00fablico e os atletas locais.<\/p><p>Durante a reuni\u00e3o, o vereador Costa destacou a import\u00e2ncia do apoio \u00e0 pr\u00e1tica esportiva, n\u00e3o apenas para o desenvolvimento f\u00edsico e social dos jovens, mas tamb\u00e9m como uma forma de promover a cidade e engajar a comunidade. &#8220;O basquete \u00e9 um dos esportes que vem ganhando for\u00e7a em Limeira e precisamos continuar investindo, apoiando tanto a base quanto as equipes de alto rendimento. Estamos aqui para ajudar a criar as condi\u00e7\u00f5es necess\u00e1rias para que os nossos atletas alcancem o seu potencial m\u00e1ximo&#8221;, afirmou.<\/p><p>\u00a0O prefeito Murilo F\u00e9lix tamb\u00e9m refor\u00e7ou a import\u00e2ncia de parcerias entre a administra\u00e7\u00e3o p\u00fablica e os clubes esportivos. &#8220;O Mandic Limeira Basket \u00e9 um exemplo de dedica\u00e7\u00e3o e compromisso com o esporte. Estamos trabalhando para que Limeira seja uma cidade cada vez mais reconhecida pela sua infraestrutura e pelo incentivo ao esporte em todas as suas modalidades&#8221;, enfatizou o prefeito.<\/p><p>\u00a0Os jogadores da equipe aproveitaram a oportunidade para expor suas expectativas e desafios, al\u00e9m de sugerirem melhorias para o desempenho dos atletas. O encontro tamb\u00e9m serviu para estreitar o relacionamento entre a gest\u00e3o municipal e o time, consolidando o compromisso com o desenvolvimento do esporte local.<\/p><p>\u00a0O vereador Costa reiterou sua disposi\u00e7\u00e3o para continuar trabalhando em prol do esporte na cidade de Limeira, destacando a import\u00e2ncia de se criar um ambiente favor\u00e1vel ao crescimento do basquete e de outras modalidades esportivas em Limeira.<\/p><p><i>Do Gabinete Parlamentar \u2013 Vereador\u00a0 Vicente Soares da Costa Junior (Podemos)<\/i><\/p><p><strong>As mat\u00e9rias de origem dos Gabinetes Parlamentares s\u00e3o de inteira\u00a0 responsabilidade dos parlamentares e de suas assessorias. S\u00e3o devidamente assinadas e n\u00e3o refletem, necessariamente, a opini\u00e3o institucional da C\u00e2mara Municipal de Limeira.<\/strong><\/p>\t\t\t\t<\/div>\r\n<br>\r\n<br><a href=\"https:\/\/www.limeira.sp.leg.br\/noticias\/view\/2025-04-08_costa-junior-participa-de-reuniao-com-prefeito-e-time-de-jogadores-da-mandic-limeira-basket\" rel=\"noopener\">Informa\u00e7\u00f5es CML <\/a>","protected":false},"excerpt":{"rendered":"<p>Na tarde desta segunda-feira, 7 de abril, o vereador Costa J\u00fanior (Podemos) se reuniu com o prefeito Murilo F\u00e9lix (Podemos), com o secret\u00e1rio de esportes Jo\u00e3o Gomes J\u00fanior, membros do Instituto Evolu\u00e7\u00e3o e os jogadores do Mandic Limeira Basket para discutir o futuro do esporte na cidade e estreitar\u00a0 la\u00e7os entre o poder p\u00fablico e [&hellip;]<\/p>\n","protected":false},"author":1,"featured_media":29771,"comment_status":"open","ping_status":"open","sticky":false,"template":"","format":"standard","meta":{"_jetpack_newsletter_access":"","_jetpack_dont_email_post_to_subs":false,"_jetpack_newsletter_tier_id":0,"_jetpack_memberships_contains_paywalled_content":false,"_mbp_banners":[],"_jetpack_feature_clip_id":0,"_jetpack_memberships_contains_paid_content":false,"footnotes":"","jetpack_publicize_message":"","jetpack_publicize_feature_enabled":true,"jetpack_social_post_already_shared":true,"jetpack_social_options":{"image_generator_settings":{"template":"highway","default_image_id":0,"font":"","enabled":false},"version":2},"jetpack_post_was_ever_published":false},"categories":[19],"tags":[],"class_list":["post-29770","post","type-post","status-publish","format-standard","has-post-thumbnail","category-politica"],"jetpack_publicize_connections":[],"jetpack-related-posts":[],"jetpack_shortlink":"https:\/\/wp.me\/p7Eq1F-7Ka","jetpack_sharing_enabled":true,"jetpack_featured_media_url":"https:\/\/i0.wp.com\/guialimeira.com.br\/news\/wp-content\/uploads\/2025\/04\/Costa-Junior-participa-de-reuniao-com-prefeito-e-time-de.jpeg?fit=1280%2C640&ssl=1","_links":{"self":[{"href":"https:\/\/guialimeira.com.br\/news\/wp-json\/wp\/v2\/posts\/29770","targetHints":{"allow":["GET"]}}],"collection":[{"href":"https:\/\/guialimeira.com.br\/news\/wp-json\/wp\/v2\/posts"}],"about":[{"href":"https:\/\/guialimeira.com.br\/news\/wp-json\/wp\/v2\/types\/post"}],"author":[{"embeddable":true,"href":"https:\/\/guialimeira.com.br\/news\/wp-json\/wp\/v2\/users\/1"}],"replies":[{"embeddable":true,"href":"https:\/\/guialimeira.com.br\/news\/wp-json\/wp\/v2\/comments?post=29770"}],"version-history":[{"count":1,"href":"https:\/\/guialimeira.com.br\/news\/wp-json\/wp\/v2\/posts\/29770\/revisions"}],"predecessor-version":[{"id":29772,"href":"https:\/\/guialimeira.com.br\/news\/wp-json\/wp\/v2\/posts\/29770\/revisions\/29772"}],"wp:featuredmedia":[{"embeddable":true,"href":"https:\/\/guialimeira.com.br\/news\/wp-json\/wp\/v2\/media\/29771"}],"wp:attachment":[{"href":"https:\/\/guialimeira.com.br\/news\/wp-json\/wp\/v2\/media?parent=29770"}],"wp:term":[{"taxonomy":"category","embeddable":true,"href":"https:\/\/guialimeira.com.br\/news\/wp-json\/wp\/v2\/categories?post=29770"},{"taxonomy":"post_tag","embeddable":true,"href":"https:\/\/guialimeira.com.br\/news\/wp-json\/wp\/v2\/tags?post=29770"}],"curies":[{"name":"wp","href":"https:\/\/api.w.org\/{rel}","templated":true}]}}