{"id":29760,"date":"2025-04-08T14:13:38","date_gmt":"2025-04-08T17:13:38","guid":{"rendered":"https:\/\/guialimeira.com.br\/?p=29760"},"modified":"2025-04-08T14:13:38","modified_gmt":"2025-04-08T17:13:38","slug":"felipe-penedo-apresenta-projeto-que-determina-a-sinalizacao-antecipada-em-vias-sob-interdicao-em-decorrencia-de-obras","status":"publish","type":"post","link":"https:\/\/guialimeira.com.br\/news\/felipe-penedo-apresenta-projeto-que-determina-a-sinalizacao-antecipada-em-vias-sob-interdicao-em-decorrencia-de-obras\/","title":{"rendered":"Felipe Penedo apresenta projeto que determina a sinaliza\u00e7\u00e3o antecipada em vias sob interdi\u00e7\u00e3o em decorr\u00eancia de obras"},"content":{"rendered":"\n<figure class=\"wp-block-gallery has-nested-images columns-default is-cropped wp-block-gallery-1 is-layout-flex wp-block-gallery-is-layout-flex\"><\/figure>\n \r\n<br><img data-recalc-dims=\"1\" decoding=\"async\" src=\"https:\/\/i0.wp.com\/guialimeira.com.br\/wp-content\/uploads\/2025\/04\/2025-04-08_felipe-penedo-apresenta-projeto-que-determina-a-sinalizacao-antecipada-em-vias-sob-interd.jpeg?w=696&#038;ssl=1\" \/><br><div>\n\t\t\t\t\t<p>O <a href=\"https:\/\/consulta.limeira.sp.leg.br\/Documentos\/Documento\/373805\" rel=\"noopener\">Projeto de Lei N\u00b0 70\/2025<\/a>, de autoria do vereador Felipe Penedo (PL), apresentado nesta segunda-feira, 7 de abril, estabelece a obrigatoriedade de sinaliza\u00e7\u00e3o antecipada em vias p\u00fablicas sob poss\u00edveis interdi\u00e7\u00f5es totais ou parciais por obras ou servi\u00e7os em Limeira. Segundo o vereador, a proposta visa uma mobilidade urbana segura aos motoristas e pedestres que transitam no local.\u00a0<\/p><p>\u201cDestaco que a sinaliza\u00e7\u00e3o em casos de interven\u00e7\u00f5es vi\u00e1rias j\u00e1 \u00e9 uma exig\u00eancia<\/p><p>prevista no C\u00f3digo de Tr\u00e2nsito Brasileiro (CTB) e nas resolu\u00e7\u00f5es do Conselho Nacional de Tr\u00e2nsito (Contran). Contudo, na pr\u00e1tica, \u00e9 comum a aus\u00eancia de sinaliza\u00e7\u00e3o pr\u00e9via adequada ou instala\u00e7\u00e3o em locais inadequados, o que compromete a seguran\u00e7a vi\u00e1ria, a fluidez do tr\u00e1fego e gera transtornos significativos \u00e0 popula\u00e7\u00e3o\u201d, argumentou o parlamentar.<\/p><p>De acordo com o vereador, a sinaliza\u00e7\u00e3o deve ser instalada antes da \u00faltima possibilidade de desvio com dist\u00e2ncia m\u00ednima proporcional \u00e0 velocidade da via, viabilizando o redirecionamento de rota e garantindo maior visibilidade aos condutores.<\/p><p>As placas tamb\u00e9m devem conter informa\u00e7\u00f5es claras sobre o tipo de obra, a data prevista de in\u00edcio e t\u00e9rmino e rotas alternativas sugeridas, quando dispon\u00edveis; al\u00e9m de informa\u00e7\u00f5es sobre os respons\u00e1veis pelo servi\u00e7o realizado.\u00a0<\/p><p>\u201cEste projeto, portanto, n\u00e3o cria uma nova obriga\u00e7\u00e3o, mas busca regulamentar de forma mais clara, objetiva e proporcional \u00e0s exig\u00eancias j\u00e1 previstas em normas federais, promovendo um melhor ordenamento do tr\u00e2nsito no munic\u00edpio\u201d, enfatizou o proponente.\u00a0<\/p><p><i>Do Gabinete Parlamentar \u2013 Vereador Felipe Penedo\u00a0 (PL)<\/i><\/p><p><strong>As mat\u00e9rias de origem dos Gabinetes Parlamentares s\u00e3o de inteira\u00a0 responsabilidade dos parlamentares e de suas assessorias. S\u00e3o devidamente assinadas e n\u00e3o refletem, necessariamente, a opini\u00e3o institucional da C\u00e2mara Municipal de Limeira.<\/strong><\/p>\t\t\t\t<\/div>\r\n<br>\r\n<br><a href=\"https:\/\/www.limeira.sp.leg.br\/noticias\/view\/2025-04-08_felipe-penedo-apresenta-projeto-que-determina-a-sinalizacao-antecipada-em-vias-sob-interdicao-em-decorrencia-de-obras\" rel=\"noopener\">Informa\u00e7\u00f5es CML <\/a>","protected":false},"excerpt":{"rendered":"<p>O Projeto de Lei N\u00b0 70\/2025, de autoria do vereador Felipe Penedo (PL), apresentado nesta segunda-feira, 7 de abril, estabelece a obrigatoriedade de sinaliza\u00e7\u00e3o antecipada em vias p\u00fablicas sob poss\u00edveis interdi\u00e7\u00f5es totais ou parciais por obras ou servi\u00e7os em Limeira. Segundo o vereador, a proposta visa uma mobilidade urbana segura aos motoristas e pedestres que [&hellip;]<\/p>\n","protected":false},"author":1,"featured_media":29761,"comment_status":"open","ping_status":"open","sticky":false,"template":"","format":"standard","meta":{"_jetpack_newsletter_access":"","_jetpack_dont_email_post_to_subs":false,"_jetpack_newsletter_tier_id":0,"_jetpack_memberships_contains_paywalled_content":false,"_mbp_banners":[],"_jetpack_feature_clip_id":0,"_jetpack_memberships_contains_paid_content":false,"footnotes":"","jetpack_publicize_message":"","jetpack_publicize_feature_enabled":true,"jetpack_social_post_already_shared":true,"jetpack_social_options":{"image_generator_settings":{"template":"highway","default_image_id":0,"font":"","enabled":false},"version":2},"jetpack_post_was_ever_published":false},"categories":[19],"tags":[],"class_list":["post-29760","post","type-post","status-publish","format-standard","has-post-thumbnail","category-politica"],"jetpack_publicize_connections":[],"jetpack-related-posts":[],"jetpack_shortlink":"https:\/\/wp.me\/p7Eq1F-7K0","jetpack_sharing_enabled":true,"jetpack_featured_media_url":"https:\/\/i0.wp.com\/guialimeira.com.br\/news\/wp-content\/uploads\/2025\/04\/Felipe-Penedo-apresenta-projeto-que-determina-a-sinalizacao-antecipada-em.jpeg?fit=1280%2C640&ssl=1","_links":{"self":[{"href":"https:\/\/guialimeira.com.br\/news\/wp-json\/wp\/v2\/posts\/29760","targetHints":{"allow":["GET"]}}],"collection":[{"href":"https:\/\/guialimeira.com.br\/news\/wp-json\/wp\/v2\/posts"}],"about":[{"href":"https:\/\/guialimeira.com.br\/news\/wp-json\/wp\/v2\/types\/post"}],"author":[{"embeddable":true,"href":"https:\/\/guialimeira.com.br\/news\/wp-json\/wp\/v2\/users\/1"}],"replies":[{"embeddable":true,"href":"https:\/\/guialimeira.com.br\/news\/wp-json\/wp\/v2\/comments?post=29760"}],"version-history":[{"count":1,"href":"https:\/\/guialimeira.com.br\/news\/wp-json\/wp\/v2\/posts\/29760\/revisions"}],"predecessor-version":[{"id":29762,"href":"https:\/\/guialimeira.com.br\/news\/wp-json\/wp\/v2\/posts\/29760\/revisions\/29762"}],"wp:featuredmedia":[{"embeddable":true,"href":"https:\/\/guialimeira.com.br\/news\/wp-json\/wp\/v2\/media\/29761"}],"wp:attachment":[{"href":"https:\/\/guialimeira.com.br\/news\/wp-json\/wp\/v2\/media?parent=29760"}],"wp:term":[{"taxonomy":"category","embeddable":true,"href":"https:\/\/guialimeira.com.br\/news\/wp-json\/wp\/v2\/categories?post=29760"},{"taxonomy":"post_tag","embeddable":true,"href":"https:\/\/guialimeira.com.br\/news\/wp-json\/wp\/v2\/tags?post=29760"}],"curies":[{"name":"wp","href":"https:\/\/api.w.org\/{rel}","templated":true}]}}