{"id":29748,"date":"2025-04-08T13:12:34","date_gmt":"2025-04-08T16:12:34","guid":{"rendered":"https:\/\/guialimeira.com.br\/?p=29748"},"modified":"2025-04-08T13:12:34","modified_gmt":"2025-04-08T16:12:34","slug":"proibicao-de-uso-de-cigarros-eletronicos-em-lugares-publicos-e-aprovada-na-camara","status":"publish","type":"post","link":"https:\/\/guialimeira.com.br\/news\/proibicao-de-uso-de-cigarros-eletronicos-em-lugares-publicos-e-aprovada-na-camara\/","title":{"rendered":"Proibi\u00e7\u00e3o de uso de cigarros eletr\u00f4nicos em lugares p\u00fablicos \u00e9 aprovada na C\u00e2mara"},"content":{"rendered":"\n<figure class=\"wp-block-gallery has-nested-images columns-default is-cropped wp-block-gallery-1 is-layout-flex wp-block-gallery-is-layout-flex\"><\/figure>\n \r\n<br><img data-recalc-dims=\"1\" decoding=\"async\" src=\"https:\/\/i0.wp.com\/guialimeira.com.br\/wp-content\/uploads\/2025\/04\/2025-04-08_proibicao-de-uso-de-cigarros-eletronicos-em-lugares-publicos-e-aprovada-na-camara_1.jpg?w=696&#038;ssl=1\" \/><br><div>\n\t\t\t\t\t<p>Foi aprovado na sess\u00e3o ordin\u00e1ria desta segunda-feira, 7 de abril, o <a href=\"https:\/\/consulta.limeira.sp.leg.br\/Documentos\/Documento\/366677\" rel=\"noopener\">Projeto de Lei N\u00ba 23\/2025<\/a>, do vereador Nilton Santos (Republicanos), que disp\u00f5e sobre a proibi\u00e7\u00e3o do uso de cigarros eletr\u00f4nicos ou similares em locais p\u00fablicos no \u00e2mbito do munic\u00edpio, bem como a proibi\u00e7\u00e3o da venda e comercializa\u00e7\u00e3o aos menores de 18 anos.<\/p><p>O projeto ainda garante a fiscaliza\u00e7\u00e3o e aplica\u00e7\u00e3o das san\u00e7\u00f5es por parte de \u00f3rg\u00e3os respons\u00e1veis caso o descumprimento da lei, al\u00e9m de afixar em locais vis\u00edveis ao p\u00fablico um cartaz de conscientiza\u00e7\u00e3o sobre o risco do uso das subst\u00e2ncias contidas nos cigarros e a proibi\u00e7\u00e3o da venda aos menores.\u00a0<\/p><p>Segundo a justificativa da propositura, o objetivo \u00e9 dificultar o acesso a esses meios de uso, contribuir com a preven\u00e7\u00e3o de doen\u00e7as graves e incapacitantes, f\u00edsicas e mentais. \u201cA pr\u00e1tica tabagista, leva ao desenvolvimento de doen\u00e7as como c\u00e2nceres, doen\u00e7as e transtornos mentais por uso destas subst\u00e2ncias, entre elas, depend\u00eancia qu\u00edmica e as doen\u00e7as psiqui\u00e1tricas. No caso do cigarro eletr\u00f4nico, seu uso \u00e9 mais prejudicial do que o fumado\u201d, explicou o autor Nilton Santos.\u00a0<\/p><p>\u201cDiante do exposto e dos benef\u00edcios que a presente proibi\u00e7\u00e3o representa aos nossos jovens, apresento este projeto de lei a ser apreciado e votado pelos vereadores e vereadoras desta casa Legislativa, no sentido de proteger o cidad\u00e3o de mais um grave fator de risco a sa\u00fade&#8221;, declarou o vereador.<\/p>\t\t\t\t<\/div>\r\n<br>\r\n<br><a href=\"https:\/\/www.limeira.sp.leg.br\/noticias\/view\/2025-04-08_proibicao-de-uso-de-cigarros-eletronicos-em-lugares-publicos-e-aprovada-na-camara\" rel=\"noopener\">Informa\u00e7\u00f5es CML <\/a>","protected":false},"excerpt":{"rendered":"<p>Foi aprovado na sess\u00e3o ordin\u00e1ria desta segunda-feira, 7 de abril, o Projeto de Lei N\u00ba 23\/2025, do vereador Nilton Santos (Republicanos), que disp\u00f5e sobre a proibi\u00e7\u00e3o do uso de cigarros eletr\u00f4nicos ou similares em locais p\u00fablicos no \u00e2mbito do munic\u00edpio, bem como a proibi\u00e7\u00e3o da venda e comercializa\u00e7\u00e3o aos menores de 18 anos. O projeto [&hellip;]<\/p>\n","protected":false},"author":1,"featured_media":29749,"comment_status":"open","ping_status":"open","sticky":false,"template":"","format":"standard","meta":{"_jetpack_newsletter_access":"","_jetpack_dont_email_post_to_subs":false,"_jetpack_newsletter_tier_id":0,"_jetpack_memberships_contains_paywalled_content":false,"_mbp_banners":[],"_jetpack_feature_clip_id":0,"_jetpack_memberships_contains_paid_content":false,"footnotes":"","jetpack_publicize_message":"","jetpack_publicize_feature_enabled":true,"jetpack_social_post_already_shared":true,"jetpack_social_options":{"image_generator_settings":{"template":"highway","default_image_id":0,"font":"","enabled":false},"version":2},"jetpack_post_was_ever_published":false},"categories":[19],"tags":[],"class_list":["post-29748","post","type-post","status-publish","format-standard","has-post-thumbnail","category-politica"],"jetpack_publicize_connections":[],"jetpack-related-posts":[],"jetpack_shortlink":"https:\/\/wp.me\/p7Eq1F-7JO","jetpack_sharing_enabled":true,"jetpack_featured_media_url":"https:\/\/i0.wp.com\/guialimeira.com.br\/news\/wp-content\/uploads\/2025\/04\/Proibicao-de-uso-de-cigarros-eletronicos-em-lugares-publicos-e.jpg?fit=1280%2C640&ssl=1","_links":{"self":[{"href":"https:\/\/guialimeira.com.br\/news\/wp-json\/wp\/v2\/posts\/29748","targetHints":{"allow":["GET"]}}],"collection":[{"href":"https:\/\/guialimeira.com.br\/news\/wp-json\/wp\/v2\/posts"}],"about":[{"href":"https:\/\/guialimeira.com.br\/news\/wp-json\/wp\/v2\/types\/post"}],"author":[{"embeddable":true,"href":"https:\/\/guialimeira.com.br\/news\/wp-json\/wp\/v2\/users\/1"}],"replies":[{"embeddable":true,"href":"https:\/\/guialimeira.com.br\/news\/wp-json\/wp\/v2\/comments?post=29748"}],"version-history":[{"count":1,"href":"https:\/\/guialimeira.com.br\/news\/wp-json\/wp\/v2\/posts\/29748\/revisions"}],"predecessor-version":[{"id":29750,"href":"https:\/\/guialimeira.com.br\/news\/wp-json\/wp\/v2\/posts\/29748\/revisions\/29750"}],"wp:featuredmedia":[{"embeddable":true,"href":"https:\/\/guialimeira.com.br\/news\/wp-json\/wp\/v2\/media\/29749"}],"wp:attachment":[{"href":"https:\/\/guialimeira.com.br\/news\/wp-json\/wp\/v2\/media?parent=29748"}],"wp:term":[{"taxonomy":"category","embeddable":true,"href":"https:\/\/guialimeira.com.br\/news\/wp-json\/wp\/v2\/categories?post=29748"},{"taxonomy":"post_tag","embeddable":true,"href":"https:\/\/guialimeira.com.br\/news\/wp-json\/wp\/v2\/tags?post=29748"}],"curies":[{"name":"wp","href":"https:\/\/api.w.org\/{rel}","templated":true}]}}