{"id":29738,"date":"2025-04-08T12:11:26","date_gmt":"2025-04-08T15:11:26","guid":{"rendered":"https:\/\/guialimeira.com.br\/?p=29738"},"modified":"2025-04-08T12:11:26","modified_gmt":"2025-04-08T15:11:26","slug":"estabelecimentos-publicos-e-privados-devem-oferecer-vagas-preferenciais-para-pessoas-com-tea","status":"publish","type":"post","link":"https:\/\/guialimeira.com.br\/news\/estabelecimentos-publicos-e-privados-devem-oferecer-vagas-preferenciais-para-pessoas-com-tea\/","title":{"rendered":"Estabelecimentos p\u00fablicos e privados devem oferecer vagas preferenciais para pessoas com TEA"},"content":{"rendered":"\n<figure class=\"wp-block-gallery has-nested-images columns-default is-cropped wp-block-gallery-1 is-layout-flex wp-block-gallery-is-layout-flex\"><\/figure>\n \r\n<br><img data-recalc-dims=\"1\" decoding=\"async\" src=\"https:\/\/i0.wp.com\/guialimeira.com.br\/wp-content\/uploads\/2025\/04\/2025-04-08_estabelecimentos-publicos-e-privados-devem-oferecer-vagas-preferenciais-para-pessoas-com-.jpeg?w=696&#038;ssl=1\" \/><br><div>\n\t\t\t\t\t<p>Oferecer vagas preferenciais em estabelecimentos p\u00fablicos e privados para pessoas com Transtorno do Espectro Autista (TEA) de forma obrigat\u00f3ria \u00e9 o que prev\u00ea o <a href=\"https:\/\/consulta.limeira.sp.leg.br\/Documentos\/Documento\/364908\" rel=\"noopener\">Projeto de Lei N\u00ba 7\/2025<\/a>, do vereador M\u00e1rcio do Estacionamento (DC). O projeto foi aprovado durante a sess\u00e3o ordin\u00e1ria desta segunda-feira, 7 de abril.\u00a0<\/p><p>A propositura estabelece que vagas j\u00e1 destinadas \u00e0s pessoas com defici\u00eancia devem ser identificadas com placas indicando tamb\u00e9m a prefer\u00eancia para pessoas com TEA, utilizando o s\u00edmbolo mundial de conscientiza\u00e7\u00e3o do transtorno. O n\u00famero de vagas preferenciais deve contemplar 1% do total de vagas do estacionamento, garantindo-se no m\u00ednimo uma vaga.\u00a0<\/p><p>\u201cTal prioridade \u00e9 essencial, pois pessoas com TEA, sobretudo crian\u00e7as, quando expostas a muitos est\u00edmulos ou a longa perman\u00eancia em determinados locais de grande circula\u00e7\u00e3o de pessoas, ficam impacientes e mais suscept\u00edveis a crises\u201d, enfatizou o vereador proponente.<\/p><p>Para comprovar o direito ao uso da vaga, a pessoa deve portar a Carteira de Identifica\u00e7\u00e3o das Pessoas com Transtorno do Espectro Autista (Ciptea), institu\u00edda pela <a href=\"https:\/\/www.planalto.gov.br\/ccivil_03\/_ato2019-2022\/2020\/lei\/l13977.htm\" rel=\"noopener\">Lei N\u00b0 13.977\/2020<\/a>, RG com indica\u00e7\u00e3o de CID ou laudo m\u00e9dico.\u00a0<\/p><p>O proponente M\u00e1rcio do Estacionamento declarou que a proposta assegura que as vagas para pessoas com TEA n\u00e3o reduzam as j\u00e1 garantidas para pessoas com defici\u00eancia e idosos, de modo a respeitar a legisla\u00e7\u00e3o federal e evitar conflitos. Al\u00e9m disso, a exig\u00eancia de placas com o s\u00edmbolo de conscientiza\u00e7\u00e3o do TEA garante visibilidade e facilita o acesso deste grupo, segundo o vereador.\u00a0<\/p><p>\u201cBusca-se garantir e principalmente deixar claro que na legisla\u00e7\u00e3o brasileira, pessoas com autismo t\u00eam direito ao uso de vagas especiais em estabelecimentos p\u00fablicos e privados\u201d, argumentou o parlamentar na justificativa ao projeto.\u00a0<\/p><p>A proposta aprovada segue para aprecia\u00e7\u00e3o do prefeito Murilo F\u00e9lix (Podemos) para san\u00e7\u00e3o ou veto. Se sancionada, ser\u00e1 promulgada e publicada no Jornal Oficial do Munic\u00edpio e passa a ser lei.\u00a0<\/p>\t\t\t\t<\/div>\r\n<br>\r\n<br><a href=\"https:\/\/www.limeira.sp.leg.br\/noticias\/view\/2025-04-08_estabelecimentos-publicos-e-privados-devem-oferecer-vagas-preferenciais-para-pessoas-com-tea\" rel=\"noopener\">Informa\u00e7\u00f5es CML <\/a>","protected":false},"excerpt":{"rendered":"<p>Oferecer vagas preferenciais em estabelecimentos p\u00fablicos e privados para pessoas com Transtorno do Espectro Autista (TEA) de forma obrigat\u00f3ria \u00e9 o que prev\u00ea o Projeto de Lei N\u00ba 7\/2025, do vereador M\u00e1rcio do Estacionamento (DC). O projeto foi aprovado durante a sess\u00e3o ordin\u00e1ria desta segunda-feira, 7 de abril.\u00a0 A propositura estabelece que vagas j\u00e1 destinadas [&hellip;]<\/p>\n","protected":false},"author":1,"featured_media":29739,"comment_status":"open","ping_status":"open","sticky":false,"template":"","format":"standard","meta":{"_jetpack_newsletter_access":"","_jetpack_dont_email_post_to_subs":false,"_jetpack_newsletter_tier_id":0,"_jetpack_memberships_contains_paywalled_content":false,"_mbp_banners":[],"_jetpack_feature_clip_id":0,"_jetpack_memberships_contains_paid_content":false,"footnotes":"","jetpack_publicize_message":"","jetpack_publicize_feature_enabled":true,"jetpack_social_post_already_shared":true,"jetpack_social_options":{"image_generator_settings":{"template":"highway","default_image_id":0,"font":"","enabled":false},"version":2},"jetpack_post_was_ever_published":false},"categories":[19],"tags":[],"class_list":["post-29738","post","type-post","status-publish","format-standard","has-post-thumbnail","category-politica"],"jetpack_publicize_connections":[],"jetpack-related-posts":[],"jetpack_shortlink":"https:\/\/wp.me\/p7Eq1F-7JE","jetpack_sharing_enabled":true,"jetpack_featured_media_url":"https:\/\/i0.wp.com\/guialimeira.com.br\/news\/wp-content\/uploads\/2025\/04\/Estabelecimentos-publicos-e-privados-devem-oferecer-vagas-preferenciais-para-pessoas.jpeg?fit=1280%2C640&ssl=1","_links":{"self":[{"href":"https:\/\/guialimeira.com.br\/news\/wp-json\/wp\/v2\/posts\/29738","targetHints":{"allow":["GET"]}}],"collection":[{"href":"https:\/\/guialimeira.com.br\/news\/wp-json\/wp\/v2\/posts"}],"about":[{"href":"https:\/\/guialimeira.com.br\/news\/wp-json\/wp\/v2\/types\/post"}],"author":[{"embeddable":true,"href":"https:\/\/guialimeira.com.br\/news\/wp-json\/wp\/v2\/users\/1"}],"replies":[{"embeddable":true,"href":"https:\/\/guialimeira.com.br\/news\/wp-json\/wp\/v2\/comments?post=29738"}],"version-history":[{"count":1,"href":"https:\/\/guialimeira.com.br\/news\/wp-json\/wp\/v2\/posts\/29738\/revisions"}],"predecessor-version":[{"id":29740,"href":"https:\/\/guialimeira.com.br\/news\/wp-json\/wp\/v2\/posts\/29738\/revisions\/29740"}],"wp:featuredmedia":[{"embeddable":true,"href":"https:\/\/guialimeira.com.br\/news\/wp-json\/wp\/v2\/media\/29739"}],"wp:attachment":[{"href":"https:\/\/guialimeira.com.br\/news\/wp-json\/wp\/v2\/media?parent=29738"}],"wp:term":[{"taxonomy":"category","embeddable":true,"href":"https:\/\/guialimeira.com.br\/news\/wp-json\/wp\/v2\/categories?post=29738"},{"taxonomy":"post_tag","embeddable":true,"href":"https:\/\/guialimeira.com.br\/news\/wp-json\/wp\/v2\/tags?post=29738"}],"curies":[{"name":"wp","href":"https:\/\/api.w.org\/{rel}","templated":true}]}}