{"id":29722,"date":"2025-04-08T11:10:32","date_gmt":"2025-04-08T14:10:32","guid":{"rendered":"https:\/\/guialimeira.com.br\/?p=29722"},"modified":"2025-04-08T11:10:32","modified_gmt":"2025-04-08T14:10:32","slug":"amigos-do-esporte-camara-aprova-diretrizes-para-politica-de-incentivo-a-pratica-esportiva","status":"publish","type":"post","link":"https:\/\/guialimeira.com.br\/news\/amigos-do-esporte-camara-aprova-diretrizes-para-politica-de-incentivo-a-pratica-esportiva\/","title":{"rendered":"Amigos do Esporte: C\u00e2mara aprova diretrizes para pol\u00edtica de incentivo \u00e0 pr\u00e1tica esportiva"},"content":{"rendered":"\n<figure class=\"wp-block-gallery has-nested-images columns-default is-cropped wp-block-gallery-1 is-layout-flex wp-block-gallery-is-layout-flex\"><\/figure>\n \r\n<br><img data-recalc-dims=\"1\" decoding=\"async\" src=\"https:\/\/i0.wp.com\/guialimeira.com.br\/wp-content\/uploads\/2025\/04\/2025-04-08_amigos-do-esporte-camara-aprova-diretrizes-para-politica-de-incentivo-a-pratica-esportiva.jpeg?w=696&#038;ssl=1\" \/><br><div>\n\t\t\t\t\t<p>Aprovado durante a sess\u00e3o ordin\u00e1ria desta segunda-feira, 7 de abril, o <a href=\"https:\/\/consulta.limeira.sp.leg.br\/Documentos\/Documento\/368323\" rel=\"noopener\">Projeto de Lei N\u00ba 31\/2025<\/a>, do vereador Costa J\u00fanior (Podemos), que estabelece par\u00e2metros e diretrizes para a implementa\u00e7\u00e3o de pol\u00edticas p\u00fablicas voltadas ao incentivo e \u00e0 promo\u00e7\u00e3o do esporte no munic\u00edpio e cria o programa \u201cAmigos do Esporte\u201d, com foco na doa\u00e7\u00e3o de materiais esportivos.\u00a0\u00a0\u00a0\u00a0\u00a0<\/p><p>A propositura objetiva\u00a0 a ado\u00e7\u00e3o de crit\u00e9rios que priorizem a destina\u00e7\u00e3o de materiais \u00e0 entidades sem fins lucrativos, escolas p\u00fablicas e iniciativas comunit\u00e1rias com a defini\u00e7\u00e3o de um cronograma semestral para a distribui\u00e7\u00e3o dos materiais, com ampla divulga\u00e7\u00e3o \u00e0 popula\u00e7\u00e3o.<\/p><p>Dentre outros materiais, o texto legislativo prev\u00ea a doa\u00e7\u00e3o, pelo Poder Executivo, de equipamentos de gin\u00e1stica e fitness,\u00a0 materiais para pr\u00e1ticas esportivas diversas, roupas e cal\u00e7ados esportivos, materiais de seguran\u00e7a para pr\u00e1ticas esportivas.\u00a0\u00a0<\/p><p>O vereador Costa J\u00fanior tamb\u00e9m prop\u00f4s que a Prefeitura firme parcerias com empresas privadas, institui\u00e7\u00f5es de ensino e organiza\u00e7\u00f5es n\u00e3o governamentais para a arrecada\u00e7\u00e3o dos materiais, promovendo a\u00e7\u00f5es conjuntas que visem o fortalecimento da pr\u00e1tica esportiva na cidade.<\/p><p>Um dos crit\u00e9rios para a implementa\u00e7\u00e3o do projeto \u00e9 estabelecer o\u00a0 acompanhamento e avalia\u00e7\u00e3o dos impactos da iniciativa na promo\u00e7\u00e3o do esporte e na melhoria da qualidade de vida da popula\u00e7\u00e3o.<\/p><p>\u201cA pr\u00e1tica de esportes \u00e9 fundamental para a promo\u00e7\u00e3o da sa\u00fade, integra\u00e7\u00e3o social e desenvolvimento pessoal e comunit\u00e1rio; no entanto, muitos grupos enfrentam dificuldades para acessar materiais adequados, o que limita a realiza\u00e7\u00e3o de atividades esportivas e, consequentemente, o envolvimento da popula\u00e7\u00e3o em pr\u00e1ticas saud\u00e1veis\u201d, argumentou o parlamentar.<\/p><p>A proposta aprovada segue para aprecia\u00e7\u00e3o do prefeito Murilo F\u00e9lix (Podemos) para san\u00e7\u00e3o ou veto. Se sancionada, ser\u00e1 promulgada e publicada no Jornal Oficial do Munic\u00edpio e passa a ser lei.\u00a0<\/p>\t\t\t\t<\/div>\r\n<br>\r\n<br><a href=\"https:\/\/www.limeira.sp.leg.br\/noticias\/view\/2025-04-08_amigos-do-esporte-camara-aprova-diretrizes-para-politica-de-incentivo-a-pratica-esportiva\" rel=\"noopener\">Informa\u00e7\u00f5es CML <\/a>","protected":false},"excerpt":{"rendered":"<p>Aprovado durante a sess\u00e3o ordin\u00e1ria desta segunda-feira, 7 de abril, o Projeto de Lei N\u00ba 31\/2025, do vereador Costa J\u00fanior (Podemos), que estabelece par\u00e2metros e diretrizes para a implementa\u00e7\u00e3o de pol\u00edticas p\u00fablicas voltadas ao incentivo e \u00e0 promo\u00e7\u00e3o do esporte no munic\u00edpio e cria o programa \u201cAmigos do Esporte\u201d, com foco na doa\u00e7\u00e3o de materiais [&hellip;]<\/p>\n","protected":false},"author":1,"featured_media":29723,"comment_status":"open","ping_status":"open","sticky":false,"template":"","format":"standard","meta":{"_jetpack_newsletter_access":"","_jetpack_dont_email_post_to_subs":false,"_jetpack_newsletter_tier_id":0,"_jetpack_memberships_contains_paywalled_content":false,"_mbp_banners":[],"_jetpack_feature_clip_id":0,"_jetpack_memberships_contains_paid_content":false,"footnotes":"","jetpack_publicize_message":"","jetpack_publicize_feature_enabled":true,"jetpack_social_post_already_shared":true,"jetpack_social_options":{"image_generator_settings":{"template":"highway","default_image_id":0,"font":"","enabled":false},"version":2},"jetpack_post_was_ever_published":false},"categories":[19],"tags":[],"class_list":["post-29722","post","type-post","status-publish","format-standard","has-post-thumbnail","category-politica"],"jetpack_publicize_connections":[],"jetpack-related-posts":[],"jetpack_shortlink":"https:\/\/wp.me\/p7Eq1F-7Jo","jetpack_sharing_enabled":true,"jetpack_featured_media_url":"https:\/\/i0.wp.com\/guialimeira.com.br\/news\/wp-content\/uploads\/2025\/04\/Amigos-do-Esporte-Camara-aprova-diretrizes-para-politica-de-incentivo.jpeg?fit=1280%2C640&ssl=1","_links":{"self":[{"href":"https:\/\/guialimeira.com.br\/news\/wp-json\/wp\/v2\/posts\/29722","targetHints":{"allow":["GET"]}}],"collection":[{"href":"https:\/\/guialimeira.com.br\/news\/wp-json\/wp\/v2\/posts"}],"about":[{"href":"https:\/\/guialimeira.com.br\/news\/wp-json\/wp\/v2\/types\/post"}],"author":[{"embeddable":true,"href":"https:\/\/guialimeira.com.br\/news\/wp-json\/wp\/v2\/users\/1"}],"replies":[{"embeddable":true,"href":"https:\/\/guialimeira.com.br\/news\/wp-json\/wp\/v2\/comments?post=29722"}],"version-history":[{"count":1,"href":"https:\/\/guialimeira.com.br\/news\/wp-json\/wp\/v2\/posts\/29722\/revisions"}],"predecessor-version":[{"id":29724,"href":"https:\/\/guialimeira.com.br\/news\/wp-json\/wp\/v2\/posts\/29722\/revisions\/29724"}],"wp:featuredmedia":[{"embeddable":true,"href":"https:\/\/guialimeira.com.br\/news\/wp-json\/wp\/v2\/media\/29723"}],"wp:attachment":[{"href":"https:\/\/guialimeira.com.br\/news\/wp-json\/wp\/v2\/media?parent=29722"}],"wp:term":[{"taxonomy":"category","embeddable":true,"href":"https:\/\/guialimeira.com.br\/news\/wp-json\/wp\/v2\/categories?post=29722"},{"taxonomy":"post_tag","embeddable":true,"href":"https:\/\/guialimeira.com.br\/news\/wp-json\/wp\/v2\/tags?post=29722"}],"curies":[{"name":"wp","href":"https:\/\/api.w.org\/{rel}","templated":true}]}}