{"id":29684,"date":"2025-04-07T21:01:34","date_gmt":"2025-04-08T00:01:34","guid":{"rendered":"https:\/\/guialimeira.com.br\/?p=29684"},"modified":"2025-04-07T21:01:36","modified_gmt":"2025-04-08T00:01:36","slug":"amarelo-piscante-em-rotatorias-de-limeira-projeto-propoe-novas-placas-de-sinalizacao","status":"publish","type":"post","link":"https:\/\/guialimeira.com.br\/news\/amarelo-piscante-em-rotatorias-de-limeira-projeto-propoe-novas-placas-de-sinalizacao\/","title":{"rendered":"Amarelo piscante em rotat\u00f3rias de Limeira: projeto prop\u00f5e novas placas de sinaliza\u00e7\u00e3o"},"content":{"rendered":"\n<p class=\"wp-block-paragraph\">A seguran\u00e7a no tr\u00e2nsito de Limeira pode ganhar um importante refor\u00e7o com o Projeto de Lei n\u00ba 68\/2025, de autoria do vereador <strong>Estev\u00e3o Nogueira (AVANTE)<\/strong>. A proposta trata da implanta\u00e7\u00e3o de placas de sinaliza\u00e7\u00e3o em rotat\u00f3rias que utilizam o <strong>sinal intermitente (amarelo piscante)<\/strong> nos sem\u00e1foros, buscando reduzir riscos e melhorar a fluidez no tr\u00e1fego.<\/p>\n\n\n\n<p class=\"wp-block-paragraph\">De acordo com o texto do projeto, as <strong>rotat\u00f3rias sinalizadas com sem\u00e1foros intermitentes<\/strong> devem contar com placas que indiquem, de forma clara, a prefer\u00eancia de passagem aos motoristas, especialmente nos momentos em que o sem\u00e1foro estiver desativado ou operando no modo piscante.<\/p>\n\n\n\n<p class=\"wp-block-paragraph\">A medida visa <strong>refor\u00e7ar o cumprimento das normas do C\u00f3digo de Tr\u00e2nsito Brasileiro (CTB)<\/strong>, que j\u00e1 determinam que ve\u00edculos que circulam por rotat\u00f3rias t\u00eam prefer\u00eancia. No entanto, o projeto reconhece que, diante do alto fluxo de ve\u00edculos em determinadas vias da cidade, essa sinaliza\u00e7\u00e3o extra pode evitar acidentes e garantir mais seguran\u00e7a para motoristas e pedestres.<\/p>\n\n\n\n<p class=\"wp-block-paragraph\">As placas devem ser instaladas ao lado do foco principal dos sem\u00e1foros, seguindo o padr\u00e3o estabelecido pelo CTB, conforme modelo apresentado no anexo da proposta. O prazo para a implanta\u00e7\u00e3o, segundo o projeto, \u00e9 de at\u00e9 <strong>120 dias ap\u00f3s a promulga\u00e7\u00e3o da lei<\/strong>.<\/p>\n\n\n\n<p class=\"wp-block-paragraph\">Al\u00e9m de ampliar a seguran\u00e7a, a iniciativa busca oferecer <strong>mais clareza aos motoristas<\/strong>, especialmente em hor\u00e1rios noturnos ou em casos de falha na energia el\u00e9trica, quando o funcionamento dos sem\u00e1foros pode ser comprometido.<\/p>\n\n\n\n<p class=\"wp-block-paragraph\">A proposta tamb\u00e9m prev\u00ea que os custos sejam cobertos por dota\u00e7\u00f5es or\u00e7ament\u00e1rias j\u00e1 existentes, podendo ser suplementadas, se necess\u00e1rio.<\/p>\n\n\n\n<blockquote class=\"wp-block-quote is-layout-flow wp-block-quote-is-layout-flow\">\n<p class=\"wp-block-paragraph\"><strong>Justificativa do autor:<\/strong><br>\u201cMesmo com a legisla\u00e7\u00e3o existente, h\u00e1 lacunas que colocam em risco os motoristas e pedestres, principalmente nas rotat\u00f3rias de grande fluxo. Com esta medida, buscamos evitar confus\u00f5es e acidentes, promovendo um tr\u00e2nsito mais seguro para todos\u201d, explicou o vereador <strong>Estev\u00e3o Nogueira<\/strong>.<\/p>\n<\/blockquote>\n","protected":false},"excerpt":{"rendered":"<p>A seguran\u00e7a no tr\u00e2nsito de Limeira pode ganhar um importante refor\u00e7o com o Projeto de Lei n\u00ba 68\/2025, de autoria do vereador Estev\u00e3o Nogueira (AVANTE). A proposta trata da implanta\u00e7\u00e3o de placas de sinaliza\u00e7\u00e3o em rotat\u00f3rias que utilizam o sinal intermitente (amarelo piscante) nos sem\u00e1foros, buscando reduzir riscos e melhorar a fluidez no tr\u00e1fego.<\/p>\n","protected":false},"author":1,"featured_media":29685,"comment_status":"open","ping_status":"open","sticky":false,"template":"","format":"standard","meta":{"_jetpack_newsletter_access":"","_jetpack_dont_email_post_to_subs":false,"_jetpack_newsletter_tier_id":0,"_jetpack_memberships_contains_paywalled_content":false,"_mbp_banners":[],"_jetpack_feature_clip_id":0,"_jetpack_memberships_contains_paid_content":false,"footnotes":"","jetpack_publicize_message":"","jetpack_publicize_feature_enabled":true,"jetpack_social_post_already_shared":true,"jetpack_social_options":{"image_generator_settings":{"template":"highway","default_image_id":0,"font":"","enabled":false},"version":2},"jetpack_post_was_ever_published":false},"categories":[19],"tags":[],"class_list":["post-29684","post","type-post","status-publish","format-standard","has-post-thumbnail","category-politica"],"jetpack_publicize_connections":[],"jetpack-related-posts":[],"jetpack_shortlink":"https:\/\/wp.me\/p7Eq1F-7IM","jetpack_sharing_enabled":true,"jetpack_featured_media_url":"https:\/\/i0.wp.com\/guialimeira.com.br\/news\/wp-content\/uploads\/2025\/04\/amarelo-piscante.png?fit=1536%2C1024&ssl=1","_links":{"self":[{"href":"https:\/\/guialimeira.com.br\/news\/wp-json\/wp\/v2\/posts\/29684","targetHints":{"allow":["GET"]}}],"collection":[{"href":"https:\/\/guialimeira.com.br\/news\/wp-json\/wp\/v2\/posts"}],"about":[{"href":"https:\/\/guialimeira.com.br\/news\/wp-json\/wp\/v2\/types\/post"}],"author":[{"embeddable":true,"href":"https:\/\/guialimeira.com.br\/news\/wp-json\/wp\/v2\/users\/1"}],"replies":[{"embeddable":true,"href":"https:\/\/guialimeira.com.br\/news\/wp-json\/wp\/v2\/comments?post=29684"}],"version-history":[{"count":1,"href":"https:\/\/guialimeira.com.br\/news\/wp-json\/wp\/v2\/posts\/29684\/revisions"}],"predecessor-version":[{"id":29686,"href":"https:\/\/guialimeira.com.br\/news\/wp-json\/wp\/v2\/posts\/29684\/revisions\/29686"}],"wp:featuredmedia":[{"embeddable":true,"href":"https:\/\/guialimeira.com.br\/news\/wp-json\/wp\/v2\/media\/29685"}],"wp:attachment":[{"href":"https:\/\/guialimeira.com.br\/news\/wp-json\/wp\/v2\/media?parent=29684"}],"wp:term":[{"taxonomy":"category","embeddable":true,"href":"https:\/\/guialimeira.com.br\/news\/wp-json\/wp\/v2\/categories?post=29684"},{"taxonomy":"post_tag","embeddable":true,"href":"https:\/\/guialimeira.com.br\/news\/wp-json\/wp\/v2\/tags?post=29684"}],"curies":[{"name":"wp","href":"https:\/\/api.w.org\/{rel}","templated":true}]}}