{"id":29678,"date":"2025-04-08T12:38:00","date_gmt":"2025-04-08T15:38:00","guid":{"rendered":"https:\/\/guialimeira.com.br\/?p=29678"},"modified":"2025-04-07T20:43:52","modified_gmt":"2025-04-07T23:43:52","slug":"reforma-da-creche-ci-caroline-pardo-campos-freire-e-cobrada-por-mariana-calsa","status":"publish","type":"post","link":"https:\/\/guialimeira.com.br\/news\/reforma-da-creche-ci-caroline-pardo-campos-freire-e-cobrada-por-mariana-calsa\/","title":{"rendered":"Reforma da Creche CI Caroline Pardo Campos Freire \u00e9 cobrada por Mariana Calsa"},"content":{"rendered":"\n<p class=\"wp-block-paragraph\">A vereadora Mariana Calsa protocolou um requerimento solicitando informa\u00e7\u00f5es da Prefeitura de Limeira sobre o andamento da reforma na Creche CI Caroline Pardo Campos Freire. A cobran\u00e7a se refere ao processo administrativo n\u00ba 45.730\/2016, cuja tramita\u00e7\u00e3o se arrasta h\u00e1 anos, sem previs\u00e3o concreta de conclus\u00e3o da obra.<\/p>\n\n\n\n<p class=\"wp-block-paragraph\">A parlamentar pediu a anexa\u00e7\u00e3o completa do processo, incluindo o hist\u00f3rico licitat\u00f3rio, como forma de garantir maior transpar\u00eancia \u00e0 popula\u00e7\u00e3o. A demanda por vagas em creches segue alta, e a aus\u00eancia de estrutura adequada para funcionamento desta unidade representa um grande entrave para centenas de fam\u00edlias limeirenses.<\/p>\n\n\n\n<p class=\"wp-block-paragraph\">Segundo Mariana, &#8220;n\u00e3o \u00e9 razo\u00e1vel que um processo iniciado em 2016 ainda n\u00e3o tenha se transformado em obra finalizada, especialmente diante da necessidade urgente da popula\u00e7\u00e3o por mais vagas na educa\u00e7\u00e3o infantil&#8221;.<\/p>\n\n\n\n<p class=\"wp-block-paragraph\">A solicita\u00e7\u00e3o refor\u00e7a a import\u00e2ncia do acompanhamento cont\u00ednuo das licita\u00e7\u00f5es de servi\u00e7os de engenharia em unidades p\u00fablicas, sobretudo aquelas voltadas \u00e0 primeira inf\u00e2ncia. A vereadora tamb\u00e9m destacou a responsabilidade da gest\u00e3o municipal em garantir celeridade e efici\u00eancia na aplica\u00e7\u00e3o dos recursos p\u00fablicos.<\/p>\n\n\n\n<p class=\"wp-block-paragraph\">A comunidade segue no aguardo de um posicionamento oficial da Prefeitura sobre a previs\u00e3o de conclus\u00e3o da reforma e o retorno das atividades da creche.<\/p>\n","protected":false},"excerpt":{"rendered":"<p>A vereadora Mariana Calsa protocolou um requerimento solicitando informa\u00e7\u00f5es da Prefeitura de Limeira sobre o andamento da reforma na Creche CI Caroline Pardo Campos Freire. A cobran\u00e7a se refere ao processo administrativo n\u00ba 45.730\/2016, cuja tramita\u00e7\u00e3o se arrasta h\u00e1 anos, sem previs\u00e3o concreta de conclus\u00e3o da obra.<\/p>\n","protected":false},"author":1,"featured_media":29680,"comment_status":"open","ping_status":"open","sticky":false,"template":"","format":"standard","meta":{"_jetpack_newsletter_access":"","_jetpack_dont_email_post_to_subs":false,"_jetpack_newsletter_tier_id":0,"_jetpack_memberships_contains_paywalled_content":false,"_mbp_banners":[],"_jetpack_feature_clip_id":0,"_jetpack_memberships_contains_paid_content":false,"footnotes":"","jetpack_publicize_message":"","jetpack_publicize_feature_enabled":true,"jetpack_social_post_already_shared":true,"jetpack_social_options":{"image_generator_settings":{"template":"highway","default_image_id":0,"font":"","enabled":false},"version":2},"jetpack_post_was_ever_published":false},"categories":[40,19],"tags":[],"class_list":["post-29678","post","type-post","status-publish","format-standard","has-post-thumbnail","category-educacao","category-politica"],"jetpack_publicize_connections":[],"jetpack-related-posts":[],"jetpack_shortlink":"https:\/\/wp.me\/p7Eq1F-7IG","jetpack_sharing_enabled":true,"jetpack_featured_media_url":"https:\/\/i0.wp.com\/guialimeira.com.br\/news\/wp-content\/uploads\/2025\/04\/reforma-creche-carolina.png?fit=1536%2C1024&ssl=1","_links":{"self":[{"href":"https:\/\/guialimeira.com.br\/news\/wp-json\/wp\/v2\/posts\/29678","targetHints":{"allow":["GET"]}}],"collection":[{"href":"https:\/\/guialimeira.com.br\/news\/wp-json\/wp\/v2\/posts"}],"about":[{"href":"https:\/\/guialimeira.com.br\/news\/wp-json\/wp\/v2\/types\/post"}],"author":[{"embeddable":true,"href":"https:\/\/guialimeira.com.br\/news\/wp-json\/wp\/v2\/users\/1"}],"replies":[{"embeddable":true,"href":"https:\/\/guialimeira.com.br\/news\/wp-json\/wp\/v2\/comments?post=29678"}],"version-history":[{"count":1,"href":"https:\/\/guialimeira.com.br\/news\/wp-json\/wp\/v2\/posts\/29678\/revisions"}],"predecessor-version":[{"id":29681,"href":"https:\/\/guialimeira.com.br\/news\/wp-json\/wp\/v2\/posts\/29678\/revisions\/29681"}],"wp:featuredmedia":[{"embeddable":true,"href":"https:\/\/guialimeira.com.br\/news\/wp-json\/wp\/v2\/media\/29680"}],"wp:attachment":[{"href":"https:\/\/guialimeira.com.br\/news\/wp-json\/wp\/v2\/media?parent=29678"}],"wp:term":[{"taxonomy":"category","embeddable":true,"href":"https:\/\/guialimeira.com.br\/news\/wp-json\/wp\/v2\/categories?post=29678"},{"taxonomy":"post_tag","embeddable":true,"href":"https:\/\/guialimeira.com.br\/news\/wp-json\/wp\/v2\/tags?post=29678"}],"curies":[{"name":"wp","href":"https:\/\/api.w.org\/{rel}","templated":true}]}}