{"id":29675,"date":"2025-04-08T10:21:00","date_gmt":"2025-04-08T13:21:00","guid":{"rendered":"https:\/\/guialimeira.com.br\/?p=29675"},"modified":"2025-04-07T20:33:58","modified_gmt":"2025-04-07T23:33:58","slug":"reforma-e-manutencao-na-ubs-cidade-jardim-sao-solicitadas-por-costa-junior","status":"publish","type":"post","link":"https:\/\/guialimeira.com.br\/news\/reforma-e-manutencao-na-ubs-cidade-jardim-sao-solicitadas-por-costa-junior\/","title":{"rendered":"Reforma e manuten\u00e7\u00e3o na UBS Cidade Jardim s\u00e3o solicitadas por Costa J\u00fanior"},"content":{"rendered":"\n<p class=\"wp-block-paragraph\">A estrutura da UBS Cidade Jardim, em Limeira, poder\u00e1 passar por melhorias importantes caso o pedido do vereador Costa J\u00fanior (Podemos) seja atendido. O parlamentar apresentou um requerimento ao Poder Executivo solicitando informa\u00e7\u00f5es sobre a possibilidade de reforma e manuten\u00e7\u00e3o do espa\u00e7o, que \u00e9 essencial para o atendimento de moradores da regi\u00e3o.<\/p>\n\n\n\n<p class=\"wp-block-paragraph\">De acordo com o vereador, os pr\u00f3prios usu\u00e1rios da unidade reconhecem a qualidade no atendimento oferecido pelos profissionais, mas apontam a necessidade urgente de melhorias estruturais. Entre os pedidos est\u00e3o a pintura interna e externa, substitui\u00e7\u00e3o de pisos danificados, troca dos paralelep\u00edpedos na entrada, amplia\u00e7\u00e3o das salas de atendimento e reforma nos banheiros \u2014 incluindo troca das portas.<\/p>\n\n\n\n<p class=\"wp-block-paragraph\">\u201cEssas benfeitorias n\u00e3o s\u00e3o apenas est\u00e9ticas. Elas garantem mais conforto e dignidade tanto para os servidores que atuam diariamente quanto para os pacientes que buscam atendimento na unidade\u201d, explica Costa J\u00fanior.<\/p>\n\n\n\n<p class=\"wp-block-paragraph\">O requerimento questiona se j\u00e1 h\u00e1 algum estudo t\u00e9cnico em andamento para viabilizar as reformas, quais seriam as fontes de recursos dispon\u00edveis e os aspectos administrativos necess\u00e1rios para formalizar as obras.<\/p>\n\n\n\n<p class=\"wp-block-paragraph\">A UBS Cidade Jardim \u00e9 uma refer\u00eancia para a popula\u00e7\u00e3o local e sua moderniza\u00e7\u00e3o \u00e9 um passo importante para fortalecer o atendimento p\u00fablico de sa\u00fade em Limeira.<\/p>\n","protected":false},"excerpt":{"rendered":"<p>A estrutura da UBS Cidade Jardim, em Limeira, poder\u00e1 passar por melhorias importantes caso o pedido do vereador Costa J\u00fanior (Podemos) seja atendido. O parlamentar apresentou um requerimento ao Poder Executivo solicitando informa\u00e7\u00f5es sobre a possibilidade de reforma e manuten\u00e7\u00e3o do espa\u00e7o, que \u00e9 essencial para o atendimento de moradores da regi\u00e3o.<\/p>\n","protected":false},"author":1,"featured_media":29676,"comment_status":"open","ping_status":"open","sticky":false,"template":"","format":"standard","meta":{"_jetpack_newsletter_access":"","_jetpack_dont_email_post_to_subs":false,"_jetpack_newsletter_tier_id":0,"_jetpack_memberships_contains_paywalled_content":false,"_mbp_banners":[],"_jetpack_feature_clip_id":0,"_jetpack_memberships_contains_paid_content":false,"footnotes":"","jetpack_publicize_message":"","jetpack_publicize_feature_enabled":true,"jetpack_social_post_already_shared":true,"jetpack_social_options":{"image_generator_settings":{"template":"highway","default_image_id":0,"font":"","enabled":false},"version":2},"jetpack_post_was_ever_published":false},"categories":[19,15],"tags":[],"class_list":["post-29675","post","type-post","status-publish","format-standard","has-post-thumbnail","category-politica","category-saude"],"jetpack_publicize_connections":[],"jetpack-related-posts":[],"jetpack_shortlink":"https:\/\/wp.me\/p7Eq1F-7ID","jetpack_sharing_enabled":true,"jetpack_featured_media_url":"https:\/\/i0.wp.com\/guialimeira.com.br\/news\/wp-content\/uploads\/2025\/04\/reforma-ubss.png?fit=1536%2C1024&ssl=1","_links":{"self":[{"href":"https:\/\/guialimeira.com.br\/news\/wp-json\/wp\/v2\/posts\/29675","targetHints":{"allow":["GET"]}}],"collection":[{"href":"https:\/\/guialimeira.com.br\/news\/wp-json\/wp\/v2\/posts"}],"about":[{"href":"https:\/\/guialimeira.com.br\/news\/wp-json\/wp\/v2\/types\/post"}],"author":[{"embeddable":true,"href":"https:\/\/guialimeira.com.br\/news\/wp-json\/wp\/v2\/users\/1"}],"replies":[{"embeddable":true,"href":"https:\/\/guialimeira.com.br\/news\/wp-json\/wp\/v2\/comments?post=29675"}],"version-history":[{"count":1,"href":"https:\/\/guialimeira.com.br\/news\/wp-json\/wp\/v2\/posts\/29675\/revisions"}],"predecessor-version":[{"id":29677,"href":"https:\/\/guialimeira.com.br\/news\/wp-json\/wp\/v2\/posts\/29675\/revisions\/29677"}],"wp:featuredmedia":[{"embeddable":true,"href":"https:\/\/guialimeira.com.br\/news\/wp-json\/wp\/v2\/media\/29676"}],"wp:attachment":[{"href":"https:\/\/guialimeira.com.br\/news\/wp-json\/wp\/v2\/media?parent=29675"}],"wp:term":[{"taxonomy":"category","embeddable":true,"href":"https:\/\/guialimeira.com.br\/news\/wp-json\/wp\/v2\/categories?post=29675"},{"taxonomy":"post_tag","embeddable":true,"href":"https:\/\/guialimeira.com.br\/news\/wp-json\/wp\/v2\/tags?post=29675"}],"curies":[{"name":"wp","href":"https:\/\/api.w.org\/{rel}","templated":true}]}}