{"id":29670,"date":"2025-04-07T20:14:32","date_gmt":"2025-04-07T23:14:32","guid":{"rendered":"https:\/\/guialimeira.com.br\/?p=29670"},"modified":"2025-04-07T20:14:32","modified_gmt":"2025-04-07T23:14:32","slug":"em-evento-com-lula-farmaceutica-anuncia-expansao-no-brasil","status":"publish","type":"post","link":"https:\/\/guialimeira.com.br\/news\/em-evento-com-lula-farmaceutica-anuncia-expansao-no-brasil\/","title":{"rendered":"Em evento com Lula, farmac\u00eautica anuncia expans\u00e3o no Brasil"},"content":{"rendered":"\n<figure class=\"wp-block-gallery has-nested-images columns-default is-cropped wp-block-gallery-1 is-layout-flex wp-block-gallery-is-layout-flex\">\n<figure class=\"wp-block-image size-large\"><\/figure>\n\t\t\t\t\t\n<figure class=\"wp-block-image size-large\"><img loading=\"lazy\" decoding=\"async\" width=\"1\" height=\"1\" data-attachment-id=\"29666\" data-permalink=\"https:\/\/guialimeira.com.br\/news\/em-evento-com-lula-farmaceutica-anuncia-expansao-no-brasil-2\/\" data-orig-file=\"https:\/\/i0.wp.com\/guialimeira.com.br\/news\/wp-content\/uploads\/2025\/04\/1744067665_574_ebc.gif?fit=1%2C1&amp;ssl=1\" data-orig-size=\"1,1\" data-comments-opened=\"1\" data-image-meta=\"{&quot;aperture&quot;:&quot;0&quot;,&quot;credit&quot;:&quot;&quot;,&quot;camera&quot;:&quot;&quot;,&quot;caption&quot;:&quot;&quot;,&quot;created_timestamp&quot;:&quot;0&quot;,&quot;copyright&quot;:&quot;&quot;,&quot;focal_length&quot;:&quot;0&quot;,&quot;iso&quot;:&quot;0&quot;,&quot;shutter_speed&quot;:&quot;0&quot;,&quot;title&quot;:&quot;&quot;,&quot;orientation&quot;:&quot;0&quot;}\" data-image-title=\"Em evento com Lula, farmac\u00eautica anuncia expans\u00e3o no Brasil\" data-image-description=\"\" data-image-caption=\"\" data-large-file=\"https:\/\/i0.wp.com\/guialimeira.com.br\/news\/wp-content\/uploads\/2025\/04\/1744067665_574_ebc.gif?fit=1%2C1&amp;ssl=1\" data-id=\"29666\" src=\"https:\/\/i0.wp.com\/guialimeira.com.br\/wp-content\/uploads\/2025\/04\/1744067665_574_ebc.gif?resize=1%2C1&amp;ssl=1\" alt=\"\" class=\"wp-image-29666\" \/><\/figure>\n\t\t\t\t\t\n<figure class=\"wp-block-image size-large\"><img loading=\"lazy\" decoding=\"async\" width=\"365\" height=\"264\" data-attachment-id=\"29667\" data-permalink=\"https:\/\/guialimeira.com.br\/news\/em-evento-com-lula-farmaceutica-anuncia-expansao-no-brasil-3\/\" data-orig-file=\"https:\/\/i0.wp.com\/guialimeira.com.br\/news\/wp-content\/uploads\/2025\/04\/54437161940_90b7af0bf5_o.jpg?fit=365%2C264&amp;ssl=1\" data-orig-size=\"365,264\" data-comments-opened=\"1\" data-image-meta=\"{&quot;aperture&quot;:&quot;0&quot;,&quot;credit&quot;:&quot;&quot;,&quot;camera&quot;:&quot;&quot;,&quot;caption&quot;:&quot;&quot;,&quot;created_timestamp&quot;:&quot;0&quot;,&quot;copyright&quot;:&quot;&quot;,&quot;focal_length&quot;:&quot;0&quot;,&quot;iso&quot;:&quot;0&quot;,&quot;shutter_speed&quot;:&quot;0&quot;,&quot;title&quot;:&quot;&quot;,&quot;orientation&quot;:&quot;0&quot;}\" data-image-title=\"Em evento com Lula, farmac\u00eautica anuncia expans\u00e3o no Brasil\" data-image-description=\"\" data-image-caption=\"\" data-large-file=\"https:\/\/i0.wp.com\/guialimeira.com.br\/news\/wp-content\/uploads\/2025\/04\/54437161940_90b7af0bf5_o.jpg?fit=365%2C264&amp;ssl=1\" data-id=\"29667\" src=\"https:\/\/i0.wp.com\/guialimeira.com.br\/wp-content\/uploads\/2025\/04\/54437161940_90b7af0bf5_o.jpg?resize=150%2C150&amp;ssl=1\" alt=\"\" class=\"wp-image-29667\" \/><\/figure>\n\t\t\t\t\t\n<figure class=\"wp-block-image size-large\"><img loading=\"lazy\" decoding=\"async\" width=\"754\" height=\"424\" data-attachment-id=\"29668\" data-permalink=\"https:\/\/guialimeira.com.br\/news\/em-evento-com-lula-farmaceutica-anuncia-expansao-no-brasil-4\/\" data-orig-file=\"https:\/\/i0.wp.com\/guialimeira.com.br\/news\/wp-content\/uploads\/2025\/04\/54436724988_95a8295c87_o.jpg?fit=754%2C424&amp;ssl=1\" data-orig-size=\"754,424\" data-comments-opened=\"1\" data-image-meta=\"{&quot;aperture&quot;:&quot;0&quot;,&quot;credit&quot;:&quot;&quot;,&quot;camera&quot;:&quot;&quot;,&quot;caption&quot;:&quot;&quot;,&quot;created_timestamp&quot;:&quot;0&quot;,&quot;copyright&quot;:&quot;&quot;,&quot;focal_length&quot;:&quot;0&quot;,&quot;iso&quot;:&quot;0&quot;,&quot;shutter_speed&quot;:&quot;0&quot;,&quot;title&quot;:&quot;&quot;,&quot;orientation&quot;:&quot;0&quot;}\" data-image-title=\"Em evento com Lula, farmac\u00eautica anuncia expans\u00e3o no Brasil\" data-image-description=\"\" data-image-caption=\"\" data-large-file=\"https:\/\/i0.wp.com\/guialimeira.com.br\/news\/wp-content\/uploads\/2025\/04\/54436724988_95a8295c87_o.jpg?fit=696%2C391&amp;ssl=1\" data-id=\"29668\" src=\"https:\/\/i0.wp.com\/guialimeira.com.br\/wp-content\/uploads\/2025\/04\/54436724988_95a8295c87_o.jpg?resize=150%2C150&amp;ssl=1\" alt=\"\" class=\"wp-image-29668\" \/><\/figure>\n\t\t\t\t\t\n<figure class=\"wp-block-image size-large\"><img loading=\"lazy\" decoding=\"async\" width=\"754\" height=\"448\" data-attachment-id=\"29669\" data-permalink=\"https:\/\/guialimeira.com.br\/news\/em-evento-com-lula-farmaceutica-anuncia-expansao-no-brasil-5\/\" data-orig-file=\"https:\/\/i0.wp.com\/guialimeira.com.br\/news\/wp-content\/uploads\/2025\/04\/54436859698_2f52b92da4_o.jpg?fit=754%2C448&amp;ssl=1\" data-orig-size=\"754,448\" data-comments-opened=\"1\" data-image-meta=\"{&quot;aperture&quot;:&quot;0&quot;,&quot;credit&quot;:&quot;&quot;,&quot;camera&quot;:&quot;&quot;,&quot;caption&quot;:&quot;&quot;,&quot;created_timestamp&quot;:&quot;0&quot;,&quot;copyright&quot;:&quot;&quot;,&quot;focal_length&quot;:&quot;0&quot;,&quot;iso&quot;:&quot;0&quot;,&quot;shutter_speed&quot;:&quot;0&quot;,&quot;title&quot;:&quot;&quot;,&quot;orientation&quot;:&quot;0&quot;}\" data-image-title=\"Em evento com Lula, farmac\u00eautica anuncia expans\u00e3o no Brasil\" data-image-description=\"\" data-image-caption=\"\" data-large-file=\"https:\/\/i0.wp.com\/guialimeira.com.br\/news\/wp-content\/uploads\/2025\/04\/54436859698_2f52b92da4_o.jpg?fit=696%2C414&amp;ssl=1\" data-id=\"29669\" src=\"https:\/\/i0.wp.com\/guialimeira.com.br\/wp-content\/uploads\/2025\/04\/54436859698_2f52b92da4_o.jpg?resize=150%2C150&amp;ssl=1\" alt=\"\" class=\"wp-image-29669\" \/><\/figure>\n\t\t\t\t\t<\/figure>\n \r\n<br><div>\n                    <p>O presidente Luiz In\u00e1cio Lula da Silva afirmou, nesta segunda-feira (7), que o Brasil tem todas as condi\u00e7\u00f5es para atrair empresas que desejam se instalar ou fazer novos investimentos no pa\u00eds, oferecendo estabilidade pol\u00edtica, jur\u00eddica e econ\u00f4mica. \u201cO governo apenas cria oportunidade\u201d, disse durante evento de <strong>an\u00fancio da expans\u00e3o da farmac\u00eautica dinamarquesa Novo Nordisk, em Montes Claros, Minas Gerais.<\/strong><img data-recalc-dims=\"1\" decoding=\"async\" src=\"https:\/\/i0.wp.com\/guialimeira.com.br\/wp-content\/uploads\/2025\/04\/1744067665_180_ebc.png?w=696&#038;ssl=1\" style=\"width:1px;height:1px\" \/><img data-recalc-dims=\"1\" decoding=\"async\" src=\"https:\/\/i0.wp.com\/guialimeira.com.br\/wp-content\/uploads\/2025\/04\/1744067665_574_ebc.gif?w=696&#038;ssl=1\" style=\"width:1px;height:1px\" \/><\/p>\n\n<p>Lula citou ainda a estabilidade social e a previsibilidade sobre o mercado e lembrou que o Sistema \u00danico de Sa\u00fade (SUS) \u00e9 um grande cliente do setor farmac\u00eautico.<\/p>\n\n<div class=\"dnd-widget-wrapper context-medio_4colunas type-image atom-align-left\"><div class=\"dnd-atom-rendered\"><!-- scald=420108:medio_4colunas {\"additionalClasses\":\"\"} -->\n            <img data-recalc-dims=\"1\" decoding=\"async\" src=\"https:\/\/i0.wp.com\/guialimeira.com.br\/wp-content\/uploads\/2025\/04\/54437161940_90b7af0bf5_o.jpg?w=696&#038;ssl=1\" alt=\"Presidente da Rep\u00fablica, Luiz In\u00e1cio Lula da Silva e o presidente da Novo Nordisk, Lars Fruergaard J\u00f8rgensen, durante a visita e cerim\u00f4nia de inaugura\u00e7\u00e3o da F\u00e1brica da Novo Nordisk.&#013;&#010;F\u00e1brica da Novo Nordisk, Montes Claros - MG.&#013;&#010;&#013;&#010;Foto: Ricardo Stuckert \/ PR\" title=\"Ricardo Stuckert \/ PR\" \/>\n        <img data-recalc-dims=\"1\" decoding=\"async\" src=\"https:\/\/i0.wp.com\/guialimeira.com.br\/wp-content\/uploads\/2025\/04\/54437161940_90b7af0bf5_o.jpg?w=696&#038;ssl=1\" alt=\"Presidente da Rep\u00fablica, Luiz In\u00e1cio Lula da Silva e o presidente da Novo Nordisk, Lars Fruergaard J\u00f8rgensen, durante a visita e cerim\u00f4nia de inaugura\u00e7\u00e3o da F\u00e1brica da Novo Nordisk.&#013;&#010;F\u00e1brica da Novo Nordisk, Montes Claros - MG.&#013;&#010;&#013;&#010;Foto: Ricardo Stuckert \/ PR\" title=\"Ricardo Stuckert \/ PR\" \/>\n    <!-- END scald=420108 --><\/div><p>\n<h6 class=\"meta\">O presidente da Rep\u00fablica, Luiz In\u00e1cio Lula da Silva,\u00a0e o presidente da Novo Nordisk, Lars Fruergaard J\u00f8rgensen, durante a visita e cerim\u00f4nia de inaugura\u00e7\u00e3o da F\u00e1brica da Novo Nordisk, em Montes Claros (MG).<strong> Foto: Ricardo Stuckert \/ PR<\/strong><!--END copyright=420108--><\/h6>\n<\/p><\/div>\n\n<p>\u201cEsse senhor [Lars Fruergaard J\u00f8rgensen, CEO da Novo Nordisk] que veio fazer investimento de R$ 6,4 bilh\u00f5es acredita que esse pa\u00eds tem todas essas condi\u00e7\u00f5es para fazer isso. E al\u00e9m disso, esse pa\u00eds \u00e9 o \u00fanico com mais de 100 milh\u00f5es de habitantes que tem uma coisa chamada SUS [Sistema \u00danico de Sa\u00fade], que \u00e9 o mais importante programa de sa\u00fade que tem um pa\u00eds do mundo. E \u00e9 o maior comprador de rem\u00e9dio. Ent\u00e3o, \u00e9 por isso que eles est\u00e3o aqui\u201d, afirmou Lula.<\/p>\n\n<p><strong>A amplia\u00e7\u00e3o da planta industrial da Novo Nordisk, fabricante do Ozempic, visa aumentar a capacidade de produ\u00e7\u00e3o de tratamentos injet\u00e1veis para pessoas com obesidade, diabetes e outras doen\u00e7as cr\u00f4nicas graves. Os investimentos chegam a R$ 6,4 bilh\u00f5es.<\/strong><\/p>\n\n<blockquote>\n<p>\u201c\u00c9 o maior investimento individual de uma empresa privada farmac\u00eautica na hist\u00f3ria do Brasil\u201d, destacou Lula.<\/p>\n<\/blockquote>\n\n<p>O presidente ainda citou\u00a0outras a\u00e7\u00f5es da empresa, como as pol\u00edticas de diversidade que garantem empregos para mulheres, negros, pessoas com defici\u00eancia e LGBTQIA+.<\/p>\n\n<div class=\"dnd-widget-wrapper context-cheio_8colunas type-image\"><div class=\"dnd-atom-rendered\"><!-- scald=420114:cheio_8colunas -->\n            <img data-recalc-dims=\"1\" decoding=\"async\" src=\"https:\/\/i0.wp.com\/guialimeira.com.br\/wp-content\/uploads\/2025\/04\/54436724988_95a8295c87_o.jpg?w=696&#038;ssl=1\" alt=\"Visita e cerim\u00f4nia de inaugura\u00e7\u00e3o da F\u00e1brica da Novo Nordisk.&#013;&#010;F\u00e1brica da Novo Nordisk, Montes Claros - MG.&#013;&#010;&#013;&#010;Foto: Ricardo Stuckert \/ PR\" title=\"Ricardo Stuckert \/ PR\" \/>\n        <img data-recalc-dims=\"1\" decoding=\"async\" src=\"https:\/\/i0.wp.com\/guialimeira.com.br\/wp-content\/uploads\/2025\/04\/54436724988_95a8295c87_o.jpg?w=696&#038;ssl=1\" alt=\"Visita e cerim\u00f4nia de inaugura\u00e7\u00e3o da F\u00e1brica da Novo Nordisk.&#013;&#010;F\u00e1brica da Novo Nordisk, Montes Claros - MG.&#013;&#010;&#013;&#010;Foto: Ricardo Stuckert \/ PR\" title=\"Ricardo Stuckert \/ PR\" \/>\n    <!-- END scald=420114 --><\/div><p>\n<h6 class=\"meta\">F\u00e1brica da Novo Nordisk, em Montes Claros \u00a0&#8211; <strong>Ricardo Stuckert \/ PR<\/strong><!--END copyright=420114--><\/h6>\n<\/p><\/div>\n\n<p>O projeto da amplia\u00e7\u00e3o pretende aumentar significativamente a capacidade da unidade em Montes Claros com a adi\u00e7\u00e3o de novos processos de produ\u00e7\u00e3o ass\u00e9ptica, um armaz\u00e9m e um novo laborat\u00f3rio de controle de qualidade, atendendo a diversos formatos de produtos, com tecnologia avan\u00e7ada. As obras de constru\u00e7\u00e3o j\u00e1 come\u00e7aram e devem ser conclu\u00eddas em 2028.<\/p>\n\n<p><strong>A empresa \u00e9 importante fornecedora de insulina e medicamentos para o tratamento de hemofilia para o SUS e, atualmente, gera 2,65 mil empregos diretos e indiretos na cidade mineira.<\/strong> Mais 600 novos empregos diretos devem ser gerados com a expans\u00e3o.<\/p>\n\n<p>A Novo Nordisk tem unidades de produ\u00e7\u00e3o em pa\u00edses como\u00a0Dinamarca, Estados Unidos, Fran\u00e7a, China e B\u00e9lgica. Os medicamentos s\u00e3o produzidos nesses locais e, em seguida, distribu\u00eddos para pacientes ao redor do mundo, atendendo mais de 70 pa\u00edses. Isso inclui a produ\u00e7\u00e3o de quase metade da insulina mundial. No Brasil, desde 1990, a empresa tem escrit\u00f3rio administrativo em S\u00e3o Paulo (SP) e a unidade de produ\u00e7\u00e3o em Montes Claros.<\/p>\n\n<h2>Vacina contra gripe<\/h2>\n\n<p>Durante o evento, o <strong>presidente Lula e o vice-presidente Geraldo Alckmin receberam dose da vacina contra a gripe. A campanha nacional de vacina\u00e7\u00e3o <a href=\"https:\/\/agenciabrasil.ebc.com.br\/saude\/noticia\/2025-04\/campanha-de-vacinacao-contra-gripe-comeca-nesta-segunda\" target=\"_blank\" rel=\"noopener\">come\u00e7ou nesta segunda-feira<\/a> (7)<\/strong>.<\/p>\n\n<div class=\"dnd-widget-wrapper context-cheio_8colunas type-image\"><div class=\"dnd-atom-rendered\"><!-- scald=420112:cheio_8colunas -->\n            <img data-recalc-dims=\"1\" decoding=\"async\" src=\"https:\/\/i0.wp.com\/guialimeira.com.br\/wp-content\/uploads\/2025\/04\/54436859698_2f52b92da4_o.jpg?w=696&#038;ssl=1\" alt=\"Dando inicio a campanha nacional de Vacina\u00e7\u00e3o contra influenza o Ministro de Estado e da Sa\u00fade, Alexandre Padilha, e a m\u00e9dica do Presidente Dra. Ana Helena Germoglio realizam a vacina no Presidente da Rep\u00fablica, Luiz In\u00e1cio Lula da Silva e no Vice-Presidente da Rep\u00fablica, Geraldo Alckmim, durante a visita e cerim\u00f4nia de inaugura\u00e7\u00e3o da F\u00e1brica da Novo Nordisk.&#013;&#010;F\u00e1brica da Novo Nordisk, Montes Claros - MG.&#013;&#010;&#013;&#010;Foto: Ricardo Stuckert \/ PR\" title=\"Ricardo Stuckert \/ PR\" \/>\n        <img data-recalc-dims=\"1\" decoding=\"async\" src=\"https:\/\/i0.wp.com\/guialimeira.com.br\/wp-content\/uploads\/2025\/04\/54436859698_2f52b92da4_o.jpg?w=696&#038;ssl=1\" alt=\"Dando inicio a campanha nacional de Vacina\u00e7\u00e3o contra influenza o Ministro de Estado e da Sa\u00fade, Alexandre Padilha, e a m\u00e9dica do Presidente Dra. Ana Helena Germoglio realizam a vacina no Presidente da Rep\u00fablica, Luiz In\u00e1cio Lula da Silva e no Vice-Presidente da Rep\u00fablica, Geraldo Alckmim, durante a visita e cerim\u00f4nia de inaugura\u00e7\u00e3o da F\u00e1brica da Novo Nordisk.&#013;&#010;F\u00e1brica da Novo Nordisk, Montes Claros - MG.&#013;&#010;&#013;&#010;Foto: Ricardo Stuckert \/ PR\" title=\"Ricardo Stuckert \/ PR\" \/>\n    <!-- END scald=420112 --><\/div><p>\n<h6 class=\"meta\"><!--copyright=420112-->Dando inicio a campanha nacional de Vacina\u00e7\u00e3o contra influenza, Lula recebe\u00a0a imuniza\u00e7\u00e3o\u00a0durante cerim\u00f4nia de inaugura\u00e7\u00e3o da F\u00e1brica da Novo Nordisk\u00a0&#8211; <strong>Ricardo Stuckert \/ PR<\/strong><!--END copyright=420112--><\/h6>\n<\/p><\/div>\n\n<p>A meta \u00e9 imunizar 90% dos chamados grupos priorit\u00e1rios, que incluem crian\u00e7as de 6 meses a menores de 6 anos, idosos \u2013 como Lula e Alckmin &#8211; e gestantes. Em 2024, a cobertura vacinal contra a gripe entre os p\u00fablicos priorit\u00e1rios foi de 48,89% na Regi\u00e3o Norte e 55,19% nas demais regi\u00f5es.<\/p>\n\n<p>De acordo com o Minist\u00e9rio da Sa\u00fade, o imunizante distribu\u00eddo na rede p\u00fablica protege contra um total de tr\u00eas v\u00edrus do tipo influenza. Ainda segundo a pasta, a vacina contra a gripe \u00e9 capaz de evitar entre 60% e 70% dos casos graves e dos \u00f3bitos relacionados \u00e0 doen\u00e7a.<\/p>\n\n      <!-- Relacionada -->\n              \n            <!-- Relacionada -->\n    <\/div>\r\n<br>\r\n<br><a href=\"https:\/\/agenciabrasil.ebc.com.br\/politica\/noticia\/2025-04\/em-evento-com-lula-farmaceutica-anuncia-expansao-no-brasil\" rel=\"noopener\">Ag\u00eancia Brasil<\/a>","protected":false},"excerpt":{"rendered":"<p>O presidente Luiz In\u00e1cio Lula da Silva afirmou, nesta segunda-feira (7), que o Brasil tem todas as condi\u00e7\u00f5es para atrair empresas que desejam se instalar ou fazer novos investimentos no pa\u00eds, oferecendo estabilidade pol\u00edtica, jur\u00eddica e econ\u00f4mica. \u201cO governo apenas cria oportunidade\u201d, disse durante evento de an\u00fancio da expans\u00e3o da farmac\u00eautica dinamarquesa Novo Nordisk, em [&hellip;]<\/p>\n","protected":false},"author":1,"featured_media":29671,"comment_status":"open","ping_status":"open","sticky":false,"template":"","format":"standard","meta":{"_jetpack_newsletter_access":"","_jetpack_dont_email_post_to_subs":false,"_jetpack_newsletter_tier_id":0,"_jetpack_memberships_contains_paywalled_content":false,"_mbp_banners":[],"_jetpack_feature_clip_id":0,"_jetpack_memberships_contains_paid_content":false,"footnotes":"","jetpack_publicize_message":"","jetpack_publicize_feature_enabled":true,"jetpack_social_post_already_shared":true,"jetpack_social_options":{"image_generator_settings":{"template":"highway","default_image_id":0,"font":"","enabled":false},"version":2},"jetpack_post_was_ever_published":false},"categories":[19],"tags":[],"class_list":["post-29670","post","type-post","status-publish","format-standard","has-post-thumbnail","category-politica"],"jetpack_publicize_connections":[],"jetpack-related-posts":[],"jetpack_shortlink":"https:\/\/wp.me\/p7Eq1F-7Iy","jetpack_sharing_enabled":true,"jetpack_featured_media_url":"https:\/\/i0.wp.com\/guialimeira.com.br\/news\/wp-content\/uploads\/2025\/04\/Em-evento-com-Lula-farmaceutica-anuncia-expansao-no-Brasil.jpg?fit=1600%2C800&ssl=1","_links":{"self":[{"href":"https:\/\/guialimeira.com.br\/news\/wp-json\/wp\/v2\/posts\/29670","targetHints":{"allow":["GET"]}}],"collection":[{"href":"https:\/\/guialimeira.com.br\/news\/wp-json\/wp\/v2\/posts"}],"about":[{"href":"https:\/\/guialimeira.com.br\/news\/wp-json\/wp\/v2\/types\/post"}],"author":[{"embeddable":true,"href":"https:\/\/guialimeira.com.br\/news\/wp-json\/wp\/v2\/users\/1"}],"replies":[{"embeddable":true,"href":"https:\/\/guialimeira.com.br\/news\/wp-json\/wp\/v2\/comments?post=29670"}],"version-history":[{"count":1,"href":"https:\/\/guialimeira.com.br\/news\/wp-json\/wp\/v2\/posts\/29670\/revisions"}],"predecessor-version":[{"id":29672,"href":"https:\/\/guialimeira.com.br\/news\/wp-json\/wp\/v2\/posts\/29670\/revisions\/29672"}],"wp:featuredmedia":[{"embeddable":true,"href":"https:\/\/guialimeira.com.br\/news\/wp-json\/wp\/v2\/media\/29671"}],"wp:attachment":[{"href":"https:\/\/guialimeira.com.br\/news\/wp-json\/wp\/v2\/media?parent=29670"}],"wp:term":[{"taxonomy":"category","embeddable":true,"href":"https:\/\/guialimeira.com.br\/news\/wp-json\/wp\/v2\/categories?post=29670"},{"taxonomy":"post_tag","embeddable":true,"href":"https:\/\/guialimeira.com.br\/news\/wp-json\/wp\/v2\/tags?post=29670"}],"curies":[{"name":"wp","href":"https:\/\/api.w.org\/{rel}","templated":true}]}}