{"id":2967,"date":"2024-04-26T20:49:49","date_gmt":"2024-04-26T23:49:49","guid":{"rendered":"https:\/\/guialimeira.com.br\/2024\/04\/26\/vias-sao-interditadas-neste-fim-de-semana-para-execucao-de-obras\/"},"modified":"2024-04-26T20:49:49","modified_gmt":"2024-04-26T23:49:49","slug":"vias-sao-interditadas-neste-fim-de-semana-para-execucao-de-obras","status":"publish","type":"post","link":"https:\/\/guialimeira.com.br\/news\/vias-sao-interditadas-neste-fim-de-semana-para-execucao-de-obras\/","title":{"rendered":"Vias s\u00e3o interditadas neste fim de semana para execu\u00e7\u00e3o de obras"},"content":{"rendered":"<p> <br \/>\n<\/p>\n<div>\n            <main class=\"\">&#13;<br \/>\n                &#13;<br \/>\n&#13;<br \/>\n&#13;<br \/>\n&#13;<br \/>\n    <img data-recalc-dims=\"1\" decoding=\"async\" src=\"https:\/\/i0.wp.com\/ecrie.com.br\/sistema\/conteudos\/imagem\/m_137_0_1_04042024135245.jpg?w=696&#038;ssl=1\" alt=\"Vias s\u00e3o interditadas neste fim de semana para execu\u00e7\u00e3o de obras\"\/>&#13;<br \/>\n&#13;<\/p>\n<p style=\"text-align: justify;\">A Secretaria de Mobilidade Urbana informa que no pr\u00f3ximo s\u00e1bado (27), das 7 \u00e0s 17 horas, a concession\u00e1ria BRK Ambiental interditar\u00e1 a Rua Duque de Caxias, entre a Dr. Trajano de Barros Camargo e a Bar\u00e3o de Campinas,\u00a0para a realiza\u00e7\u00e3o de uma obra de interliga\u00e7\u00e3o na rede de \u00e1gua. No per\u00edmetro ser\u00e1 permitido somente acesso local, n\u00e3o havendo preju\u00edzo ao abastecimento de \u00e1gua.<\/p>\n<p>&#13;<\/p>\n<p style=\"text-align: justify;\">No domingo (28), a concession\u00e1ria realizar\u00e1 o mesmo servi\u00e7o, na Bar\u00e3o de Campinas, entre a Duque de Caxias e a Lavap\u00e9s e ser\u00e1 similarmente permitido somente o acesso local, havendo, nesse caso, a possibilidade de oscila\u00e7\u00e3o no abastecimento de \u00e1gua.<\/p>\n<p>&#13;<\/p>\n<p style=\"text-align: justify;\">No domingo, com igualdade, das 7 \u00e0s 17 horas, a empresa HM Empreendimentos Imobili\u00e1rios interditar\u00e1 a Via Luiz Varga, no sentido bairro &#8211; centro, entre a M\u00e1rio Rudge R. Parada e a Placidina Ferreira Braga, no Pq. Hip\u00f3lito e Jd. Alvorada. O local estar\u00e1 devidamente sinalizado com indica\u00e7\u00f5es de desvio.<\/p>\n<p>&#13;<\/p>\n<p style=\"text-align: justify;\">A pasta pede que os motoristas programem antecipadamente o trajeto e redobrem a aten\u00e7\u00e3o ao trafegarem nas imedia\u00e7\u00f5es dos locais interditados.<\/p>\n<p>&#13;<\/p>\n<p style=\"text-align: justify;\">Os agentes de tr\u00e2nsito poder\u00e3o ser acionados, caso haja necessidade, pelos telefones 3441-2816 ou 3441-5469.<\/p>\n<p>&#13;<br \/>\n&#13;<br \/>\n&#13;<br \/>\n&#13;<\/p>\n<aside class=\"list-related no-print\">&#13;<br \/>\n        &#13;<br \/>\n&#13;<\/p>\n<article class=\"list-item noticias \">&#13;<br \/>\n                    <a class=\"list-item__img\" href=\"https:\/\/limeira.sp.gov.br\/imprensa\/noticias\/obras-e-servicos-publicos\/casa-na-vila-rocha-recebe-acao-de-limpeza-compulsoria\" tabindex=\"-1\" aria-hidden=\"true\" rel=\"noopener\">&#13;<br \/>\n                        <img data-recalc-dims=\"1\" decoding=\"async\" src=\"https:\/\/i0.wp.com\/ecrie.com.br\/sistema\/conteudos\/imagem\/m_137_0_1_25042024113121.jpg?w=696&#038;ssl=1\" alt=\"Casa na Vila Rocha recebe a\u00e7\u00e3o de limpeza compuls\u00f3ria\"\/>&#13;<br \/>\n                    <\/a>&#13;<br \/>\n&#13;<br \/>\n                &#13;<br \/>\n            <\/article>\n<p>&#13;<\/p>\n<article class=\"list-item noticias \">&#13;<br \/>\n                    <a class=\"list-item__img\" href=\"https:\/\/limeira.sp.gov.br\/imprensa\/noticias\/obras-e-servicos-publicos\/limpeza-compulsoria-em-imovel-na-boa-vista-mobiliza-prefeitura\" tabindex=\"-1\" aria-hidden=\"true\" rel=\"noopener\">&#13;<br \/>\n                        <img data-recalc-dims=\"1\" decoding=\"async\" src=\"https:\/\/i0.wp.com\/ecrie.com.br\/sistema\/conteudos\/imagem\/m_137_0_1_18042024123030.jpg?w=696&#038;ssl=1\" alt=\"Limpeza compuls\u00f3ria em im\u00f3vel na Boa Vista mobiliza prefeitura\"\/>&#13;<br \/>\n                    <\/a>&#13;<br \/>\n&#13;<br \/>\n                &#13;<br \/>\n            <\/article>\n<p>&#13;<\/p>\n<article class=\"list-item noticias \">&#13;<br \/>\n                    <a class=\"list-item__img\" href=\"https:\/\/limeira.sp.gov.br\/imprensa\/noticias\/obras-e-servicos-publicos\/prefeitura-realiza-nova-acao-de-limpeza-compulsoria-em-casa-no-jd-sao-paulo\" tabindex=\"-1\" aria-hidden=\"true\" rel=\"noopener\">&#13;<br \/>\n                        <img data-recalc-dims=\"1\" decoding=\"async\" src=\"https:\/\/i0.wp.com\/ecrie.com.br\/sistema\/conteudos\/imagem\/m_137_0_1_11042024153416.jpg?w=696&#038;ssl=1\" alt=\"Prefeitura realiza nova a\u00e7\u00e3o de limpeza compuls\u00f3ria em casa no Jd. S\u00e3o Paulo\"\/>&#13;<br \/>\n                    <\/a>&#13;<br \/>\n&#13;<br \/>\n                &#13;<br \/>\n            <\/article>\n<p>&#13;<br \/>\n    <\/aside>\n<p>&#13;<br \/>\n&#13;<br \/>\n            <\/main><\/p><\/div>\n<p><br \/>\n<br \/><a href=\"https:\/\/limeira.sp.gov.br\/vias-sao-interditadas-neste-fim-de-semana-para-execucao-de-obras\" rel=\"noopener\">Informa\u00e7\u00f5es da PML <\/a><\/p>\n","protected":false},"excerpt":{"rendered":"<p>&#13; &#13; &#13; &#13; &#13; &#13; &#13; A Secretaria de Mobilidade Urbana informa que no pr\u00f3ximo s\u00e1bado (27), das 7 \u00e0s 17 horas, a concession\u00e1ria BRK Ambiental interditar\u00e1 a Rua Duque de Caxias, entre a Dr. Trajano de Barros Camargo e a Bar\u00e3o de Campinas,\u00a0para a realiza\u00e7\u00e3o de uma obra de interliga\u00e7\u00e3o na rede de [&hellip;]<\/p>\n","protected":false},"author":1,"featured_media":937,"comment_status":"open","ping_status":"open","sticky":false,"template":"","format":"standard","meta":{"_jetpack_newsletter_access":"","_jetpack_dont_email_post_to_subs":false,"_jetpack_newsletter_tier_id":0,"_jetpack_memberships_contains_paywalled_content":false,"_mbp_banners":[],"_jetpack_feature_clip_id":0,"_jetpack_memberships_contains_paid_content":false,"footnotes":"","jetpack_publicize_message":"","jetpack_publicize_feature_enabled":true,"jetpack_social_post_already_shared":true,"jetpack_social_options":{"image_generator_settings":{"template":"highway","default_image_id":0,"font":"","enabled":false},"version":2},"jetpack_post_was_ever_published":false},"categories":[16],"tags":[],"class_list":["post-2967","post","type-post","status-publish","format-standard","has-post-thumbnail","category-local"],"jetpack_publicize_connections":[],"jetpack-related-posts":[],"jetpack_shortlink":"https:\/\/wp.me\/p7Eq1F-LR","jetpack_sharing_enabled":true,"jetpack_featured_media_url":"https:\/\/i0.wp.com\/guialimeira.com.br\/news\/wp-content\/uploads\/2024\/04\/m_137_0_1_04042024135245.jpg?fit=1280%2C852&ssl=1","_links":{"self":[{"href":"https:\/\/guialimeira.com.br\/news\/wp-json\/wp\/v2\/posts\/2967","targetHints":{"allow":["GET"]}}],"collection":[{"href":"https:\/\/guialimeira.com.br\/news\/wp-json\/wp\/v2\/posts"}],"about":[{"href":"https:\/\/guialimeira.com.br\/news\/wp-json\/wp\/v2\/types\/post"}],"author":[{"embeddable":true,"href":"https:\/\/guialimeira.com.br\/news\/wp-json\/wp\/v2\/users\/1"}],"replies":[{"embeddable":true,"href":"https:\/\/guialimeira.com.br\/news\/wp-json\/wp\/v2\/comments?post=2967"}],"version-history":[{"count":0,"href":"https:\/\/guialimeira.com.br\/news\/wp-json\/wp\/v2\/posts\/2967\/revisions"}],"wp:featuredmedia":[{"embeddable":true,"href":"https:\/\/guialimeira.com.br\/news\/wp-json\/wp\/v2\/media\/937"}],"wp:attachment":[{"href":"https:\/\/guialimeira.com.br\/news\/wp-json\/wp\/v2\/media?parent=2967"}],"wp:term":[{"taxonomy":"category","embeddable":true,"href":"https:\/\/guialimeira.com.br\/news\/wp-json\/wp\/v2\/categories?post=2967"},{"taxonomy":"post_tag","embeddable":true,"href":"https:\/\/guialimeira.com.br\/news\/wp-json\/wp\/v2\/tags?post=2967"}],"curies":[{"name":"wp","href":"https:\/\/api.w.org\/{rel}","templated":true}]}}