{"id":29661,"date":"2025-04-07T20:02:46","date_gmt":"2025-04-07T23:02:46","guid":{"rendered":"https:\/\/guialimeira.com.br\/?p=29661"},"modified":"2025-04-07T20:02:48","modified_gmt":"2025-04-07T23:02:48","slug":"maus-tratos-a-animais-vereadora-cobra-dados-da-fiscalizacao-em-limeira","status":"publish","type":"post","link":"https:\/\/guialimeira.com.br\/news\/maus-tratos-a-animais-vereadora-cobra-dados-da-fiscalizacao-em-limeira\/","title":{"rendered":"Maus-tratos a animais: vereadora cobra dados da fiscaliza\u00e7\u00e3o em Limeira"},"content":{"rendered":"\n<p class=\"wp-block-paragraph\">A prote\u00e7\u00e3o e o bem-estar dos animais t\u00eam ganhado cada vez mais aten\u00e7\u00e3o da sociedade, e em Limeira isso n\u00e3o \u00e9 diferente. Com base nesse compromisso, a vereadora <strong>Tatiane Lopes (AVANTE)<\/strong> apresentou um requerimento ao Poder Executivo solicitando informa\u00e7\u00f5es detalhadas sobre as den\u00fancias de <strong>maus-tratos a animais<\/strong> registradas nos \u00faltimos seis meses.<\/p>\n\n\n\n<p class=\"wp-block-paragraph\">O pedido inclui dados importantes sobre:<\/p>\n\n\n\n<ul class=\"wp-block-list\">\n<li>A quantidade de <strong>multas aplicadas<\/strong> pela equipe de fiscaliza\u00e7\u00e3o relacionadas a atos de maus-tratos;<\/li>\n\n\n\n<li>Quantas dessas infra\u00e7\u00f5es foram confirmadas <strong>no primeiro momento da averigua\u00e7\u00e3o<\/strong>;<\/li>\n\n\n\n<li>N\u00famero de <strong>den\u00fancias recebidas<\/strong> pelo Departamento de Prote\u00e7\u00e3o e Bem-Estar Animal;<\/li>\n\n\n\n<li>Casos com comprova\u00e7\u00e3o de maus-tratos que resultaram no registro de <strong>boletins de ocorr\u00eancia<\/strong>;<\/li>\n\n\n\n<li>E, principalmente, como a fiscaliza\u00e7\u00e3o atua para garantir que os animais resgatados estejam, de fato, <strong>fora de risco e recebam o atendimento necess\u00e1rio<\/strong>.<\/li>\n<\/ul>\n\n\n\n<p class=\"wp-block-paragraph\">A iniciativa da vereadora visa fortalecer os mecanismos de <strong>prote\u00e7\u00e3o animal<\/strong>, garantir transpar\u00eancia na atua\u00e7\u00e3o do poder p\u00fablico e cobrar medidas eficazes para o combate ao sofrimento animal.<\/p>\n\n\n\n<blockquote class=\"wp-block-quote is-layout-flow wp-block-quote-is-layout-flow\">\n<p class=\"wp-block-paragraph\">&#8220;O objetivo \u00e9 exercer nosso papel fiscalizador com responsabilidade e assegurar que os direitos dos animais estejam sendo respeitados&#8221;, destacou Tatiane Lopes.<\/p>\n<\/blockquote>\n\n\n\n<p class=\"wp-block-paragraph\">A atua\u00e7\u00e3o parlamentar mostra que o debate sobre <strong>maus-tratos a animais em Limeira<\/strong> precisa ser constante, com pol\u00edticas p\u00fablicas mais eficientes, fiscaliza\u00e7\u00e3o ativa e, acima de tudo, compromisso com a vida.<\/p>\n","protected":false},"excerpt":{"rendered":"<p>A prote\u00e7\u00e3o e o bem-estar dos animais t\u00eam ganhado cada vez mais aten\u00e7\u00e3o da sociedade, e em Limeira isso n\u00e3o \u00e9 diferente. Com base nesse compromisso, a vereadora Tatiane Lopes (AVANTE) apresentou um requerimento ao Poder Executivo solicitando informa\u00e7\u00f5es detalhadas sobre as den\u00fancias de maus-tratos a animais registradas nos \u00faltimos seis meses.<\/p>\n","protected":false},"author":1,"featured_media":29662,"comment_status":"open","ping_status":"open","sticky":false,"template":"","format":"standard","meta":{"_jetpack_newsletter_access":"","_jetpack_dont_email_post_to_subs":false,"_jetpack_newsletter_tier_id":0,"_jetpack_memberships_contains_paywalled_content":false,"_mbp_banners":[],"_jetpack_feature_clip_id":0,"_jetpack_memberships_contains_paid_content":false,"footnotes":"","jetpack_publicize_message":"","jetpack_publicize_feature_enabled":true,"jetpack_social_post_already_shared":true,"jetpack_social_options":{"image_generator_settings":{"template":"highway","default_image_id":0,"font":"","enabled":false},"version":2},"jetpack_post_was_ever_published":false},"categories":[19],"tags":[],"class_list":["post-29661","post","type-post","status-publish","format-standard","has-post-thumbnail","category-politica"],"jetpack_publicize_connections":[],"jetpack-related-posts":[],"jetpack_shortlink":"https:\/\/wp.me\/p7Eq1F-7Ip","jetpack_sharing_enabled":true,"jetpack_featured_media_url":"https:\/\/i0.wp.com\/guialimeira.com.br\/news\/wp-content\/uploads\/2025\/04\/maustratos.png?fit=1024%2C1024&ssl=1","_links":{"self":[{"href":"https:\/\/guialimeira.com.br\/news\/wp-json\/wp\/v2\/posts\/29661","targetHints":{"allow":["GET"]}}],"collection":[{"href":"https:\/\/guialimeira.com.br\/news\/wp-json\/wp\/v2\/posts"}],"about":[{"href":"https:\/\/guialimeira.com.br\/news\/wp-json\/wp\/v2\/types\/post"}],"author":[{"embeddable":true,"href":"https:\/\/guialimeira.com.br\/news\/wp-json\/wp\/v2\/users\/1"}],"replies":[{"embeddable":true,"href":"https:\/\/guialimeira.com.br\/news\/wp-json\/wp\/v2\/comments?post=29661"}],"version-history":[{"count":1,"href":"https:\/\/guialimeira.com.br\/news\/wp-json\/wp\/v2\/posts\/29661\/revisions"}],"predecessor-version":[{"id":29663,"href":"https:\/\/guialimeira.com.br\/news\/wp-json\/wp\/v2\/posts\/29661\/revisions\/29663"}],"wp:featuredmedia":[{"embeddable":true,"href":"https:\/\/guialimeira.com.br\/news\/wp-json\/wp\/v2\/media\/29662"}],"wp:attachment":[{"href":"https:\/\/guialimeira.com.br\/news\/wp-json\/wp\/v2\/media?parent=29661"}],"wp:term":[{"taxonomy":"category","embeddable":true,"href":"https:\/\/guialimeira.com.br\/news\/wp-json\/wp\/v2\/categories?post=29661"},{"taxonomy":"post_tag","embeddable":true,"href":"https:\/\/guialimeira.com.br\/news\/wp-json\/wp\/v2\/tags?post=29661"}],"curies":[{"name":"wp","href":"https:\/\/api.w.org\/{rel}","templated":true}]}}