{"id":29652,"date":"2025-04-07T19:52:58","date_gmt":"2025-04-07T22:52:58","guid":{"rendered":"https:\/\/guialimeira.com.br\/?p=29652"},"modified":"2025-04-07T19:53:00","modified_gmt":"2025-04-07T22:53:00","slug":"projeto-propoe-vagas-exclusivas-de-estacionamento-para-pacientes-oncologicos-em-limeira","status":"publish","type":"post","link":"https:\/\/guialimeira.com.br\/news\/projeto-propoe-vagas-exclusivas-de-estacionamento-para-pacientes-oncologicos-em-limeira\/","title":{"rendered":"Projeto prop\u00f5e vagas exclusivas de estacionamento para pacientes oncol\u00f3gicos em Limeira"},"content":{"rendered":"\n<p class=\"wp-block-paragraph\">Um importante avan\u00e7o em favor da dignidade e do cuidado com a sa\u00fade est\u00e1 em tramita\u00e7\u00e3o na C\u00e2mara Municipal de Limeira. O vereador <strong>Costa J\u00fanior (Podemos)<\/strong> apresentou um projeto de lei que visa garantir <strong>vagas de estacionamento exclusivas para pacientes oncol\u00f3gicos<\/strong>, nas proximidades de hospitais, consult\u00f3rios e laborat\u00f3rios da cidade.<\/p>\n\n\n\n<p class=\"wp-block-paragraph\">A proposta tem como objetivo <strong>facilitar o acesso<\/strong> de pessoas em tratamento contra o c\u00e2ncer aos servi\u00e7os de sa\u00fade, evitando o desgaste f\u00edsico e emocional causado pela dificuldade de encontrar uma vaga pr\u00f3xima ao local de atendimento. A iniciativa prev\u00ea a cria\u00e7\u00e3o de vagas sinalizadas, fiscaliza\u00e7\u00e3o adequada e emiss\u00e3o de identifica\u00e7\u00e3o para uso dos pacientes.<\/p>\n\n\n\n<p class=\"wp-block-paragraph\">Segundo o projeto, os pacientes que estiverem em tratamento oncol\u00f3gico ter\u00e3o direito ao uso das vagas mediante apresenta\u00e7\u00e3o de documento oficial emitido pela prefeitura, comprovando sua condi\u00e7\u00e3o.<\/p>\n\n\n\n<h3 class=\"wp-block-heading\">Uma proposta inspirada por hist\u00f3rias reais<\/h3>\n\n\n\n<p class=\"wp-block-paragraph\">A inspira\u00e7\u00e3o para o projeto veio do relato do senhor <strong>Denilson Renato Gabelin<\/strong>, que acompanhou sua esposa, <strong>Andr\u00e9a Fernandes Gabelin<\/strong>, durante o longo e dif\u00edcil tratamento oncol\u00f3gico realizado em Limeira entre 2022 e 2024. Durante esse per\u00edodo, mesmo ap\u00f3s sess\u00f5es de quimioterapia intensas, Andr\u00e9a frequentemente enfrentava a dificuldade de caminhar por longas dist\u00e2ncias por falta de vagas pr\u00f3ximas ao hospital.<\/p>\n\n\n\n<p class=\"wp-block-paragraph\">Essa realidade, infelizmente, \u00e9 compartilhada por muitos limeirenses. Por isso, o projeto busca n\u00e3o apenas uma solu\u00e7\u00e3o pr\u00e1tica, mas tamb\u00e9m um gesto de empatia e respeito a todos que enfrentam o c\u00e2ncer.<\/p>\n\n\n\n<h3 class=\"wp-block-heading\">Educa\u00e7\u00e3o e fiscaliza\u00e7\u00e3o<\/h3>\n\n\n\n<p class=\"wp-block-paragraph\">Al\u00e9m da implanta\u00e7\u00e3o das vagas, o projeto de lei determina que a Prefeitura realize campanhas de <strong>conscientiza\u00e7\u00e3o da popula\u00e7\u00e3o sobre a import\u00e2ncia dessas vagas reservadas<\/strong>, e que a fiscaliza\u00e7\u00e3o seja feita por agentes de tr\u00e2nsito, coibindo o uso indevido.<\/p>\n\n\n\n<p class=\"wp-block-paragraph\">Com a aprova\u00e7\u00e3o da lei, Limeira poder\u00e1 se tornar refer\u00eancia no cuidado com pacientes em tratamento oncol\u00f3gico, garantindo o m\u00ednimo de conforto e dignidade a quem j\u00e1 enfrenta uma batalha t\u00e3o dif\u00edcil. A proposta segue em an\u00e1lise na C\u00e2mara e conta com o apoio dos vereadores para ser implementada.<\/p>\n","protected":false},"excerpt":{"rendered":"<p>Um importante avan\u00e7o em favor da dignidade e do cuidado com a sa\u00fade est\u00e1 em tramita\u00e7\u00e3o na C\u00e2mara Municipal de Limeira. O vereador Costa J\u00fanior (Podemos) apresentou um projeto de lei que visa garantir vagas de estacionamento exclusivas para pacientes oncol\u00f3gicos, nas proximidades de hospitais, consult\u00f3rios e laborat\u00f3rios da cidade.<\/p>\n","protected":false},"author":1,"featured_media":29654,"comment_status":"open","ping_status":"open","sticky":false,"template":"","format":"standard","meta":{"_jetpack_newsletter_access":"","_jetpack_dont_email_post_to_subs":false,"_jetpack_newsletter_tier_id":0,"_jetpack_memberships_contains_paywalled_content":false,"_mbp_banners":[],"_jetpack_feature_clip_id":0,"_jetpack_memberships_contains_paid_content":false,"footnotes":"","jetpack_publicize_message":"","jetpack_publicize_feature_enabled":true,"jetpack_social_post_already_shared":true,"jetpack_social_options":{"image_generator_settings":{"template":"highway","default_image_id":0,"font":"","enabled":false},"version":2},"jetpack_post_was_ever_published":false},"categories":[19,15],"tags":[],"class_list":["post-29652","post","type-post","status-publish","format-standard","has-post-thumbnail","category-politica","category-saude"],"jetpack_publicize_connections":[],"jetpack-related-posts":[],"jetpack_shortlink":"https:\/\/wp.me\/p7Eq1F-7Ig","jetpack_sharing_enabled":true,"jetpack_featured_media_url":"https:\/\/i0.wp.com\/guialimeira.com.br\/news\/wp-content\/uploads\/2025\/04\/tratamento-oncologico.png?fit=1536%2C1024&ssl=1","_links":{"self":[{"href":"https:\/\/guialimeira.com.br\/news\/wp-json\/wp\/v2\/posts\/29652","targetHints":{"allow":["GET"]}}],"collection":[{"href":"https:\/\/guialimeira.com.br\/news\/wp-json\/wp\/v2\/posts"}],"about":[{"href":"https:\/\/guialimeira.com.br\/news\/wp-json\/wp\/v2\/types\/post"}],"author":[{"embeddable":true,"href":"https:\/\/guialimeira.com.br\/news\/wp-json\/wp\/v2\/users\/1"}],"replies":[{"embeddable":true,"href":"https:\/\/guialimeira.com.br\/news\/wp-json\/wp\/v2\/comments?post=29652"}],"version-history":[{"count":1,"href":"https:\/\/guialimeira.com.br\/news\/wp-json\/wp\/v2\/posts\/29652\/revisions"}],"predecessor-version":[{"id":29657,"href":"https:\/\/guialimeira.com.br\/news\/wp-json\/wp\/v2\/posts\/29652\/revisions\/29657"}],"wp:featuredmedia":[{"embeddable":true,"href":"https:\/\/guialimeira.com.br\/news\/wp-json\/wp\/v2\/media\/29654"}],"wp:attachment":[{"href":"https:\/\/guialimeira.com.br\/news\/wp-json\/wp\/v2\/media?parent=29652"}],"wp:term":[{"taxonomy":"category","embeddable":true,"href":"https:\/\/guialimeira.com.br\/news\/wp-json\/wp\/v2\/categories?post=29652"},{"taxonomy":"post_tag","embeddable":true,"href":"https:\/\/guialimeira.com.br\/news\/wp-json\/wp\/v2\/tags?post=29652"}],"curies":[{"name":"wp","href":"https:\/\/api.w.org\/{rel}","templated":true}]}}