{"id":29645,"date":"2025-04-07T21:27:00","date_gmt":"2025-04-08T00:27:00","guid":{"rendered":"https:\/\/guialimeira.com.br\/?p=29645"},"modified":"2025-04-07T19:48:56","modified_gmt":"2025-04-07T22:48:56","slug":"abril-grena-passa-a-integrar-o-calendario-oficial-de-limeira-com-foco-na-prevencao-da-saude-bucal","status":"publish","type":"post","link":"https:\/\/guialimeira.com.br\/news\/abril-grena-passa-a-integrar-o-calendario-oficial-de-limeira-com-foco-na-prevencao-da-saude-bucal\/","title":{"rendered":"&#8220;Abril Gren\u00e1\u201d passa a integrar o calend\u00e1rio oficial de Limeira com foco na preven\u00e7\u00e3o da sa\u00fade bucal"},"content":{"rendered":"\n<p class=\"wp-block-paragraph\">A C\u00e2mara Municipal de Limeira recebeu um importante projeto de lei da vereadora <strong>Mara Isa Mattos Silveira (PL)<\/strong>, que prop\u00f5e a cria\u00e7\u00e3o do m\u00eas <strong>Abril Gren\u00e1<\/strong>, dedicado \u00e0 <strong>preven\u00e7\u00e3o e promo\u00e7\u00e3o da sa\u00fade bucal<\/strong> no munic\u00edpio.<\/p>\n\n\n\n<p class=\"wp-block-paragraph\">O projeto visa ampliar a conscientiza\u00e7\u00e3o da popula\u00e7\u00e3o sobre a import\u00e2ncia de manter uma boa higiene bucal e adotar h\u00e1bitos saud\u00e1veis, como alimenta\u00e7\u00e3o equilibrada e abandono do tabagismo e do consumo excessivo de \u00e1lcool, principais fatores de risco para doen\u00e7as como c\u00e1ries, gengivite, periodontite e at\u00e9 c\u00e2ncer bucal.<\/p>\n\n\n\n<p class=\"wp-block-paragraph\">A proposta estabelece que a <strong>\u00faltima semana do m\u00eas de abril<\/strong> ser\u00e1 dedicada \u00e0 <strong>\u201cSemana Dr. Geraldo Jos\u00e9 Soares\u201d<\/strong>, em homenagem ao cirurgi\u00e3o-dentista limeirense que deixou um legado marcante em a\u00e7\u00f5es sociais e na valoriza\u00e7\u00e3o da odontologia na cidade.<\/p>\n\n\n\n<p class=\"wp-block-paragraph\">Al\u00e9m disso, o Abril Gren\u00e1 incentiva:<\/p>\n\n\n\n<ul class=\"wp-block-list\">\n<li>A\u00e7\u00f5es educativas e preventivas em escolas, unidades de sa\u00fade e espa\u00e7os p\u00fablicos;<\/li>\n\n\n\n<li>Parcerias com universidades, ONGs e a APCD (Associa\u00e7\u00e3o Paulista de Cirurgi\u00f5es-Dentistas);<\/li>\n\n\n\n<li>Atividades de diagn\u00f3stico precoce e orienta\u00e7\u00f5es sobre condi\u00e7\u00f5es como halitose, bruxismo, m\u00e1 oclus\u00e3o e c\u00e2ncer bucal;<\/li>\n\n\n\n<li>Campanhas de conscientiza\u00e7\u00e3o sobre a import\u00e2ncia das visitas regulares ao dentista.<\/li>\n<\/ul>\n\n\n\n<p class=\"wp-block-paragraph\">O projeto tamb\u00e9m promove a participa\u00e7\u00e3o ativa da sociedade civil na constru\u00e7\u00e3o de uma cultura de preven\u00e7\u00e3o cont\u00ednua, que se soma \u00e0 j\u00e1 existente <strong>Virada Odontol\u00f3gica Permanente<\/strong>, institu\u00edda em outubro pela Lei n\u00ba 6.666\/2021, de autoria do ex-vereador Dr. J\u00falio C\u00e9sar.<\/p>\n\n\n\n<p class=\"wp-block-paragraph\">A iniciativa refor\u00e7a a integra\u00e7\u00e3o entre o poder p\u00fablico, os profissionais da sa\u00fade e a popula\u00e7\u00e3o, tornando o <strong>Abril Gren\u00e1 um marco anual para cuidar do sorriso dos limeirenses<\/strong>.<\/p>\n","protected":false},"excerpt":{"rendered":"<p>A C\u00e2mara Municipal de Limeira recebeu um importante projeto de lei da vereadora Mara Isa Mattos Silveira (PL), que prop\u00f5e a cria\u00e7\u00e3o do m\u00eas Abril Gren\u00e1, dedicado \u00e0 preven\u00e7\u00e3o e promo\u00e7\u00e3o da sa\u00fade bucal no munic\u00edpio.<\/p>\n","protected":false},"author":1,"featured_media":29650,"comment_status":"open","ping_status":"open","sticky":false,"template":"","format":"standard","meta":{"_jetpack_newsletter_access":"","_jetpack_dont_email_post_to_subs":false,"_jetpack_newsletter_tier_id":0,"_jetpack_memberships_contains_paywalled_content":false,"_mbp_banners":[],"_jetpack_feature_clip_id":0,"_jetpack_memberships_contains_paid_content":false,"footnotes":"","jetpack_publicize_message":"","jetpack_publicize_feature_enabled":true,"jetpack_social_post_already_shared":true,"jetpack_social_options":{"image_generator_settings":{"template":"highway","default_image_id":0,"font":"","enabled":false},"version":2},"jetpack_post_was_ever_published":false},"categories":[19],"tags":[],"class_list":["post-29645","post","type-post","status-publish","format-standard","has-post-thumbnail","category-politica"],"jetpack_publicize_connections":[],"jetpack-related-posts":[],"jetpack_shortlink":"https:\/\/wp.me\/p7Eq1F-7I9","jetpack_sharing_enabled":true,"jetpack_featured_media_url":"https:\/\/i0.wp.com\/guialimeira.com.br\/news\/wp-content\/uploads\/2025\/04\/eb2c9ee9-768b-4369-a896-0a5c68c8284e.png?fit=1024%2C1152&ssl=1","_links":{"self":[{"href":"https:\/\/guialimeira.com.br\/news\/wp-json\/wp\/v2\/posts\/29645","targetHints":{"allow":["GET"]}}],"collection":[{"href":"https:\/\/guialimeira.com.br\/news\/wp-json\/wp\/v2\/posts"}],"about":[{"href":"https:\/\/guialimeira.com.br\/news\/wp-json\/wp\/v2\/types\/post"}],"author":[{"embeddable":true,"href":"https:\/\/guialimeira.com.br\/news\/wp-json\/wp\/v2\/users\/1"}],"replies":[{"embeddable":true,"href":"https:\/\/guialimeira.com.br\/news\/wp-json\/wp\/v2\/comments?post=29645"}],"version-history":[{"count":1,"href":"https:\/\/guialimeira.com.br\/news\/wp-json\/wp\/v2\/posts\/29645\/revisions"}],"predecessor-version":[{"id":29651,"href":"https:\/\/guialimeira.com.br\/news\/wp-json\/wp\/v2\/posts\/29645\/revisions\/29651"}],"wp:featuredmedia":[{"embeddable":true,"href":"https:\/\/guialimeira.com.br\/news\/wp-json\/wp\/v2\/media\/29650"}],"wp:attachment":[{"href":"https:\/\/guialimeira.com.br\/news\/wp-json\/wp\/v2\/media?parent=29645"}],"wp:term":[{"taxonomy":"category","embeddable":true,"href":"https:\/\/guialimeira.com.br\/news\/wp-json\/wp\/v2\/categories?post=29645"},{"taxonomy":"post_tag","embeddable":true,"href":"https:\/\/guialimeira.com.br\/news\/wp-json\/wp\/v2\/tags?post=29645"}],"curies":[{"name":"wp","href":"https:\/\/api.w.org\/{rel}","templated":true}]}}