{"id":29642,"date":"2025-04-07T19:11:59","date_gmt":"2025-04-07T22:11:59","guid":{"rendered":"https:\/\/guialimeira.com.br\/?p=29642"},"modified":"2025-04-07T19:12:01","modified_gmt":"2025-04-07T22:12:01","slug":"limeira-pode-priorizar-contratacao-de-meis-e-microempresas-para-manutencao-de-bens-publicos","status":"publish","type":"post","link":"https:\/\/guialimeira.com.br\/news\/limeira-pode-priorizar-contratacao-de-meis-e-microempresas-para-manutencao-de-bens-publicos\/","title":{"rendered":"Limeira pode priorizar contrata\u00e7\u00e3o de MEIs e Microempresas para manuten\u00e7\u00e3o de bens p\u00fablicos"},"content":{"rendered":"\n<p class=\"wp-block-paragraph\">Com o objetivo de valorizar o com\u00e9rcio local, gerar emprego e otimizar os servi\u00e7os prestados \u00e0 popula\u00e7\u00e3o, o vereador <strong>Elias Barbosa (PRTB)<\/strong> prop\u00f4s o <strong>Projeto de Lei 66\/2025<\/strong>, que estabelece a <strong>prioriza\u00e7\u00e3o da contrata\u00e7\u00e3o de Microempreendedores Individuais (MEIs) e Microempresas (MEs)<\/strong> pela Administra\u00e7\u00e3o P\u00fablica Municipal de Limeira para execu\u00e7\u00e3o de pequenos reparos e servi\u00e7os de manuten\u00e7\u00e3o em bens e logradouros p\u00fablicos.<\/p>\n\n\n\n<p class=\"wp-block-paragraph\">A proposta prev\u00ea que a contrata\u00e7\u00e3o desses profissionais ocorra <strong>preferencialmente por meio de credenciamento<\/strong>, conforme as diretrizes da <strong>Lei Federal n\u00ba 14.133\/2021<\/strong>, que regulamenta as licita\u00e7\u00f5es e contratos administrativos.<\/p>\n\n\n\n<h4 class=\"wp-block-heading\">\u00c1reas contempladas no projeto<\/h4>\n\n\n\n<p class=\"wp-block-paragraph\">O projeto abrange servi\u00e7os essenciais para o funcionamento e manuten\u00e7\u00e3o da cidade, como:<\/p>\n\n\n\n<ul class=\"wp-block-list\">\n<li>Azulejistas<\/li>\n\n\n\n<li>Eletricistas<\/li>\n\n\n\n<li>Encanadores<\/li>\n\n\n\n<li>Jardineiros<\/li>\n\n\n\n<li>Carpinteiros<\/li>\n\n\n\n<li>Pintores<\/li>\n\n\n\n<li>Soldadores<\/li>\n\n\n\n<li>Mec\u00e2nicos<\/li>\n\n\n\n<li>Vidraceiros<\/li>\n\n\n\n<li>T\u00e9cnicos em refrigera\u00e7\u00e3o<\/li>\n\n\n\n<li>Reparadores de m\u00f3veis<\/li>\n\n\n\n<li>E muitos outros profissionais.<\/li>\n<\/ul>\n\n\n\n<p class=\"wp-block-paragraph\">O projeto \u00e9 abrangente e permite que a lista de servi\u00e7os seja ampliada pelo Executivo, desde que respeitada a natureza das atividades e o enquadramento dos prestadores como MEIs ou MEs.<\/p>\n\n\n\n<h4 class=\"wp-block-heading\">Desenvolvimento local e efici\u00eancia nos servi\u00e7os p\u00fablicos<\/h4>\n\n\n\n<p class=\"wp-block-paragraph\">Al\u00e9m de promover a inclus\u00e3o produtiva e o fortalecimento dos pequenos neg\u00f3cios, a proposta busca <strong>agilizar a presta\u00e7\u00e3o de servi\u00e7os<\/strong> pela Prefeitura, reduzindo burocracias e promovendo mais efici\u00eancia e economicidade na gest\u00e3o p\u00fablica.<\/p>\n\n\n\n<blockquote class=\"wp-block-quote is-layout-flow wp-block-quote-is-layout-flow\">\n<p class=\"wp-block-paragraph\">\u201cEsse projeto reconhece o potencial transformador dos microempreendedores na economia da cidade. Ao contratar diretamente quem est\u00e1 mais pr\u00f3ximo da comunidade, tamb\u00e9m garantimos servi\u00e7os mais \u00e1geis e de qualidade para a popula\u00e7\u00e3o\u201d, destacou o vereador Elias Barbosa.<\/p>\n<\/blockquote>\n\n\n\n<p class=\"wp-block-paragraph\">A medida, se aprovada, <strong>pode transformar positivamente a din\u00e2mica entre o poder p\u00fablico e o setor produtivo local<\/strong>, criando novas oportunidades de renda e assegurando a continuidade de servi\u00e7os fundamentais para o bem-estar da popula\u00e7\u00e3o limeirense.<\/p>\n","protected":false},"excerpt":{"rendered":"<p>Com o objetivo de valorizar o com\u00e9rcio local, gerar emprego e otimizar os servi\u00e7os prestados \u00e0 popula\u00e7\u00e3o, o vereador Elias Barbosa (PRTB) prop\u00f4s o Projeto de Lei 66\/2025, que estabelece a prioriza\u00e7\u00e3o da contrata\u00e7\u00e3o de Microempreendedores Individuais (MEIs) e Microempresas (MEs) pela Administra\u00e7\u00e3o P\u00fablica Municipal de Limeira para execu\u00e7\u00e3o de pequenos reparos e servi\u00e7os de manuten\u00e7\u00e3o em bens e logradouros p\u00fablicos.<\/p>\n","protected":false},"author":1,"featured_media":29643,"comment_status":"open","ping_status":"open","sticky":false,"template":"","format":"standard","meta":{"_jetpack_newsletter_access":"","_jetpack_dont_email_post_to_subs":false,"_jetpack_newsletter_tier_id":0,"_jetpack_memberships_contains_paywalled_content":false,"_mbp_banners":[],"_jetpack_feature_clip_id":0,"_jetpack_memberships_contains_paid_content":false,"footnotes":"","jetpack_publicize_message":"","jetpack_publicize_feature_enabled":true,"jetpack_social_post_already_shared":true,"jetpack_social_options":{"image_generator_settings":{"template":"highway","default_image_id":0,"font":"","enabled":false},"version":2},"jetpack_post_was_ever_published":false},"categories":[19],"tags":[],"class_list":["post-29642","post","type-post","status-publish","format-standard","has-post-thumbnail","category-politica"],"jetpack_publicize_connections":[],"jetpack-related-posts":[],"jetpack_shortlink":"https:\/\/wp.me\/p7Eq1F-7I6","jetpack_sharing_enabled":true,"jetpack_featured_media_url":"https:\/\/i0.wp.com\/guialimeira.com.br\/news\/wp-content\/uploads\/2025\/04\/mei-microempreendedor-individual.jpg?fit=1200%2C750&ssl=1","_links":{"self":[{"href":"https:\/\/guialimeira.com.br\/news\/wp-json\/wp\/v2\/posts\/29642","targetHints":{"allow":["GET"]}}],"collection":[{"href":"https:\/\/guialimeira.com.br\/news\/wp-json\/wp\/v2\/posts"}],"about":[{"href":"https:\/\/guialimeira.com.br\/news\/wp-json\/wp\/v2\/types\/post"}],"author":[{"embeddable":true,"href":"https:\/\/guialimeira.com.br\/news\/wp-json\/wp\/v2\/users\/1"}],"replies":[{"embeddable":true,"href":"https:\/\/guialimeira.com.br\/news\/wp-json\/wp\/v2\/comments?post=29642"}],"version-history":[{"count":1,"href":"https:\/\/guialimeira.com.br\/news\/wp-json\/wp\/v2\/posts\/29642\/revisions"}],"predecessor-version":[{"id":29644,"href":"https:\/\/guialimeira.com.br\/news\/wp-json\/wp\/v2\/posts\/29642\/revisions\/29644"}],"wp:featuredmedia":[{"embeddable":true,"href":"https:\/\/guialimeira.com.br\/news\/wp-json\/wp\/v2\/media\/29643"}],"wp:attachment":[{"href":"https:\/\/guialimeira.com.br\/news\/wp-json\/wp\/v2\/media?parent=29642"}],"wp:term":[{"taxonomy":"category","embeddable":true,"href":"https:\/\/guialimeira.com.br\/news\/wp-json\/wp\/v2\/categories?post=29642"},{"taxonomy":"post_tag","embeddable":true,"href":"https:\/\/guialimeira.com.br\/news\/wp-json\/wp\/v2\/tags?post=29642"}],"curies":[{"name":"wp","href":"https:\/\/api.w.org\/{rel}","templated":true}]}}