{"id":29640,"date":"2025-04-07T19:00:15","date_gmt":"2025-04-07T22:00:15","guid":{"rendered":"https:\/\/guialimeira.com.br\/?p=29640"},"modified":"2025-04-07T19:00:18","modified_gmt":"2025-04-07T22:00:18","slug":"transparencia-publica-digital-projeto-de-lei-propoe-documentos-acessiveis-e-pesquisaveis-em-limeira","status":"publish","type":"post","link":"https:\/\/guialimeira.com.br\/news\/transparencia-publica-digital-projeto-de-lei-propoe-documentos-acessiveis-e-pesquisaveis-em-limeira\/","title":{"rendered":"Transpar\u00eancia p\u00fablica digital: Projeto de Lei prop\u00f5e documentos acess\u00edveis e pesquis\u00e1veis em Limeira"},"content":{"rendered":"\n<p class=\"wp-block-paragraph\">O vereador Elias Barbosa (PRTB) apresentou o Projeto de Lei n\u00ba 67\/2025 com uma proposta que refor\u00e7a o compromisso com a inclus\u00e3o e a transpar\u00eancia no acesso \u00e0s informa\u00e7\u00f5es p\u00fablicas em Limeira. O texto prev\u00ea que todos os documentos digitais oficiais publicados na Imprensa Oficial e no Portal da Transpar\u00eancia sejam disponibilizados em formato <strong>PDF pesquis\u00e1vel<\/strong>, garantindo mais acessibilidade, especialmente para pessoas com defici\u00eancia visual.<\/p>\n\n\n\n<p class=\"wp-block-paragraph\">A medida tamb\u00e9m inclui documentos internos e externos, de uso p\u00fablico ou administrativo, que contenham informa\u00e7\u00f5es relevantes para a popula\u00e7\u00e3o e para \u00f3rg\u00e3os de controle. Segundo a justificativa do projeto, essa pr\u00e1tica j\u00e1 \u00e9 adotada por institui\u00e7\u00f5es como o Tribunal de Contas do Estado de S\u00e3o Paulo, o que demonstra sua viabilidade t\u00e9cnica e administrativa.<\/p>\n\n\n\n<p class=\"wp-block-paragraph\">Al\u00e9m disso, o projeto determina que mesmo nos dias em que n\u00e3o houver atos oficiais para publica\u00e7\u00e3o, o Jornal Oficial do Munic\u00edpio dever\u00e1 ser mantido com a informa\u00e7\u00e3o: <strong>\u201cSem atos oficiais a publicar nesta data\u201d<\/strong> \u2014 assegurando a continuidade da comunica\u00e7\u00e3o institucional.<\/p>\n\n\n\n<p class=\"wp-block-paragraph\">Outro ponto de destaque \u00e9 a obrigatoriedade de os sistemas informatizados utilizados pela prefeitura oferecerem ferramentas de busca eficientes, permitindo que o cidad\u00e3o pesquise informa\u00e7\u00f5es com base em n\u00famero identificador, datas ou palavras-chave, ampliando ainda mais a transpar\u00eancia p\u00fablica digital.<\/p>\n\n\n\n<h3 class=\"wp-block-heading\">Um passo importante pela acessibilidade<\/h3>\n\n\n\n<p class=\"wp-block-paragraph\">Com a crescente demanda por um servi\u00e7o p\u00fablico mais inclusivo, o projeto tamb\u00e9m reconhece a import\u00e2ncia dos documentos acess\u00edveis para pessoas com defici\u00eancia visual. A falta de arquivos em formatos adequados compromete o uso de leitores de tela e dificulta o acesso \u00e0 informa\u00e7\u00e3o, criando uma barreira injusta para quem busca exercer sua cidadania.<\/p>\n\n\n\n<p class=\"wp-block-paragraph\">O uso de <strong>PDF pesquis\u00e1vel<\/strong>, viabilizado por tecnologias como o OCR (Reconhecimento \u00d3ptico de Caracteres), permite que o conte\u00fado textual seja lido por softwares, ampliando a autonomia de leitura e consulta.<\/p>\n\n\n\n<h3 class=\"wp-block-heading\">Compromisso com a transpar\u00eancia e a inclus\u00e3o<\/h3>\n\n\n\n<p class=\"wp-block-paragraph\">A proposta do vereador Elias Barbosa visa promover mais que uma obriga\u00e7\u00e3o legal \u2014 \u00e9 um gesto concreto de respeito \u00e0 popula\u00e7\u00e3o. Ao facilitar o acesso \u00e0 informa\u00e7\u00e3o p\u00fablica, o munic\u00edpio de Limeira avan\u00e7a na constru\u00e7\u00e3o de uma gest\u00e3o mais aberta, acess\u00edvel e eficiente.<\/p>\n\n\n\n<p class=\"wp-block-paragraph\">\ud83d\udcac O projeto est\u00e1 em tramita\u00e7\u00e3o e aguarda a aprecia\u00e7\u00e3o dos demais vereadores da Casa Legislativa.<\/p>\n","protected":false},"excerpt":{"rendered":"<p>O vereador Elias Barbosa (PRTB) apresentou o Projeto de Lei n\u00ba 67\/2025 com uma proposta que refor\u00e7a o compromisso com a inclus\u00e3o e a transpar\u00eancia no acesso \u00e0s informa\u00e7\u00f5es p\u00fablicas em Limeira. O texto prev\u00ea que todos os documentos digitais oficiais publicados na Imprensa Oficial e no Portal da Transpar\u00eancia sejam disponibilizados em formato PDF pesquis\u00e1vel, garantindo mais acessibilidade, especialmente para pessoas com defici\u00eancia visual.<\/p>\n","protected":false},"author":1,"featured_media":24379,"comment_status":"open","ping_status":"open","sticky":false,"template":"","format":"standard","meta":{"_jetpack_newsletter_access":"","_jetpack_dont_email_post_to_subs":false,"_jetpack_newsletter_tier_id":0,"_jetpack_memberships_contains_paywalled_content":false,"_mbp_banners":[],"_jetpack_feature_clip_id":0,"_jetpack_memberships_contains_paid_content":false,"footnotes":"","jetpack_publicize_message":"","jetpack_publicize_feature_enabled":true,"jetpack_social_post_already_shared":true,"jetpack_social_options":{"image_generator_settings":{"template":"highway","default_image_id":0,"font":"","enabled":false},"version":2},"jetpack_post_was_ever_published":false},"categories":[19],"tags":[],"class_list":["post-29640","post","type-post","status-publish","format-standard","has-post-thumbnail","category-politica"],"jetpack_publicize_connections":[],"jetpack-related-posts":[],"jetpack_shortlink":"https:\/\/wp.me\/p7Eq1F-7I4","jetpack_sharing_enabled":true,"jetpack_featured_media_url":"https:\/\/i0.wp.com\/guialimeira.com.br\/news\/wp-content\/uploads\/2025\/02\/2025-01-24_conheca-seu-vereador-elias-barbosa_1.jpg?fit=1280%2C640&ssl=1","_links":{"self":[{"href":"https:\/\/guialimeira.com.br\/news\/wp-json\/wp\/v2\/posts\/29640","targetHints":{"allow":["GET"]}}],"collection":[{"href":"https:\/\/guialimeira.com.br\/news\/wp-json\/wp\/v2\/posts"}],"about":[{"href":"https:\/\/guialimeira.com.br\/news\/wp-json\/wp\/v2\/types\/post"}],"author":[{"embeddable":true,"href":"https:\/\/guialimeira.com.br\/news\/wp-json\/wp\/v2\/users\/1"}],"replies":[{"embeddable":true,"href":"https:\/\/guialimeira.com.br\/news\/wp-json\/wp\/v2\/comments?post=29640"}],"version-history":[{"count":1,"href":"https:\/\/guialimeira.com.br\/news\/wp-json\/wp\/v2\/posts\/29640\/revisions"}],"predecessor-version":[{"id":29641,"href":"https:\/\/guialimeira.com.br\/news\/wp-json\/wp\/v2\/posts\/29640\/revisions\/29641"}],"wp:featuredmedia":[{"embeddable":true,"href":"https:\/\/guialimeira.com.br\/news\/wp-json\/wp\/v2\/media\/24379"}],"wp:attachment":[{"href":"https:\/\/guialimeira.com.br\/news\/wp-json\/wp\/v2\/media?parent=29640"}],"wp:term":[{"taxonomy":"category","embeddable":true,"href":"https:\/\/guialimeira.com.br\/news\/wp-json\/wp\/v2\/categories?post=29640"},{"taxonomy":"post_tag","embeddable":true,"href":"https:\/\/guialimeira.com.br\/news\/wp-json\/wp\/v2\/tags?post=29640"}],"curies":[{"name":"wp","href":"https:\/\/api.w.org\/{rel}","templated":true}]}}