{"id":29629,"date":"2025-04-07T18:33:08","date_gmt":"2025-04-07T21:33:08","guid":{"rendered":"https:\/\/guialimeira.com.br\/?p=29629"},"modified":"2025-04-07T18:33:10","modified_gmt":"2025-04-07T21:33:10","slug":"fabrica-municipal-em-limeira-projeto-propoe-oportunidade-e-dignidade-para-quem-mais-precisa","status":"publish","type":"post","link":"https:\/\/guialimeira.com.br\/news\/fabrica-municipal-em-limeira-projeto-propoe-oportunidade-e-dignidade-para-quem-mais-precisa\/","title":{"rendered":"F\u00e1brica Municipal em Limeira: projeto prop\u00f5e oportunidade e dignidade para quem mais precisa"},"content":{"rendered":"\n<p class=\"wp-block-paragraph\">A Prefeitura de Limeira apresentou \u00e0 C\u00e2mara Municipal o Projeto de Lei que institui a <em><strong>F\u00e1brica Municipal<\/strong><\/em>, iniciativa que tem como objetivo principal oferecer oportunidades de gera\u00e7\u00e3o de renda para pessoas em situa\u00e7\u00e3o de vulnerabilidade social que enfrentam dificuldades para ingressar no mercado de trabalho formal.<\/p>\n\n\n\n<p class=\"wp-block-paragraph\">A proposta, de autoria do prefeito Murilo F\u00e9lix, define como <em>F\u00e1brica Municipal<\/em> a organiza\u00e7\u00e3o de atividades produtivas voltadas para cidad\u00e3os com impossibilidades diversas de exercer uma profiss\u00e3o de forma tradicional. Entre os motivos est\u00e3o: falta de qualifica\u00e7\u00e3o profissional, doen\u00e7as que dificultam longas jornadas de trabalho, baixa produtividade por limita\u00e7\u00f5es f\u00edsicas, al\u00e9m de m\u00e3es que cuidam de filhos pequenos e encontram obst\u00e1culos para conseguir um emprego formal.<\/p>\n\n\n\n<h3 class=\"wp-block-heading\">O que \u00e9 a F\u00e1brica Municipal?<\/h3>\n\n\n\n<p class=\"wp-block-paragraph\">De acordo com o texto do projeto, a F\u00e1brica Municipal reunir\u00e1 trabalhos como confec\u00e7\u00e3o de bolas, uniformes, fraldas geri\u00e1tricas e infantis, bijuterias, entre outros itens que poder\u00e3o ser distribu\u00eddos gratuitamente a escolas, institui\u00e7\u00f5es sociais e \u00f3rg\u00e3os p\u00fablicos. N\u00e3o h\u00e1 finalidade lucrativa, e os materiais ser\u00e3o obtidos por meio de doa\u00e7\u00f5es da sociedade civil, empresas ou do pr\u00f3prio poder p\u00fablico.<\/p>\n\n\n\n<h3 class=\"wp-block-heading\">Como ser\u00e1 o funcionamento?<\/h3>\n\n\n\n<p class=\"wp-block-paragraph\">Os participantes receber\u00e3o <strong>R$ 80,00 por dia trabalhado<\/strong>, com limite de at\u00e9 <strong>22 dias mensais<\/strong>, o que representa uma oportunidade de complementa\u00e7\u00e3o de renda digna para quem mais precisa. Todo o processo ser\u00e1 gerido pelo <strong>Centro de Promo\u00e7\u00e3o Social Municipal (CEPROSOM)<\/strong>, que ficar\u00e1 respons\u00e1vel pelo cadastramento dos interessados, organiza\u00e7\u00e3o das atividades e controle da participa\u00e7\u00e3o.<\/p>\n\n\n\n<p class=\"wp-block-paragraph\">Importante destacar que a proposta <strong>n\u00e3o gera v\u00ednculo empregat\u00edcio<\/strong>, o que garante flexibilidade e inclus\u00e3o, respeitando os limites e as condi\u00e7\u00f5es de cada pessoa.<\/p>\n\n\n\n<h3 class=\"wp-block-heading\">Finalidade do projeto<\/h3>\n\n\n\n<p class=\"wp-block-paragraph\">Entre os principais objetivos da F\u00e1brica Municipal, est\u00e3o:<\/p>\n\n\n\n<ul class=\"wp-block-list\">\n<li>Promover <strong>trabalho decente<\/strong> e <strong>dignidade humana<\/strong>;<\/li>\n\n\n\n<li>Estimular a conviv\u00eancia social e o fortalecimento dos la\u00e7os familiares;<\/li>\n\n\n\n<li>Unir esfor\u00e7os entre o poder p\u00fablico, sociedade e entidades para combater a desigualdade social;<\/li>\n\n\n\n<li>Criar oportunidades reais para que essas pessoas desenvolvam <strong>autoconfian\u00e7a<\/strong> e se sintam parte ativa da sociedade.<\/li>\n<\/ul>\n\n\n\n<h3 class=\"wp-block-heading\">Um passo importante pela inclus\u00e3o<\/h3>\n\n\n\n<p class=\"wp-block-paragraph\">Com esse projeto, Limeira d\u00e1 um passo importante rumo a uma pol\u00edtica p\u00fablica mais <strong>inclusiva e humanizada<\/strong>, promovendo <strong>dignidade, solidariedade e cidadania<\/strong>. A proposta refor\u00e7a o compromisso da gest\u00e3o municipal com a valoriza\u00e7\u00e3o da vida, especialmente daqueles que enfrentam mais dificuldades no dia a dia.<\/p>\n\n\n\n<p class=\"wp-block-paragraph\">A tramita\u00e7\u00e3o do projeto segue agora para an\u00e1lise dos vereadores. A expectativa \u00e9 que, com a aprova\u00e7\u00e3o, a F\u00e1brica Municipal comece a operar o quanto antes, transformando a realidade de muitos limeirenses.<\/p>\n","protected":false},"excerpt":{"rendered":"<p>A Prefeitura de Limeira apresentou \u00e0 C\u00e2mara Municipal o Projeto de Lei que institui a F\u00e1brica Municipal, iniciativa que tem como objetivo principal oferecer oportunidades de gera\u00e7\u00e3o de renda para pessoas em situa\u00e7\u00e3o de vulnerabilidade social que enfrentam dificuldades para ingressar no mercado de trabalho formal.<\/p>\n","protected":false},"author":1,"featured_media":29630,"comment_status":"open","ping_status":"open","sticky":false,"template":"","format":"standard","meta":{"_jetpack_newsletter_access":"","_jetpack_dont_email_post_to_subs":false,"_jetpack_newsletter_tier_id":0,"_jetpack_memberships_contains_paywalled_content":false,"_mbp_banners":[],"_jetpack_feature_clip_id":0,"_jetpack_memberships_contains_paid_content":false,"footnotes":"","jetpack_publicize_message":"","jetpack_publicize_feature_enabled":true,"jetpack_social_post_already_shared":true,"jetpack_social_options":{"image_generator_settings":{"template":"highway","default_image_id":0,"font":"","enabled":false},"version":2},"jetpack_post_was_ever_published":false},"categories":[17,19],"tags":[],"class_list":["post-29629","post","type-post","status-publish","format-standard","has-post-thumbnail","category-empregos","category-politica"],"jetpack_publicize_connections":[],"jetpack-related-posts":[],"jetpack_shortlink":"https:\/\/wp.me\/p7Eq1F-7HT","jetpack_sharing_enabled":true,"jetpack_featured_media_url":"https:\/\/i0.wp.com\/guialimeira.com.br\/news\/wp-content\/uploads\/2025\/04\/fabrica-municipal-limeira.png?fit=1536%2C1024&ssl=1","_links":{"self":[{"href":"https:\/\/guialimeira.com.br\/news\/wp-json\/wp\/v2\/posts\/29629","targetHints":{"allow":["GET"]}}],"collection":[{"href":"https:\/\/guialimeira.com.br\/news\/wp-json\/wp\/v2\/posts"}],"about":[{"href":"https:\/\/guialimeira.com.br\/news\/wp-json\/wp\/v2\/types\/post"}],"author":[{"embeddable":true,"href":"https:\/\/guialimeira.com.br\/news\/wp-json\/wp\/v2\/users\/1"}],"replies":[{"embeddable":true,"href":"https:\/\/guialimeira.com.br\/news\/wp-json\/wp\/v2\/comments?post=29629"}],"version-history":[{"count":1,"href":"https:\/\/guialimeira.com.br\/news\/wp-json\/wp\/v2\/posts\/29629\/revisions"}],"predecessor-version":[{"id":29631,"href":"https:\/\/guialimeira.com.br\/news\/wp-json\/wp\/v2\/posts\/29629\/revisions\/29631"}],"wp:featuredmedia":[{"embeddable":true,"href":"https:\/\/guialimeira.com.br\/news\/wp-json\/wp\/v2\/media\/29630"}],"wp:attachment":[{"href":"https:\/\/guialimeira.com.br\/news\/wp-json\/wp\/v2\/media?parent=29629"}],"wp:term":[{"taxonomy":"category","embeddable":true,"href":"https:\/\/guialimeira.com.br\/news\/wp-json\/wp\/v2\/categories?post=29629"},{"taxonomy":"post_tag","embeddable":true,"href":"https:\/\/guialimeira.com.br\/news\/wp-json\/wp\/v2\/tags?post=29629"}],"curies":[{"name":"wp","href":"https:\/\/api.w.org\/{rel}","templated":true}]}}