{"id":29624,"date":"2025-04-07T18:09:12","date_gmt":"2025-04-07T21:09:12","guid":{"rendered":"https:\/\/guialimeira.com.br\/?p=29624"},"modified":"2025-04-07T18:09:14","modified_gmt":"2025-04-07T21:09:14","slug":"agencia-municipal-de-empregos-de-limeira-amel-e-proposta-para-fortalecer-oportunidades-e-qualificacao-profissional","status":"publish","type":"post","link":"https:\/\/guialimeira.com.br\/news\/agencia-municipal-de-empregos-de-limeira-amel-e-proposta-para-fortalecer-oportunidades-e-qualificacao-profissional\/","title":{"rendered":"Ag\u00eancia Municipal de Empregos de Limeira (AMEL) \u00e9 proposta para fortalecer oportunidades e qualifica\u00e7\u00e3o profissional"},"content":{"rendered":"\n<p class=\"wp-block-paragraph\">A Prefeitura de Limeira, por meio de proposta encaminhada pelo prefeito Murilo F\u00e9lix, apresentou o Projeto de Lei que institui a <strong>Ag\u00eancia Municipal de Empregos de Limeira \u2013 AMEL<\/strong>, uma iniciativa que visa ampliar o acesso ao mercado de trabalho e promover a dignidade por meio da gera\u00e7\u00e3o de renda e qualifica\u00e7\u00e3o profissional.<\/p>\n\n\n\n<p class=\"wp-block-paragraph\">Vinculada \u00e0 Secretaria de Desenvolvimento, Turismo e Inova\u00e7\u00e3o, a AMEL nasce com o prop\u00f3sito de integrar programas e a\u00e7\u00f5es voltados \u00e0 empregabilidade e ao empreendedorismo. A ag\u00eancia atuar\u00e1 na intermedia\u00e7\u00e3o de m\u00e3o de obra, divulga\u00e7\u00e3o de vagas, realiza\u00e7\u00e3o de mutir\u00f5es de emprego e articula\u00e7\u00e3o com a iniciativa privada.<\/p>\n\n\n\n<p class=\"wp-block-paragraph\">Segundo o texto do projeto, a <strong>Ag\u00eancia Municipal de Empregos de Limeira<\/strong> ter\u00e1 como principais objetivos:<\/p>\n\n\n\n<ul class=\"wp-block-list\">\n<li>Centralizar informa\u00e7\u00f5es sobre oportunidades de trabalho no munic\u00edpio;<\/li>\n\n\n\n<li>Promover a integra\u00e7\u00e3o com a Escola do Trabalho para capacita\u00e7\u00e3o e qualifica\u00e7\u00e3o profissional;<\/li>\n\n\n\n<li>Apoiar pessoas em situa\u00e7\u00e3o de vulnerabilidade social;<\/li>\n\n\n\n<li>Estabelecer parcerias com \u00f3rg\u00e3os p\u00fablicos e privados, nacionais e internacionais.<\/li>\n<\/ul>\n\n\n\n<p class=\"wp-block-paragraph\">Al\u00e9m disso, a proposta prev\u00ea que a AMEL atue de forma ativa junto ao setor privado, buscando identificar vagas de emprego e, ao mesmo tempo, preparando os trabalhadores limeirenses para ocup\u00e1-las, por meio de cursos e capacita\u00e7\u00f5es voltadas \u00e0s demandas reais do mercado.<\/p>\n\n\n\n<p class=\"wp-block-paragraph\">Para tornar a ag\u00eancia uma realidade, o projeto autoriza o Executivo a firmar parcerias com os governos estadual e federal, al\u00e9m de institui\u00e7\u00f5es da sociedade civil e empresas privadas.<\/p>\n\n\n\n<p class=\"wp-block-paragraph\">A cria\u00e7\u00e3o da AMEL \u00e9, portanto, uma resposta concreta aos desafios enfrentados por muitos limeirenses em busca de emprego, especialmente jovens e adultos que desejam se reinserir no mercado de trabalho. Trata-se de uma pol\u00edtica p\u00fablica com potencial de transformar realidades, fortalecendo a economia local e promovendo a inclus\u00e3o.<\/p>\n\n\n\n<p class=\"wp-block-paragraph\">A iniciativa est\u00e1 em an\u00e1lise na C\u00e2mara Municipal e aguarda aprova\u00e7\u00e3o dos vereadores.<\/p>\n","protected":false},"excerpt":{"rendered":"<p>A Prefeitura de Limeira, por meio de proposta encaminhada pelo prefeito Murilo F\u00e9lix, apresentou o Projeto de Lei que institui a Ag\u00eancia Municipal de Empregos de Limeira \u2013 AMEL, uma iniciativa que visa ampliar o acesso ao mercado de trabalho e promover a dignidade por meio da gera\u00e7\u00e3o de renda e qualifica\u00e7\u00e3o profissional.<\/p>\n","protected":false},"author":1,"featured_media":29625,"comment_status":"open","ping_status":"open","sticky":false,"template":"","format":"standard","meta":{"_jetpack_newsletter_access":"","_jetpack_dont_email_post_to_subs":false,"_jetpack_newsletter_tier_id":0,"_jetpack_memberships_contains_paywalled_content":false,"_mbp_banners":[],"_jetpack_feature_clip_id":0,"_jetpack_memberships_contains_paid_content":false,"footnotes":"","jetpack_publicize_message":"","jetpack_publicize_feature_enabled":true,"jetpack_social_post_already_shared":true,"jetpack_social_options":{"image_generator_settings":{"template":"highway","default_image_id":0,"font":"","enabled":false},"version":2},"jetpack_post_was_ever_published":false},"categories":[17,16],"tags":[],"class_list":["post-29624","post","type-post","status-publish","format-standard","has-post-thumbnail","category-empregos","category-local"],"jetpack_publicize_connections":[],"jetpack-related-posts":[],"jetpack_shortlink":"https:\/\/wp.me\/p7Eq1F-7HO","jetpack_sharing_enabled":true,"jetpack_featured_media_url":"https:\/\/i0.wp.com\/guialimeira.com.br\/news\/wp-content\/uploads\/2025\/04\/agencia-emprego-municipal.jpg?fit=984%2C655&ssl=1","_links":{"self":[{"href":"https:\/\/guialimeira.com.br\/news\/wp-json\/wp\/v2\/posts\/29624","targetHints":{"allow":["GET"]}}],"collection":[{"href":"https:\/\/guialimeira.com.br\/news\/wp-json\/wp\/v2\/posts"}],"about":[{"href":"https:\/\/guialimeira.com.br\/news\/wp-json\/wp\/v2\/types\/post"}],"author":[{"embeddable":true,"href":"https:\/\/guialimeira.com.br\/news\/wp-json\/wp\/v2\/users\/1"}],"replies":[{"embeddable":true,"href":"https:\/\/guialimeira.com.br\/news\/wp-json\/wp\/v2\/comments?post=29624"}],"version-history":[{"count":1,"href":"https:\/\/guialimeira.com.br\/news\/wp-json\/wp\/v2\/posts\/29624\/revisions"}],"predecessor-version":[{"id":29626,"href":"https:\/\/guialimeira.com.br\/news\/wp-json\/wp\/v2\/posts\/29624\/revisions\/29626"}],"wp:featuredmedia":[{"embeddable":true,"href":"https:\/\/guialimeira.com.br\/news\/wp-json\/wp\/v2\/media\/29625"}],"wp:attachment":[{"href":"https:\/\/guialimeira.com.br\/news\/wp-json\/wp\/v2\/media?parent=29624"}],"wp:term":[{"taxonomy":"category","embeddable":true,"href":"https:\/\/guialimeira.com.br\/news\/wp-json\/wp\/v2\/categories?post=29624"},{"taxonomy":"post_tag","embeddable":true,"href":"https:\/\/guialimeira.com.br\/news\/wp-json\/wp\/v2\/tags?post=29624"}],"curies":[{"name":"wp","href":"https:\/\/api.w.org\/{rel}","templated":true}]}}