{"id":29621,"date":"2025-04-07T17:56:59","date_gmt":"2025-04-07T20:56:59","guid":{"rendered":"https:\/\/guialimeira.com.br\/?p=29621"},"modified":"2025-04-07T17:57:01","modified_gmt":"2025-04-07T20:57:01","slug":"projeto-de-lei-propoe-incentivo-ao-microempreendedorismo-de-vendas-em-garagens","status":"publish","type":"post","link":"https:\/\/guialimeira.com.br\/news\/projeto-de-lei-propoe-incentivo-ao-microempreendedorismo-de-vendas-em-garagens\/","title":{"rendered":"Projeto de Lei prop\u00f5e incentivo ao microempreendedorismo de vendas em garagens"},"content":{"rendered":"\n<p class=\"wp-block-paragraph\">Por meio do Projeto de Lei n\u00ba 63\/2025, de autoria do vereador <strong>Nilton Santos (Republicanos)<\/strong>, foi proposta a cria\u00e7\u00e3o de um programa de incentivo ao <strong>microempreendedorismo de vendas em garagens no munic\u00edpio de Limeira<\/strong>. A medida busca regulamentar e valorizar os pequenos neg\u00f3cios realizados em resid\u00eancias, promovendo inclus\u00e3o social, gera\u00e7\u00e3o de renda e oportunidades para quem deseja empreender com baixo custo.<\/p>\n\n\n\n<p class=\"wp-block-paragraph\">O projeto reconhece a import\u00e2ncia de atividades como a venda de roupas, artesanato, alimentos (seguindo as normas sanit\u00e1rias), objetos de segunda m\u00e3o e outros produtos, realizadas diretamente em garagens ou \u00e1reas residenciais. A pr\u00e1tica, bastante comum em bairros da cidade, passa agora a ter regras claras para garantir a seguran\u00e7a, a organiza\u00e7\u00e3o e o respeito ao espa\u00e7o p\u00fablico.<\/p>\n\n\n\n<h3 class=\"wp-block-heading\">Regras b\u00e1sicas para o funcionamento:<\/h3>\n\n\n\n<ul class=\"wp-block-list\">\n<li>As vendas devem ocorrer entre 9h e 20h, de segunda a s\u00e1bado;<\/li>\n\n\n\n<li>A atividade s\u00f3 poder\u00e1 acontecer no interior do im\u00f3vel ou \u00e1reas que n\u00e3o atrapalhem o passeio p\u00fablico;<\/li>\n\n\n\n<li>O respons\u00e1vel pela venda precisa estar formalizado como Microempreendedor Individual (MEI);<\/li>\n\n\n\n<li>Os espa\u00e7os devem ser limpos, organizados e n\u00e3o gerar impactos ao tr\u00e2nsito local.<\/li>\n<\/ul>\n\n\n\n<h3 class=\"wp-block-heading\">Programa de Apoio ao Microempreendedor<\/h3>\n\n\n\n<p class=\"wp-block-paragraph\">A proposta ainda prev\u00ea a cria\u00e7\u00e3o de um programa espec\u00edfico de apoio aos vendedores de garagem. Entre as a\u00e7\u00f5es previstas est\u00e3o:<\/p>\n\n\n\n<ul class=\"wp-block-list\">\n<li>Cursos de capacita\u00e7\u00e3o sobre gest\u00e3o, marketing e vendas;<\/li>\n\n\n\n<li>Facilita\u00e7\u00e3o da formaliza\u00e7\u00e3o como MEI;<\/li>\n\n\n\n<li>Organiza\u00e7\u00e3o de feiras e eventos voltados ao pequeno empreendedor;<\/li>\n\n\n\n<li>Possibilidade de isen\u00e7\u00e3o de taxas municipais para quem estiver dentro das regras.<\/li>\n<\/ul>\n\n\n\n<p class=\"wp-block-paragraph\">Al\u00e9m disso, o projeto prop\u00f5e facilitar o acesso ao cr\u00e9dito e ao financiamento para aqueles que desejam expandir suas atividades e transformar a venda de garagem em um neg\u00f3cio sustent\u00e1vel e lucrativo.<\/p>\n\n\n\n<h3 class=\"wp-block-heading\">Por que isso importa?<\/h3>\n\n\n\n<p class=\"wp-block-paragraph\">O projeto dialoga com a realidade de muitas fam\u00edlias limeirenses que enfrentam dificuldades para conseguir emprego formal. Com apoio e regulamenta\u00e7\u00e3o, essas atividades deixam de ser apenas uma alternativa de sobreviv\u00eancia para se tornarem parte da economia ativa da cidade.<\/p>\n\n\n\n<p class=\"wp-block-paragraph\">\u201cEste \u00e9 um passo importante para reconhecer o potencial empreendedor de muitos cidad\u00e3os que transformam suas garagens em verdadeiras vitrines de trabalho e criatividade\u201d, destaca o autor da proposta, <strong>vereador Nilton Santos<\/strong>.<\/p>\n\n\n\n<p class=\"wp-block-paragraph\">Com o avan\u00e7o do projeto, Limeira se posiciona como uma cidade que valoriza o pequeno empreendedor e incentiva formas sustent\u00e1veis de gera\u00e7\u00e3o de renda e inclus\u00e3o social.<\/p>\n","protected":false},"excerpt":{"rendered":"<p>Por meio do Projeto de Lei n\u00ba 63\/2025, de autoria do vereador Nilton Santos (Republicanos), foi proposta a cria\u00e7\u00e3o de um programa de incentivo ao microempreendedorismo de vendas em garagens no munic\u00edpio de Limeira. A medida busca regulamentar e valorizar os pequenos neg\u00f3cios realizados em resid\u00eancias, promovendo inclus\u00e3o social, gera\u00e7\u00e3o de renda e oportunidades para quem deseja empreender com baixo custo.<\/p>\n","protected":false},"author":1,"featured_media":29622,"comment_status":"open","ping_status":"open","sticky":false,"template":"","format":"standard","meta":{"_jetpack_newsletter_access":"","_jetpack_dont_email_post_to_subs":false,"_jetpack_newsletter_tier_id":0,"_jetpack_memberships_contains_paywalled_content":false,"_mbp_banners":[],"_jetpack_feature_clip_id":0,"_jetpack_memberships_contains_paid_content":false,"footnotes":"","jetpack_publicize_message":"","jetpack_publicize_feature_enabled":true,"jetpack_social_post_already_shared":true,"jetpack_social_options":{"image_generator_settings":{"template":"highway","default_image_id":0,"font":"","enabled":false},"version":2},"jetpack_post_was_ever_published":false},"categories":[19],"tags":[],"class_list":["post-29621","post","type-post","status-publish","format-standard","has-post-thumbnail","category-politica"],"jetpack_publicize_connections":[],"jetpack-related-posts":[],"jetpack_shortlink":"https:\/\/wp.me\/p7Eq1F-7HL","jetpack_sharing_enabled":true,"jetpack_featured_media_url":"https:\/\/i0.wp.com\/guialimeira.com.br\/news\/wp-content\/uploads\/2025\/04\/nilton-santos_1.jpg?fit=1280%2C640&ssl=1","_links":{"self":[{"href":"https:\/\/guialimeira.com.br\/news\/wp-json\/wp\/v2\/posts\/29621","targetHints":{"allow":["GET"]}}],"collection":[{"href":"https:\/\/guialimeira.com.br\/news\/wp-json\/wp\/v2\/posts"}],"about":[{"href":"https:\/\/guialimeira.com.br\/news\/wp-json\/wp\/v2\/types\/post"}],"author":[{"embeddable":true,"href":"https:\/\/guialimeira.com.br\/news\/wp-json\/wp\/v2\/users\/1"}],"replies":[{"embeddable":true,"href":"https:\/\/guialimeira.com.br\/news\/wp-json\/wp\/v2\/comments?post=29621"}],"version-history":[{"count":1,"href":"https:\/\/guialimeira.com.br\/news\/wp-json\/wp\/v2\/posts\/29621\/revisions"}],"predecessor-version":[{"id":29623,"href":"https:\/\/guialimeira.com.br\/news\/wp-json\/wp\/v2\/posts\/29621\/revisions\/29623"}],"wp:featuredmedia":[{"embeddable":true,"href":"https:\/\/guialimeira.com.br\/news\/wp-json\/wp\/v2\/media\/29622"}],"wp:attachment":[{"href":"https:\/\/guialimeira.com.br\/news\/wp-json\/wp\/v2\/media?parent=29621"}],"wp:term":[{"taxonomy":"category","embeddable":true,"href":"https:\/\/guialimeira.com.br\/news\/wp-json\/wp\/v2\/categories?post=29621"},{"taxonomy":"post_tag","embeddable":true,"href":"https:\/\/guialimeira.com.br\/news\/wp-json\/wp\/v2\/tags?post=29621"}],"curies":[{"name":"wp","href":"https:\/\/api.w.org\/{rel}","templated":true}]}}